{"id":7580,"date":"2023-05-07T11:07:41","date_gmt":"2023-05-07T10:07:41","guid":{"rendered":"https:\/\/blogsaverroes.juntadeandalucia.es\/colesanjuandelacruz\/?p=7580"},"modified":"2023-05-07T11:11:02","modified_gmt":"2023-05-07T10:11:02","slug":"concurso-de-rne","status":"publish","type":"post","link":"https:\/\/blogsaverroes.juntadeandalucia.es\/colesanjuandelacruz\/concurso-de-rne\/","title":{"rendered":"Concurso de RNE"},"content":{"rendered":"<p>\u00a1Emocionante noticia desde el Colegio San Juan de la Cruz de C\u00f3rdoba! Nos complace anunciar que hemos presentado nuestro incre\u00edble proyecto de radio, llamado \u00ab<a href=\"https:\/\/blogsaverroes.juntadeandalucia.es\/radiopatio\/\" target=\"_blank\" rel=\"noopener noreferrer\">Radio Patio<\/a>\u00ab, al prestigioso concurso de Radio Nacional de Espa\u00f1a. Hemos elegido 4 de los podcast que hemos creado ya en \u00ab<a href=\"https:\/\/blogsaverroes.juntadeandalucia.es\/radiopatio\/\" target=\"_blank\" rel=\"noopener noreferrer\">Radio Patio<\/a>\u00bb:<\/p>\n<ul>\n<li><a href=\"https:\/\/www.eloquenze.com\/stations\/iii-concurso-nacional-de-podcast-escolar\/posts\/el-ajedrez\" target=\"_blank\" rel=\"noopener noreferrer\">El Ajedrez<\/a>: Carlos nuestro profesor de religi\u00f3n isl\u00e1mica y \u00abmaestro\u00bb del ajedrez en el colegio, propuso a varios alumnos de 5\u00ba de primaria que hablaran sobre el ajedrez. Aqu\u00ed ten\u00e9is el resultado.<\/li>\n<li><a href=\"https:\/\/www.eloquenze.com\/stations\/iii-concurso-nacional-de-podcast-escolar\/posts\/que-pasaria-si\" target=\"_blank\" rel=\"noopener noreferrer\">\u00bfQu\u00e9 pasar\u00eda s\u00ed&#8230;?<\/a>: En este caso, Andr\u00e9s uno de los monitores del Taller de Radio propuso este formato de programa, \u00bfQue pasar\u00eda s\u00ed&#8230; todos hici\u00e9semos lo correcto. Los alumnos de 6\u00ba de primaria debaten y charlan sobre las repercusiones que ello tendr\u00eda.<\/li>\n<li><a href=\"https:\/\/www.eloquenze.com\/stations\/iii-concurso-nacional-de-podcast-escolar\/posts\/historias-locas\" target=\"_blank\" rel=\"noopener noreferrer\">Historias locas<\/a>: Los alumnos de 3\u00ba de primaria. Cada ni\u00f1o ha tenido la oportunidad de contribuir con una frase para la historia, lo que ha resultado en una trama divertida, improvisada y emocionante. Gracias a Andr\u00e9s y Paula por su trabajo.<\/li>\n<li><a href=\"https:\/\/www.eloquenze.com\/stations\/iii-concurso-nacional-de-podcast-escolar\/posts\/humor\" target=\"_blank\" rel=\"noopener noreferrer\">Humor<\/a>: Los alumnos de 4\u00ba de primaria, cuentan chistes e historias divertidas. Gracias a los monitores del taller del Radio Patio.<\/li>\n<\/ul>\n<p>Nuestro equipo de alumnos, profesores y monitores del taller de radio ha estado trabajando arduamente en la creaci\u00f3n y edici\u00f3n de una amplia variedad de podcast, abordando temas interesantes y relevantes para nuestra comunidad educativa. Desde debates apasionantes hasta entrevistas enriquecedoras, los programas de \u00ab<a href=\"https:\/\/blogsaverroes.juntadeandalucia.es\/radiopatio\/\" target=\"_blank\" rel=\"noopener noreferrer\">Radio Patio<\/a>\u00bb se han convertido en una plataforma vibrante y educativa que busca informar, entretener y conectar a todos los miembros de nuestra instituci\u00f3n.<\/p>\n<p>La participaci\u00f3n en el concurso de Radio Nacional de Espa\u00f1a representa un hito significativo para nuestro proyecto, ya que nos brinda la oportunidad de mostrar nuestro talento y dedicaci\u00f3n a nivel nacional. Estamos entusiasmados con la posibilidad de destacar entre otros proyectos de radio y compartir nuestras producciones con una audiencia a\u00fan m\u00e1s amplia.<\/p>\n<p>Su entusiasmo y participaci\u00f3n activa nos impulsan a seguir creando contenido de calidad y a fomentar el esp\u00edritu de colaboraci\u00f3n que nos define como comunidad educativa.<\/p>\n<p>Mant\u00e9nganse atentos a las actualizaciones, ya que pronto seguimos incluyendo nuevos PodCast a \u00ab<a href=\"https:\/\/blogsaverroes.juntadeandalucia.es\/radiopatio\/\" target=\"_blank\" rel=\"noopener noreferrer\">Radio Patio<\/a>\u00ab.<\/p>\n<p>\u00a1Sintonicen \u00ab<a href=\"https:\/\/blogsaverroes.juntadeandalucia.es\/radiopatio\/\" target=\"_blank\" rel=\"noopener noreferrer\">Radio Patio<\/a>\u00bb y prep\u00e1rense para disfrutar de una experiencia auditiva inolvidable!<\/p>\n","protected":false},"excerpt":{"rendered":"<p>\u00a1Emocionante noticia desde el Colegio San Juan de la Cruz de C\u00f3rdoba! Nos complace anunciar que hemos presentado nuestro incre\u00edble proyecto de radio, llamado \u00abRadio Patio\u00ab, al prestigioso concurso de Radio Nacional de Espa\u00f1a.&#46;&#46;&#46;<\/p>\n","protected":false},"author":7619,"featured_media":7583,"comment_status":"open","ping_status":"open","sticky":false,"template":"","format":"standard","meta":{"ngg_post_thumbnail":0,"footnotes":""},"categories":[32,1043452,1043459],"tags":[],"aioseo_notices":[],"_links":{"self":[{"href":"https:\/\/blogsaverroes.juntadeandalucia.es\/colesanjuandelacruz\/wp-json\/wp\/v2\/posts\/7580"}],"collection":[{"href":"https:\/\/blogsaverroes.juntadeandalucia.es\/colesanjuandelacruz\/wp-json\/wp\/v2\/posts"}],"about":[{"href":"https:\/\/blogsaverroes.juntadeandalucia.es\/colesanjuandelacruz\/wp-json\/wp\/v2\/types\/post"}],"author":[{"embeddable":true,"href":"https:\/\/blogsaverroes.juntadeandalucia.es\/colesanjuandelacruz\/wp-json\/wp\/v2\/users\/7619"}],"replies":[{"embeddable":true,"href":"https:\/\/blogsaverroes.juntadeandalucia.es\/colesanjuandelacruz\/wp-json\/wp\/v2\/comments?post=7580"}],"version-history":[{"count":1,"href":"https:\/\/blogsaverroes.juntadeandalucia.es\/colesanjuandelacruz\/wp-json\/wp\/v2\/posts\/7580\/revisions"}],"predecessor-version":[{"id":7582,"href":"https:\/\/blogsaverroes.juntadeandalucia.es\/colesanjuandelacruz\/wp-json\/wp\/v2\/posts\/7580\/revisions\/7582"}],"wp:featuredmedia":[{"embeddable":true,"href":"https:\/\/blogsaverroes.juntadeandalucia.es\/colesanjuandelacruz\/wp-json\/wp\/v2\/media\/7583"}],"wp:attachment":[{"href":"https:\/\/blogsaverroes.juntadeandalucia.es\/colesanjuandelacruz\/wp-json\/wp\/v2\/media?parent=7580"}],"wp:term":[{"taxonomy":"category","embeddable":true,"href":"https:\/\/blogsaverroes.juntadeandalucia.es\/colesanjuandelacruz\/wp-json\/wp\/v2\/categories?post=7580"},{"taxonomy":"post_tag","embeddable":true,"href":"https:\/\/blogsaverroes.juntadeandalucia.es\/colesanjuandelacruz\/wp-json\/wp\/v2\/tags?post=7580"}],"curies":[{"name":"wp","href":"https:\/\/api.w.org\/{rel}","templated":true}]}}