{"id":7680,"date":"2023-09-12T22:47:53","date_gmt":"2023-09-12T21:47:53","guid":{"rendered":"https:\/\/blogsaverroes.juntadeandalucia.es\/colesanjuandelacruz\/?p=7680"},"modified":"2025-06-06T10:51:00","modified_gmt":"2025-06-06T09:51:00","slug":"menu-escolar-23_24","status":"publish","type":"post","link":"https:\/\/blogsaverroes.juntadeandalucia.es\/colesanjuandelacruz\/menu-escolar-23_24\/","title":{"rendered":"Men\u00fas Escolares 24_25"},"content":{"rendered":"<p>Aqu\u00ed os iremos dejando los men\u00fas por meses del nuestro comedor escolar:<\/p>\n<h2 style=\"text-align: center\">Septiembre_24.<\/h2>\n<p style=\"text-align: center\">&nbsp;<iframe loading=\"lazy\" src=\"https:\/\/drive.google.com\/file\/d\/1rHLkJGfoZapB2k60219Ni23NmRczqs5T\/preview\" width=\"640\" height=\"480\"><\/iframe><\/p>\n<h2 style=\"text-align: center\">Octubre_24.<\/h2>\n<p style=\"text-align: center\"><iframe loading=\"lazy\" src=\"https:\/\/drive.google.com\/file\/d\/1UQN07YeiWNdTcuffHSdFIViXqVaSrwNN\/preview\" width=\"640\" height=\"480\"><\/iframe>&nbsp;<\/p>\n<h2 style=\"text-align: center\">Noviembre_24<\/h2>\n<p style=\"text-align: center\"><iframe loading=\"lazy\" src=\"https:\/\/drive.google.com\/file\/d\/1fClgF3ZgH9pxqlaVdiKg_Qz9tIPTf5a0\/preview\" width=\"640\" height=\"480\"><\/iframe>&nbsp;<\/p>\n<h2 style=\"text-align: center\">Diciembre_24 &#8211; Enero_25<\/h2>\n<p style=\"text-align: center\"><iframe loading=\"lazy\" src=\"https:\/\/drive.google.com\/file\/d\/1feWd99fkBAkysgd2wCDQ1xlrDVie2lw1\/preview\" width=\"640\" height=\"480\"><\/iframe>&nbsp;<\/p>\n<h2 style=\"text-align: center\">Enero_Febrero_25<\/h2>\n<p style=\"text-align: center\"><iframe loading=\"lazy\" src=\"https:\/\/drive.google.com\/file\/d\/1kLL2tcax3f0rKF-2PKi8uP5QHITX5YZx\/preview\" width=\"640\" height=\"480\"><\/iframe>&nbsp;<\/p>\n<h2 style=\"text-align: center\">Febrero_Marzo_25<\/h2>\n<p style=\"text-align: center\"><iframe loading=\"lazy\" src=\"https:\/\/drive.google.com\/file\/d\/1mStQiotp5hGW3Q0yJEM9r8je9CkFm5LU\/preview\" width=\"640\" height=\"480\"><\/iframe>&nbsp;<\/p>\n<h2 style=\"text-align: center\">Marzo_Abril_25<\/h2>\n<p style=\"text-align: center\"><iframe loading=\"lazy\" src=\"https:\/\/drive.google.com\/file\/d\/1w5PWxbrsrOE_EBeu__ZSA49Q_wrVxfKr\/preview\" width=\"640\" height=\"480\"><\/iframe>&nbsp;<\/p>\n<h2 style=\"text-align: center\">Abril_Mayo_25<\/h2>\n<p style=\"text-align: center\"><iframe loading=\"lazy\" src=\"https:\/\/drive.google.com\/file\/d\/1hvd41PQbiez_M_mx8-RCMscK1vGzjbzw\/preview\" width=\"640\" height=\"480\"><\/iframe>&nbsp;<\/p>\n<h2 style=\"text-align: center\">Mayo_Junio_25<\/h2>\n<p style=\"text-align: center\"><iframe loading=\"lazy\" src=\"https:\/\/drive.google.com\/file\/d\/1QlmuWVI2_Qgd46djXLI32YsrmQqX5-hl\/preview\" width=\"640\" height=\"480\"><\/iframe>&nbsp;<\/p>\n<h2 style=\"text-align: center\">Junio_24<\/h2>\n<p style=\"text-align: center\"><iframe loading=\"lazy\" src=\"https:\/\/drive.google.com\/file\/d\/1MqbD2Pl5Ueg1R43jeKdUmyB1Mjzb26dC\/preview\" width=\"640\" height=\"480\"><\/iframe>&nbsp;<\/p>\n","protected":false},"excerpt":{"rendered":"<p>Aqu\u00ed os iremos dejando los men\u00fas por meses del nuestro comedor escolar: Septiembre_24. &nbsp; Octubre_24. &nbsp; Noviembre_24 &nbsp; Diciembre_24 &#8211; Enero_25 &nbsp; Enero_Febrero_25 &nbsp; Febrero_Marzo_25 &nbsp; Marzo_Abril_25 &nbsp; Abril_Mayo_25 &nbsp; Mayo_Junio_25 &nbsp; Junio_24 &nbsp;<\/p>\n","protected":false},"author":7619,"featured_media":0,"comment_status":"open","ping_status":"open","sticky":false,"template":"","format":"standard","meta":{"ngg_post_thumbnail":0,"footnotes":""},"categories":[11909],"tags":[],"aioseo_notices":[],"_links":{"self":[{"href":"https:\/\/blogsaverroes.juntadeandalucia.es\/colesanjuandelacruz\/wp-json\/wp\/v2\/posts\/7680"}],"collection":[{"href":"https:\/\/blogsaverroes.juntadeandalucia.es\/colesanjuandelacruz\/wp-json\/wp\/v2\/posts"}],"about":[{"href":"https:\/\/blogsaverroes.juntadeandalucia.es\/colesanjuandelacruz\/wp-json\/wp\/v2\/types\/post"}],"author":[{"embeddable":true,"href":"https:\/\/blogsaverroes.juntadeandalucia.es\/colesanjuandelacruz\/wp-json\/wp\/v2\/users\/7619"}],"replies":[{"embeddable":true,"href":"https:\/\/blogsaverroes.juntadeandalucia.es\/colesanjuandelacruz\/wp-json\/wp\/v2\/comments?post=7680"}],"version-history":[{"count":22,"href":"https:\/\/blogsaverroes.juntadeandalucia.es\/colesanjuandelacruz\/wp-json\/wp\/v2\/posts\/7680\/revisions"}],"predecessor-version":[{"id":8379,"href":"https:\/\/blogsaverroes.juntadeandalucia.es\/colesanjuandelacruz\/wp-json\/wp\/v2\/posts\/7680\/revisions\/8379"}],"wp:attachment":[{"href":"https:\/\/blogsaverroes.juntadeandalucia.es\/colesanjuandelacruz\/wp-json\/wp\/v2\/media?parent=7680"}],"wp:term":[{"taxonomy":"category","embeddable":true,"href":"https:\/\/blogsaverroes.juntadeandalucia.es\/colesanjuandelacruz\/wp-json\/wp\/v2\/categories?post=7680"},{"taxonomy":"post_tag","embeddable":true,"href":"https:\/\/blogsaverroes.juntadeandalucia.es\/colesanjuandelacruz\/wp-json\/wp\/v2\/tags?post=7680"}],"curies":[{"name":"wp","href":"https:\/\/api.w.org\/{rel}","templated":true}]}}