{"id":1096,"date":"2023-02-02T10:27:59","date_gmt":"2023-02-02T09:27:59","guid":{"rendered":"https:\/\/blogsaverroes.juntadeandalucia.es\/condesadelasquemadas\/?p=1096"},"modified":"2023-02-07T22:10:02","modified_gmt":"2023-02-07T21:10:02","slug":"dia-de-la-paz","status":"publish","type":"post","link":"https:\/\/blogsaverroes.juntadeandalucia.es\/condesadelasquemadas\/dia-de-la-paz\/","title":{"rendered":"D\u00eda de la Paz"},"content":{"rendered":"<p><span style=\"color: #000000\">El pasado lunes celebramos el <strong>D\u00eda Internacional de la Paz<\/strong> en el centro, para lo cual nuestro alumnado hizo varias cometas con s\u00edmbolos representativos de la paz.<\/span><\/p>\n<p><span style=\"color: #000000\">Posteriormente en el patio se procedi\u00f3 a presentar al alumnado mediador de 5\u00ba y 6\u00ba que una vez finalizada su formaci\u00f3n empezar\u00e1 a actuar en los recreos o en cualquier situaci\u00f3n donde se les necesite.<\/span><\/p>\n<p><span style=\"color: #000000\">Dentro del programa Aula Djaque los diferentes cursos leyeron unos manifiestos dentro de las piezas del ajedrez con el lema &#8220;Enr\u00f3cate por la paz&#8221;.<\/span><\/p>\n<p><span style=\"color: #000000\">Para terminar realizamos una suelta de palomas, s\u00edmbolo de la paz, con la ayuda del alumnado del aula TEA. Y por \u00faltimo, cantamos y bailamos canciones muy emotivas.<\/span><\/p>\n<p><img loading=\"lazy\" decoding=\"async\" class=\" wp-image-1093 aligncenter\" src=\"https:\/\/blogsaverroes.juntadeandalucia.es\/condesadelasquemadas\/files\/2023\/01\/20230130_111834-169x300.jpg\" alt=\"\" width=\"176\" height=\"312\" srcset=\"https:\/\/blogsaverroes.juntadeandalucia.es\/condesadelasquemadas\/files\/2023\/01\/20230130_111834-169x300.jpg 169w, https:\/\/blogsaverroes.juntadeandalucia.es\/condesadelasquemadas\/files\/2023\/01\/20230130_111834-576x1024.jpg 576w, https:\/\/blogsaverroes.juntadeandalucia.es\/condesadelasquemadas\/files\/2023\/01\/20230130_111834-768x1366.jpg 768w, https:\/\/blogsaverroes.juntadeandalucia.es\/condesadelasquemadas\/files\/2023\/01\/20230130_111834-863x1536.jpg 863w, https:\/\/blogsaverroes.juntadeandalucia.es\/condesadelasquemadas\/files\/2023\/01\/20230130_111834-1151x2048.jpg 1151w, https:\/\/blogsaverroes.juntadeandalucia.es\/condesadelasquemadas\/files\/2023\/01\/20230130_111834-scaled.jpg 1439w\" sizes=\"(max-width: 176px) 100vw, 176px\" \/><img loading=\"lazy\" decoding=\"async\" class=\"size-medium wp-image-1092 aligncenter\" src=\"https:\/\/blogsaverroes.juntadeandalucia.es\/condesadelasquemadas\/files\/2023\/01\/20230130_111845-169x300.jpg\" alt=\"\" width=\"169\" height=\"300\" srcset=\"https:\/\/blogsaverroes.juntadeandalucia.es\/condesadelasquemadas\/files\/2023\/01\/20230130_111845-169x300.jpg 169w, https:\/\/blogsaverroes.juntadeandalucia.es\/condesadelasquemadas\/files\/2023\/01\/20230130_111845-576x1024.jpg 576w, https:\/\/blogsaverroes.juntadeandalucia.es\/condesadelasquemadas\/files\/2023\/01\/20230130_111845-768x1366.jpg 768w, https:\/\/blogsaverroes.juntadeandalucia.es\/condesadelasquemadas\/files\/2023\/01\/20230130_111845-863x1536.jpg 863w, https:\/\/blogsaverroes.juntadeandalucia.es\/condesadelasquemadas\/files\/2023\/01\/20230130_111845-1151x2048.jpg 1151w, https:\/\/blogsaverroes.juntadeandalucia.es\/condesadelasquemadas\/files\/2023\/01\/20230130_111845-scaled.jpg 1439w\" sizes=\"(max-width: 169px) 100vw, 169px\" \/><img loading=\"lazy\" decoding=\"async\" class=\"size-medium wp-image-1091 aligncenter\" src=\"https:\/\/blogsaverroes.juntadeandalucia.es\/condesadelasquemadas\/files\/2023\/01\/20230130_111856-169x300.jpg\" alt=\"\" width=\"169\" height=\"300\" srcset=\"https:\/\/blogsaverroes.juntadeandalucia.es\/condesadelasquemadas\/files\/2023\/01\/20230130_111856-169x300.jpg 169w, https:\/\/blogsaverroes.juntadeandalucia.es\/condesadelasquemadas\/files\/2023\/01\/20230130_111856-576x1024.jpg 576w, https:\/\/blogsaverroes.juntadeandalucia.es\/condesadelasquemadas\/files\/2023\/01\/20230130_111856-768x1366.jpg 768w, https:\/\/blogsaverroes.juntadeandalucia.es\/condesadelasquemadas\/files\/2023\/01\/20230130_111856-863x1536.jpg 863w, https:\/\/blogsaverroes.juntadeandalucia.es\/condesadelasquemadas\/files\/2023\/01\/20230130_111856-1151x2048.jpg 1151w, https:\/\/blogsaverroes.juntadeandalucia.es\/condesadelasquemadas\/files\/2023\/01\/20230130_111856-scaled-400x711.jpg 400w, https:\/\/blogsaverroes.juntadeandalucia.es\/condesadelasquemadas\/files\/2023\/01\/20230130_111856-scaled.jpg 1439w\" sizes=\"(max-width: 169px) 100vw, 169px\" \/><img loading=\"lazy\" decoding=\"async\" class=\"size-medium wp-image-1090 aligncenter\" src=\"https:\/\/blogsaverroes.juntadeandalucia.es\/condesadelasquemadas\/files\/2023\/01\/20230130_111905-169x300.jpg\" alt=\"\" width=\"169\" height=\"300\" srcset=\"https:\/\/blogsaverroes.juntadeandalucia.es\/condesadelasquemadas\/files\/2023\/01\/20230130_111905-169x300.jpg 169w, https:\/\/blogsaverroes.juntadeandalucia.es\/condesadelasquemadas\/files\/2023\/01\/20230130_111905-576x1024.jpg 576w, https:\/\/blogsaverroes.juntadeandalucia.es\/condesadelasquemadas\/files\/2023\/01\/20230130_111905-768x1366.jpg 768w, https:\/\/blogsaverroes.juntadeandalucia.es\/condesadelasquemadas\/files\/2023\/01\/20230130_111905-863x1536.jpg 863w, https:\/\/blogsaverroes.juntadeandalucia.es\/condesadelasquemadas\/files\/2023\/01\/20230130_111905-1151x2048.jpg 1151w, https:\/\/blogsaverroes.juntadeandalucia.es\/condesadelasquemadas\/files\/2023\/01\/20230130_111905-scaled.jpg 1439w\" sizes=\"(max-width: 169px) 100vw, 169px\" \/><\/p>\n<p>&nbsp;<\/p>\n<p><img loading=\"lazy\" decoding=\"async\" class=\"size-medium wp-image-1097 aligncenter\" src=\"https:\/\/blogsaverroes.juntadeandalucia.es\/condesadelasquemadas\/files\/2023\/02\/20230202_102145-300x169.jpg\" alt=\"\" width=\"300\" height=\"169\" srcset=\"https:\/\/blogsaverroes.juntadeandalucia.es\/condesadelasquemadas\/files\/2023\/02\/20230202_102145-300x169.jpg 300w, https:\/\/blogsaverroes.juntadeandalucia.es\/condesadelasquemadas\/files\/2023\/02\/20230202_102145-1024x576.jpg 1024w, https:\/\/blogsaverroes.juntadeandalucia.es\/condesadelasquemadas\/files\/2023\/02\/20230202_102145-768x432.jpg 768w, https:\/\/blogsaverroes.juntadeandalucia.es\/condesadelasquemadas\/files\/2023\/02\/20230202_102145-1536x863.jpg 1536w, https:\/\/blogsaverroes.juntadeandalucia.es\/condesadelasquemadas\/files\/2023\/02\/20230202_102145-2048x1151.jpg 2048w\" sizes=\"(max-width: 300px) 100vw, 300px\" \/><\/p>\n","protected":false},"excerpt":{"rendered":"<p>El pasado lunes celebramos el D\u00eda Internacional de la Paz en el centro, para lo cual nuestro alumnado hizo varias cometas con s\u00edmbolos representativos de la paz. Posteriormente en el patio se procedi\u00f3 a presentar al alumnado mediador de 5\u00ba y 6\u00ba que una vez finalizada su formaci\u00f3n empezar\u00e1 a actuar en los recreos o [&hellip;]<\/p>\n","protected":false},"author":15404,"featured_media":1091,"comment_status":"closed","ping_status":"open","sticky":false,"template":"","format":"standard","meta":{"ngg_post_thumbnail":0,"footnotes":""},"categories":[1],"tags":[],"aioseo_notices":[],"_links":{"self":[{"href":"https:\/\/blogsaverroes.juntadeandalucia.es\/condesadelasquemadas\/wp-json\/wp\/v2\/posts\/1096"}],"collection":[{"href":"https:\/\/blogsaverroes.juntadeandalucia.es\/condesadelasquemadas\/wp-json\/wp\/v2\/posts"}],"about":[{"href":"https:\/\/blogsaverroes.juntadeandalucia.es\/condesadelasquemadas\/wp-json\/wp\/v2\/types\/post"}],"author":[{"embeddable":true,"href":"https:\/\/blogsaverroes.juntadeandalucia.es\/condesadelasquemadas\/wp-json\/wp\/v2\/users\/15404"}],"replies":[{"embeddable":true,"href":"https:\/\/blogsaverroes.juntadeandalucia.es\/condesadelasquemadas\/wp-json\/wp\/v2\/comments?post=1096"}],"version-history":[{"count":3,"href":"https:\/\/blogsaverroes.juntadeandalucia.es\/condesadelasquemadas\/wp-json\/wp\/v2\/posts\/1096\/revisions"}],"predecessor-version":[{"id":1102,"href":"https:\/\/blogsaverroes.juntadeandalucia.es\/condesadelasquemadas\/wp-json\/wp\/v2\/posts\/1096\/revisions\/1102"}],"wp:featuredmedia":[{"embeddable":true,"href":"https:\/\/blogsaverroes.juntadeandalucia.es\/condesadelasquemadas\/wp-json\/wp\/v2\/media\/1091"}],"wp:attachment":[{"href":"https:\/\/blogsaverroes.juntadeandalucia.es\/condesadelasquemadas\/wp-json\/wp\/v2\/media?parent=1096"}],"wp:term":[{"taxonomy":"category","embeddable":true,"href":"https:\/\/blogsaverroes.juntadeandalucia.es\/condesadelasquemadas\/wp-json\/wp\/v2\/categories?post=1096"},{"taxonomy":"post_tag","embeddable":true,"href":"https:\/\/blogsaverroes.juntadeandalucia.es\/condesadelasquemadas\/wp-json\/wp\/v2\/tags?post=1096"}],"curies":[{"name":"wp","href":"https:\/\/api.w.org\/{rel}","templated":true}]}}