{"id":1121,"date":"2023-04-17T11:00:25","date_gmt":"2023-04-17T10:00:25","guid":{"rendered":"https:\/\/blogsaverroes.juntadeandalucia.es\/condesadelasquemadas\/?p=1121"},"modified":"2023-04-17T11:03:20","modified_gmt":"2023-04-17T10:03:20","slug":"dia-de-convivencia","status":"publish","type":"post","link":"https:\/\/blogsaverroes.juntadeandalucia.es\/condesadelasquemadas\/dia-de-convivencia\/","title":{"rendered":"D\u00eda de convivencia."},"content":{"rendered":"<p>Estimadas familias:<\/p>\n<p>Con motivo de 50 aniversario del centro hemos organizado un d\u00eda de convivencia para toda la comunidad escolar, en el tr\u00edptico que adjuntamos viene toda la informaci\u00f3n, si pinch\u00e1is en lo subrayado encontrareis informaci\u00f3n m\u00e1s detallada. Esperamos vuestra asistencia, as\u00ed como la del antiguo alumnado, profesorado, familias&#8230;<\/p>\n<p>Recibid un cordial saludo.<\/p>\n<p><a href=\"https:\/\/blogsaverroes.juntadeandalucia.es\/condesadelasquemadas\/files\/2023\/04\/Tr\u00edptico_semana_cultural.pdf\">Tr\u00edptico_semana_cultural<\/a><\/p>\n","protected":false},"excerpt":{"rendered":"<p>Estimadas familias: Con motivo de 50 aniversario del centro hemos organizado un d\u00eda de convivencia para toda la comunidad escolar, en el tr\u00edptico que adjuntamos viene toda la informaci\u00f3n, si pinch\u00e1is en lo subrayado encontrareis informaci\u00f3n m\u00e1s detallada. Esperamos vuestra asistencia, as\u00ed como la del antiguo alumnado, profesorado, familias&#8230; Recibid un cordial saludo. Tr\u00edptico_semana_cultural<\/p>\n","protected":false},"author":15404,"featured_media":0,"comment_status":"closed","ping_status":"open","sticky":false,"template":"","format":"gallery","meta":{"ngg_post_thumbnail":0,"footnotes":""},"categories":[1],"tags":[],"aioseo_notices":[],"_links":{"self":[{"href":"https:\/\/blogsaverroes.juntadeandalucia.es\/condesadelasquemadas\/wp-json\/wp\/v2\/posts\/1121"}],"collection":[{"href":"https:\/\/blogsaverroes.juntadeandalucia.es\/condesadelasquemadas\/wp-json\/wp\/v2\/posts"}],"about":[{"href":"https:\/\/blogsaverroes.juntadeandalucia.es\/condesadelasquemadas\/wp-json\/wp\/v2\/types\/post"}],"author":[{"embeddable":true,"href":"https:\/\/blogsaverroes.juntadeandalucia.es\/condesadelasquemadas\/wp-json\/wp\/v2\/users\/15404"}],"replies":[{"embeddable":true,"href":"https:\/\/blogsaverroes.juntadeandalucia.es\/condesadelasquemadas\/wp-json\/wp\/v2\/comments?post=1121"}],"version-history":[{"count":2,"href":"https:\/\/blogsaverroes.juntadeandalucia.es\/condesadelasquemadas\/wp-json\/wp\/v2\/posts\/1121\/revisions"}],"predecessor-version":[{"id":1125,"href":"https:\/\/blogsaverroes.juntadeandalucia.es\/condesadelasquemadas\/wp-json\/wp\/v2\/posts\/1121\/revisions\/1125"}],"wp:attachment":[{"href":"https:\/\/blogsaverroes.juntadeandalucia.es\/condesadelasquemadas\/wp-json\/wp\/v2\/media?parent=1121"}],"wp:term":[{"taxonomy":"category","embeddable":true,"href":"https:\/\/blogsaverroes.juntadeandalucia.es\/condesadelasquemadas\/wp-json\/wp\/v2\/categories?post=1121"},{"taxonomy":"post_tag","embeddable":true,"href":"https:\/\/blogsaverroes.juntadeandalucia.es\/condesadelasquemadas\/wp-json\/wp\/v2\/tags?post=1121"}],"curies":[{"name":"wp","href":"https:\/\/api.w.org\/{rel}","templated":true}]}}