{"id":2393,"date":"2024-02-07T11:52:02","date_gmt":"2024-02-07T10:52:02","guid":{"rendered":"https:\/\/blogsaverroes.juntadeandalucia.es\/condesadelasquemadas\/?p=2393"},"modified":"2024-02-07T11:52:02","modified_gmt":"2024-02-07T10:52:02","slug":"visita-salon-de-educacion-ambiental","status":"publish","type":"post","link":"https:\/\/blogsaverroes.juntadeandalucia.es\/condesadelasquemadas\/visita-salon-de-educacion-ambiental\/","title":{"rendered":"VISITA SAL\u00d3N DE EDUCACI\u00d3N AMBIENTAL"},"content":{"rendered":"<p><span style=\"font-family: 'comic sans ms', sans-serif\">Esta semana, los ni\u00f1os y ni\u00f1as de 1\u00ba y 2\u00ba han visitado el Sal\u00f3n de Educaci\u00f3n Ambiental. A trav\u00e9s de las distintas charlas y talleres se pretende que tomen conciencia sobre la importancia de cuidar, mantener y respetar el medioambiente, as\u00ed como aprender a colaborar en la higiene de la ciudad. Lo han pasado s\u00faper bien y, adem\u00e1s, les han invitado a un delicioso y saludable desayuno.<\/span><\/p>\n<p><span style=\"font-family: 'comic sans ms', sans-serif\">Esperamos que os gusten las fotos&#8230;<\/span><\/p>\n<p style=\"text-align: center\">&nbsp;<\/p>\nngg_shortcode_0_placeholder\n<!--themify_builder_content-->\n<div id=\"themify_builder_content-2393\" data-postid=\"2393\" class=\"themify_builder_content themify_builder_content-2393 themify_builder tf_clear\">\n    <\/div>\n<!--\/themify_builder_content-->\n","protected":false},"excerpt":{"rendered":"<p>Esta semana, los ni\u00f1os y ni\u00f1as de 1\u00ba y 2\u00ba han visitado el Sal\u00f3n de Educaci\u00f3n Ambiental. A trav\u00e9s de las distintas charlas y talleres se pretende que tomen conciencia sobre la importancia de cuidar, mantener y respetar el medioambiente, as\u00ed como aprender a colaborar en la higiene de la ciudad. Lo han pasado s\u00faper [&hellip;]<\/p>\n","protected":false},"author":15404,"featured_media":2452,"comment_status":"closed","ping_status":"open","sticky":false,"template":"","format":"standard","meta":{"ngg_post_thumbnail":0,"footnotes":""},"categories":[29,27,28],"tags":[],"aioseo_notices":[],"_links":{"self":[{"href":"https:\/\/blogsaverroes.juntadeandalucia.es\/condesadelasquemadas\/wp-json\/wp\/v2\/posts\/2393"}],"collection":[{"href":"https:\/\/blogsaverroes.juntadeandalucia.es\/condesadelasquemadas\/wp-json\/wp\/v2\/posts"}],"about":[{"href":"https:\/\/blogsaverroes.juntadeandalucia.es\/condesadelasquemadas\/wp-json\/wp\/v2\/types\/post"}],"author":[{"embeddable":true,"href":"https:\/\/blogsaverroes.juntadeandalucia.es\/condesadelasquemadas\/wp-json\/wp\/v2\/users\/15404"}],"replies":[{"embeddable":true,"href":"https:\/\/blogsaverroes.juntadeandalucia.es\/condesadelasquemadas\/wp-json\/wp\/v2\/comments?post=2393"}],"version-history":[{"count":3,"href":"https:\/\/blogsaverroes.juntadeandalucia.es\/condesadelasquemadas\/wp-json\/wp\/v2\/posts\/2393\/revisions"}],"predecessor-version":[{"id":2454,"href":"https:\/\/blogsaverroes.juntadeandalucia.es\/condesadelasquemadas\/wp-json\/wp\/v2\/posts\/2393\/revisions\/2454"}],"wp:featuredmedia":[{"embeddable":true,"href":"https:\/\/blogsaverroes.juntadeandalucia.es\/condesadelasquemadas\/wp-json\/wp\/v2\/media\/2452"}],"wp:attachment":[{"href":"https:\/\/blogsaverroes.juntadeandalucia.es\/condesadelasquemadas\/wp-json\/wp\/v2\/media?parent=2393"}],"wp:term":[{"taxonomy":"category","embeddable":true,"href":"https:\/\/blogsaverroes.juntadeandalucia.es\/condesadelasquemadas\/wp-json\/wp\/v2\/categories?post=2393"},{"taxonomy":"post_tag","embeddable":true,"href":"https:\/\/blogsaverroes.juntadeandalucia.es\/condesadelasquemadas\/wp-json\/wp\/v2\/tags?post=2393"}],"curies":[{"name":"wp","href":"https:\/\/api.w.org\/{rel}","templated":true}]}}