{"id":2793,"date":"2024-03-10T17:54:13","date_gmt":"2024-03-10T16:54:13","guid":{"rendered":"https:\/\/blogsaverroes.juntadeandalucia.es\/condesadelasquemadas\/?p=2793"},"modified":"2024-03-10T17:54:13","modified_gmt":"2024-03-10T16:54:13","slug":"reparto-de-fruta","status":"publish","type":"post","link":"https:\/\/blogsaverroes.juntadeandalucia.es\/condesadelasquemadas\/reparto-de-fruta\/","title":{"rendered":"REPARTO DE FRUTA"},"content":{"rendered":"<p>Llega la primera entrega de fruta a nuestro centro. Comenzaremos ma\u00f1ana lunes 11 y continuaremos los d\u00edas 12, 13 y 14. En esta ocasi\u00f3n llegan fresas, mandarinas y manzana. \u00a1\u00a1Mmm&#8230; riqu\u00edsmo!! Ser\u00eda conveniente que los ni\u00f1os traigan un recipiente para poner su fruta y comerla c\u00f3modamente.<\/p>\n<p style=\"text-align: center\"><img loading=\"lazy\" decoding=\"async\" class=\"aligncenter wp-image-2789 size-full\" src=\"https:\/\/blogsaverroes.juntadeandalucia.es\/condesadelasquemadas\/files\/2024\/03\/WhatsApp-Image-2024-03-10-at-17.41.49.jpeg\" alt=\"\" width=\"1080\" height=\"1501\" srcset=\"https:\/\/blogsaverroes.juntadeandalucia.es\/condesadelasquemadas\/files\/2024\/03\/WhatsApp-Image-2024-03-10-at-17.41.49.jpeg 1080w, https:\/\/blogsaverroes.juntadeandalucia.es\/condesadelasquemadas\/files\/2024\/03\/WhatsApp-Image-2024-03-10-at-17.41.49-216x300.jpeg 216w, https:\/\/blogsaverroes.juntadeandalucia.es\/condesadelasquemadas\/files\/2024\/03\/WhatsApp-Image-2024-03-10-at-17.41.49-737x1024.jpeg 737w, https:\/\/blogsaverroes.juntadeandalucia.es\/condesadelasquemadas\/files\/2024\/03\/WhatsApp-Image-2024-03-10-at-17.41.49-768x1067.jpeg 768w, https:\/\/blogsaverroes.juntadeandalucia.es\/condesadelasquemadas\/files\/2024\/03\/WhatsApp-Image-2024-03-10-at-17.41.49-400x555.jpeg 400w\" sizes=\"(max-width: 1080px) 100vw, 1080px\" \/><\/p>\n<!--themify_builder_content-->\n<div id=\"themify_builder_content-2793\" data-postid=\"2793\" class=\"themify_builder_content themify_builder_content-2793 themify_builder tf_clear\">\n    <\/div>\n<!--\/themify_builder_content-->\n","protected":false},"excerpt":{"rendered":"<p>Llega la primera entrega de fruta a nuestro centro. Comenzaremos ma\u00f1ana lunes 11 y continuaremos los d\u00edas 12, 13 y 14. En esta ocasi\u00f3n llegan fresas, mandarinas y manzana. \u00a1\u00a1Mmm&#8230; riqu\u00edsmo!! Ser\u00eda conveniente que los ni\u00f1os traigan un recipiente para poner su fruta y comerla c\u00f3modamente.<\/p>\n","protected":false},"author":15404,"featured_media":2789,"comment_status":"closed","ping_status":"open","sticky":false,"template":"","format":"standard","meta":{"ngg_post_thumbnail":0,"footnotes":""},"categories":[28,26],"tags":[],"aioseo_notices":[],"_links":{"self":[{"href":"https:\/\/blogsaverroes.juntadeandalucia.es\/condesadelasquemadas\/wp-json\/wp\/v2\/posts\/2793"}],"collection":[{"href":"https:\/\/blogsaverroes.juntadeandalucia.es\/condesadelasquemadas\/wp-json\/wp\/v2\/posts"}],"about":[{"href":"https:\/\/blogsaverroes.juntadeandalucia.es\/condesadelasquemadas\/wp-json\/wp\/v2\/types\/post"}],"author":[{"embeddable":true,"href":"https:\/\/blogsaverroes.juntadeandalucia.es\/condesadelasquemadas\/wp-json\/wp\/v2\/users\/15404"}],"replies":[{"embeddable":true,"href":"https:\/\/blogsaverroes.juntadeandalucia.es\/condesadelasquemadas\/wp-json\/wp\/v2\/comments?post=2793"}],"version-history":[{"count":2,"href":"https:\/\/blogsaverroes.juntadeandalucia.es\/condesadelasquemadas\/wp-json\/wp\/v2\/posts\/2793\/revisions"}],"predecessor-version":[{"id":2795,"href":"https:\/\/blogsaverroes.juntadeandalucia.es\/condesadelasquemadas\/wp-json\/wp\/v2\/posts\/2793\/revisions\/2795"}],"wp:featuredmedia":[{"embeddable":true,"href":"https:\/\/blogsaverroes.juntadeandalucia.es\/condesadelasquemadas\/wp-json\/wp\/v2\/media\/2789"}],"wp:attachment":[{"href":"https:\/\/blogsaverroes.juntadeandalucia.es\/condesadelasquemadas\/wp-json\/wp\/v2\/media?parent=2793"}],"wp:term":[{"taxonomy":"category","embeddable":true,"href":"https:\/\/blogsaverroes.juntadeandalucia.es\/condesadelasquemadas\/wp-json\/wp\/v2\/categories?post=2793"},{"taxonomy":"post_tag","embeddable":true,"href":"https:\/\/blogsaverroes.juntadeandalucia.es\/condesadelasquemadas\/wp-json\/wp\/v2\/tags?post=2793"}],"curies":[{"name":"wp","href":"https:\/\/api.w.org\/{rel}","templated":true}]}}