{"id":3445,"date":"2024-11-21T19:31:19","date_gmt":"2024-11-21T18:31:19","guid":{"rendered":"https:\/\/blogsaverroes.juntadeandalucia.es\/condesadelasquemadas\/?p=3445"},"modified":"2024-11-21T19:31:19","modified_gmt":"2024-11-21T18:31:19","slug":"%f0%9f%92%83%f0%9f%8f%bd%f0%9f%92%83%f0%9f%8f%bd-celebracion-del-dia-del-flamenco-16-de-noviembre-%f0%9f%92%83%f0%9f%8f%bd%f0%9f%92%83%f0%9f%8f%bd","status":"publish","type":"post","link":"https:\/\/blogsaverroes.juntadeandalucia.es\/condesadelasquemadas\/%f0%9f%92%83%f0%9f%8f%bd%f0%9f%92%83%f0%9f%8f%bd-celebracion-del-dia-del-flamenco-16-de-noviembre-%f0%9f%92%83%f0%9f%8f%bd%f0%9f%92%83%f0%9f%8f%bd\/","title":{"rendered":"\ud83d\udc83\ud83c\udffd\ud83d\udc83\ud83c\udffd CELEBRACI\u00d3N DEL D\u00cdA DEL FLAMENCO, 16 de noviembre  \ud83d\udc83\ud83c\udffd\ud83d\udc83\ud83c\udffd"},"content":{"rendered":"<p><span style=\"font-family: book antiqua, palatino, serif\">Con motivo de la celebraci\u00f3n del D\u00eda del Flamenco, 16 de noviembre, la se\u00f1o Alicia Porras ha estado preparando en cada una de las clases un coreograf\u00eda<em> &#8220;con aire Flamenco <span id=\"copy-emoji\" class=\"efont\">\ud83d\udc83\ud83c\udffd&#8221;<\/span><\/em> para bailarlo todos junto, a modo de flashmob, en el patio de nuestro cole. <\/span><\/p>\n<p><span style=\"font-family: book antiqua, palatino, serif\">Compartimos algunas fotograf\u00edas donde pod\u00e9is ver al alumnado pas\u00e1ndolo en grande<span id=\"copy-emoji\" class=\"efont\">\u263a\ufe0f<\/span><\/span><\/p>\n<p>&nbsp;<\/p>\nngg_shortcode_0_placeholder\n<p><span style=\"font-family: book antiqua, palatino, serif\">En breve subiremos el video&#8230; <\/span><\/p>\n<!--themify_builder_content-->\n<div id=\"themify_builder_content-3445\" data-postid=\"3445\" class=\"themify_builder_content themify_builder_content-3445 themify_builder tf_clear\">\n    <\/div>\n<!--\/themify_builder_content-->\n","protected":false},"excerpt":{"rendered":"<p>Con motivo de la celebraci\u00f3n del D\u00eda del Flamenco, 16 de noviembre, la se\u00f1o Alicia Porras ha estado preparando en cada una de las clases un coreograf\u00eda &#8220;con aire Flamenco \ud83d\udc83\ud83c\udffd&#8221; para bailarlo todos junto, a modo de flashmob, en el patio de nuestro cole. Compartimos algunas fotograf\u00edas donde pod\u00e9is ver al alumnado pas\u00e1ndolo en [&hellip;]<\/p>\n","protected":false},"author":15404,"featured_media":0,"comment_status":"closed","ping_status":"open","sticky":false,"template":"","format":"standard","meta":{"ngg_post_thumbnail":0,"footnotes":""},"categories":[28],"tags":[],"aioseo_notices":[],"_links":{"self":[{"href":"https:\/\/blogsaverroes.juntadeandalucia.es\/condesadelasquemadas\/wp-json\/wp\/v2\/posts\/3445"}],"collection":[{"href":"https:\/\/blogsaverroes.juntadeandalucia.es\/condesadelasquemadas\/wp-json\/wp\/v2\/posts"}],"about":[{"href":"https:\/\/blogsaverroes.juntadeandalucia.es\/condesadelasquemadas\/wp-json\/wp\/v2\/types\/post"}],"author":[{"embeddable":true,"href":"https:\/\/blogsaverroes.juntadeandalucia.es\/condesadelasquemadas\/wp-json\/wp\/v2\/users\/15404"}],"replies":[{"embeddable":true,"href":"https:\/\/blogsaverroes.juntadeandalucia.es\/condesadelasquemadas\/wp-json\/wp\/v2\/comments?post=3445"}],"version-history":[{"count":8,"href":"https:\/\/blogsaverroes.juntadeandalucia.es\/condesadelasquemadas\/wp-json\/wp\/v2\/posts\/3445\/revisions"}],"predecessor-version":[{"id":3453,"href":"https:\/\/blogsaverroes.juntadeandalucia.es\/condesadelasquemadas\/wp-json\/wp\/v2\/posts\/3445\/revisions\/3453"}],"wp:attachment":[{"href":"https:\/\/blogsaverroes.juntadeandalucia.es\/condesadelasquemadas\/wp-json\/wp\/v2\/media?parent=3445"}],"wp:term":[{"taxonomy":"category","embeddable":true,"href":"https:\/\/blogsaverroes.juntadeandalucia.es\/condesadelasquemadas\/wp-json\/wp\/v2\/categories?post=3445"},{"taxonomy":"post_tag","embeddable":true,"href":"https:\/\/blogsaverroes.juntadeandalucia.es\/condesadelasquemadas\/wp-json\/wp\/v2\/tags?post=3445"}],"curies":[{"name":"wp","href":"https:\/\/api.w.org\/{rel}","templated":true}]}}