{"id":104,"date":"2012-11-22T22:42:00","date_gmt":"2012-11-22T22:42:00","guid":{"rendered":"https:\/\/blogsaverroes.juntadeandalucia.es\/conectaconnuestraaula\/2012\/11\/22\/agradecimientos\/"},"modified":"2012-11-22T22:42:00","modified_gmt":"2012-11-22T22:42:00","slug":"agradecimientos","status":"publish","type":"post","link":"https:\/\/blogsaverroes.juntadeandalucia.es\/conectaconnuestraaula\/2012\/11\/22\/agradecimientos\/","title":{"rendered":"AGRADECIMIENTOS"},"content":{"rendered":"<p><\/p>\n<div style=\"text-align: justify\">Este a\u00f1o, como coment\u00e9 a las familias en la \u00faltima reuni\u00f3n, vamos a trabajar el \u00e1lbum ilustrado.<br \/>Quer\u00eda hacer una menci\u00f3n especial a aquellas editoriales que est\u00e1n apoyando este proyecto con el \u00e1lbum ilustrado y me han mandado algunos \u00e1lbumes. \u00c9stas son las editoriales:<\/div>\n<p><\/p>\n<div style=\"text-align: center\">&#8211;&nbsp;<span style=\"color: #741b47;font-size: large\"><b>Kalandraka<\/b><\/span><\/div>\n<div style=\"text-align: center\"><span style=\"color: #741b47;font-size: large\"><b>&#8211; Zorro Rojo<\/b><\/span><\/div>\n<div style=\"text-align: center\"><span style=\"color: #741b47;font-size: large\"><b>&#8211; Edim\u00e1ter<\/b><\/span><\/div>\n<div style=\"text-align: center\"><span style=\"color: #741b47;font-size: large\"><b>&#8211; Combel&nbsp;<\/b><\/span><\/div>\n<div style=\"text-align: center\"><span style=\"color: #741b47;font-size: large\"><b><br \/><\/b><\/span><\/div>\n<div style=\"text-align: justify\">Hay \u00e1lbumes preciosos de estas editoriales que aconsejo recomendar a las familias en estas fechas, para que puedan pedir a los Reyes Magos o a Pap\u00e1 Noel un libro con unas caracter\u00edsticas especiales y extraordinarias, como son todos los que me han mandado. Har\u00e9 una lista con los mejores t\u00edtulos, os pondr\u00e9 tanto los \u00e1lbumes que tenemos en clase para que en casa tambi\u00e9n los puedan leer, como otros nuevos que despu\u00e9s nos podr\u00e9is prestar para trabajarlos.<\/div>\n","protected":false},"excerpt":{"rendered":"<p>Este a\u00f1o, como coment\u00e9 a las familias en la \u00faltima reuni\u00f3n, vamos a trabajar el \u00e1lbum ilustrado.Quer\u00eda hacer una menci\u00f3n especial a aquellas editoriales que est\u00e1n apoyando este proyecto con el \u00e1lbum ilustrado y&#46;&#46;&#46;<\/p>\n","protected":false},"author":7570,"featured_media":0,"comment_status":"open","ping_status":"open","sticky":false,"template":"","format":"standard","meta":{"ngg_post_thumbnail":0,"footnotes":""},"categories":[9890],"tags":[],"aioseo_notices":[],"_links":{"self":[{"href":"https:\/\/blogsaverroes.juntadeandalucia.es\/conectaconnuestraaula\/wp-json\/wp\/v2\/posts\/104"}],"collection":[{"href":"https:\/\/blogsaverroes.juntadeandalucia.es\/conectaconnuestraaula\/wp-json\/wp\/v2\/posts"}],"about":[{"href":"https:\/\/blogsaverroes.juntadeandalucia.es\/conectaconnuestraaula\/wp-json\/wp\/v2\/types\/post"}],"author":[{"embeddable":true,"href":"https:\/\/blogsaverroes.juntadeandalucia.es\/conectaconnuestraaula\/wp-json\/wp\/v2\/users\/7570"}],"replies":[{"embeddable":true,"href":"https:\/\/blogsaverroes.juntadeandalucia.es\/conectaconnuestraaula\/wp-json\/wp\/v2\/comments?post=104"}],"version-history":[{"count":0,"href":"https:\/\/blogsaverroes.juntadeandalucia.es\/conectaconnuestraaula\/wp-json\/wp\/v2\/posts\/104\/revisions"}],"wp:attachment":[{"href":"https:\/\/blogsaverroes.juntadeandalucia.es\/conectaconnuestraaula\/wp-json\/wp\/v2\/media?parent=104"}],"wp:term":[{"taxonomy":"category","embeddable":true,"href":"https:\/\/blogsaverroes.juntadeandalucia.es\/conectaconnuestraaula\/wp-json\/wp\/v2\/categories?post=104"},{"taxonomy":"post_tag","embeddable":true,"href":"https:\/\/blogsaverroes.juntadeandalucia.es\/conectaconnuestraaula\/wp-json\/wp\/v2\/tags?post=104"}],"curies":[{"name":"wp","href":"https:\/\/api.w.org\/{rel}","templated":true}]}}