{"id":112,"date":"2012-09-20T20:39:00","date_gmt":"2012-09-20T20:39:00","guid":{"rendered":"https:\/\/blogsaverroes.juntadeandalucia.es\/conectaconnuestraaula\/2012\/09\/20\/proyecto-protagonista-de-la-semana\/"},"modified":"2012-09-20T20:39:00","modified_gmt":"2012-09-20T20:39:00","slug":"proyecto-protagonista-de-la-semana","status":"publish","type":"post","link":"https:\/\/blogsaverroes.juntadeandalucia.es\/conectaconnuestraaula\/2012\/09\/20\/proyecto-protagonista-de-la-semana\/","title":{"rendered":"PROYECTO: PROTAGONISTA DE LA SEMANA"},"content":{"rendered":"<p><\/p>\n<div style=\"text-align: justify\"><a href=\"http:\/\/2.bp.blogspot.com\/-NXOdGqHCKD4\/UFt5mjdVaLI\/AAAAAAAABdc\/GOZaRZl2rdE\/s1600\/Lila.jpg\" style=\"clear: right;float: right;margin-bottom: 1em;margin-left: 1em\"><img loading=\"lazy\" decoding=\"async\" border=\"0\" height=\"200\" src=\"http:\/\/2.bp.blogspot.com\/-NXOdGqHCKD4\/UFt5mjdVaLI\/AAAAAAAABdc\/GOZaRZl2rdE\/s200\/Lila.jpg\" width=\"138\" \/><\/a><span lang=\"ES-TRAD\" style=\"font-size: 12.0pt;line-height: 115%\"><br \/>Estimadas familias:<\/span><\/div>\n<div style=\"text-align: justify\"><span lang=\"ES-TRAD\" style=\"font-size: 12.0pt;line-height: 115%\">Este a\u00f1o seguiremos haciendo el proyecto del <\/span><\/div>\n<div style=\"text-align: justify\"><span lang=\"ES-TRAD\" style=\"font-size: 12.0pt;line-height: 115%\">\u201cPROTAGONISTA DE LA SEMANA\u201d.<\/span><\/div>\n<div style=\"text-align: justify\"><span lang=\"ES-TRAD\" style=\"font-size: 12.0pt;line-height: 115%\">El a\u00f1o pasado colaborasteis much\u00edsimo e hicimos un proyecto precioso, con vuestra participaci\u00f3n los ni\u00f1os y ni\u00f1as disfrutaron un mont\u00f3n y se sintieron muy importantes y recibieron todo el cari\u00f1o del cole y de casa. En la biblioteca del aula ha quedado un libro que les encanta, en el cual se cuentan todas las historias de cada uno.<\/span><\/div>\n<div style=\"text-align: justify\"><span lang=\"ES-TRAD\" style=\"font-size: 12.0pt;line-height: 115%\">Este a\u00f1o, seguiremos trabajando el o la protagonista de la semana, y consistir\u00e1 en lo siguiente:<\/span><\/div>\n<div style=\"text-align: justify;text-indent: -18.0pt\"><!--[if !supportLists]--><span style=\"font-family: Symbol;font-size: 12.0pt;line-height: 115%\">\u00b7<span style=\"font-family: 'Times New Roman';font-size: 7pt;line-height: normal\">&nbsp;&nbsp;&nbsp;&nbsp;&nbsp;&nbsp;&nbsp;&nbsp; <\/span><\/span><!--[endif]--><span lang=\"ES-TRAD\" style=\"font-size: 12.0pt;line-height: 115%\">El ni\u00f1o o ni\u00f1a que le toque ser protagonista durante la semana, se llevar\u00e1 el viernes la mascota del aula que se llama LILA, podr\u00e1 hacer con ella todo lo que quiera el fin de semana, pod\u00e9is aprovechar para pasar un fin de semana especial con vuestros hijos\/as y con Lila, ah\u00ed van algunas ideas: hacer alguna excursi\u00f3n en familia y llevarse a LILA, ir a visitar a alg\u00fan familiar, ir al parque, a comprar al supermercado, dormir con ella, hacer alg\u00fan trabajo manual, alguna receta de cocina, alg\u00fan juego especial en familia\u2026 Son solo algunas ideas, id pensando que se os pueden ocurrir muchas m\u00e1s. Ir\u00e9 poniendo en el blog del cole la semana que le toca a cada ni\u00f1o y ni\u00f1a, recuerdo el blog del aula: <\/span><a href=\"http:\/\/conectaconnuestraaula.blogspot.com.es\/\"><span style=\"font-size: 12.0pt;line-height: 115%\">http:\/\/conectaconnuestraaula.blogspot.com.es\/<\/span><\/a><span style=\"font-size: 12.0pt;line-height: 115%\">.<\/span><\/div>\n<div style=\"text-align: justify;text-indent: -18.0pt\"><!--[if !supportLists]--><span style=\"font-family: Symbol;font-size: 12.0pt;line-height: 115%\">\u00b7<span style=\"font-family: 'Times New Roman';font-size: 7pt;line-height: normal\">&nbsp;&nbsp;&nbsp;&nbsp;&nbsp;&nbsp;&nbsp;&nbsp; <\/span><\/span><!--[endif]--><span lang=\"ES-TRAD\" style=\"font-size: 12.0pt;line-height: 115%\">Junto a Lila, el ni\u00f1o o la ni\u00f1a se llevar\u00e1 una carpeta, en ella deb\u00e9is poner todo lo que hab\u00e9is hecho con Lila, incorporando alguna foto o fotos y decor\u00e1ndolo como m\u00e1s os guste, que se quede muy bonito porque tambi\u00e9n haremos un libro cuando los tengamos todos. Deb\u00e9is rellenar entre uno y dos folios.<\/span><span style=\"font-size: 12.0pt;line-height: 115%\"><\/span><\/div>\n<div style=\"text-align: justify;text-indent: -18.0pt\"><!--[if !supportLists]--><span lang=\"ES-TRAD\" style=\"font-size: 12.0pt;line-height: 115%\">&#8211;<span style=\"font-size: 7pt;line-height: normal\">&nbsp;&nbsp;&nbsp;&nbsp;&nbsp;&nbsp;&nbsp;&nbsp;&nbsp; <\/span><\/span><span lang=\"ES-TRAD\" style=\"font-size: 12.0pt;line-height: 115%\"><br \/>Por \u00faltimo, os pedimos que cuid\u00e9is mucho de nuestra mascota, procurando que no se manche, y si le ocurriera alg\u00fan accidente, que la traig\u00e1is limpita.<\/span><\/div>\n<div style=\"clear: both;text-align: center\"><a href=\"http:\/\/4.bp.blogspot.com\/-kjjT5UH0x-c\/UFt5ndw5BzI\/AAAAAAAABdk\/C_IgtAlJHUg\/s1600\/familia+dibujo+(1).jpg\" style=\"clear: left;float: left;margin-bottom: 1em;margin-right: 1em\"><img loading=\"lazy\" decoding=\"async\" border=\"0\" height=\"284\" src=\"http:\/\/4.bp.blogspot.com\/-kjjT5UH0x-c\/UFt5ndw5BzI\/AAAAAAAABdk\/C_IgtAlJHUg\/s320\/familia+dibujo+(1).jpg\" width=\"320\" \/><\/a><\/div>\n<div style=\"text-align: justify\"><\/div>\n<div style=\"text-align: justify\"><span lang=\"ES-TRAD\" style=\"font-size: 12.0pt;line-height: 115%\">TANTO LA MASCOTA COMO LA CARPETA CON EL <\/span><\/div>\n<div style=\"text-align: justify\"><span lang=\"ES-TRAD\" style=\"font-size: 12.0pt;line-height: 115%\">TRABAJO HECHO HAY QUE ENTREGARLO EL LUNES.<\/span><\/div>\n<div style=\"text-align: justify\"><a href=\"http:\/\/4.bp.blogspot.com\/-DhxBhxcBenk\/UFt5lNtD1cI\/AAAAAAAABdU\/w8B0z1cu9Z8\/s1600\/Fotolia_28544296_Subscription_XXL1.jpg\" style=\"clear: right;float: right;margin-bottom: 1em;margin-left: 1em\"><img loading=\"lazy\" decoding=\"async\" border=\"0\" height=\"151\" src=\"http:\/\/4.bp.blogspot.com\/-DhxBhxcBenk\/UFt5lNtD1cI\/AAAAAAAABdU\/w8B0z1cu9Z8\/s200\/Fotolia_28544296_Subscription_XXL1.jpg\" width=\"200\" \/><\/a><span lang=\"ES-TRAD\" style=\"font-size: 12.0pt;line-height: 115%\"><br \/><\/span><\/div>\n<div style=\"text-align: justify\"><span lang=\"ES-TRAD\" style=\"font-size: 12.0pt;line-height: 115%\"><br \/><\/span><\/div>\n<div style=\"text-align: justify\"><span lang=\"ES-TRAD\" style=\"font-size: 12.0pt;line-height: 115%\"><br \/><\/span><\/div>\n<div style=\"text-align: justify\"><span lang=\"ES-TRAD\" style=\"font-size: 12.0pt;line-height: 115%\"><br \/><\/span><\/div>\n<div style=\"text-align: justify\"><span lang=\"ES-TRAD\" style=\"font-size: 12.0pt;line-height: 115%\"><br \/><\/span><\/div>\n<div style=\"text-align: justify\"><span lang=\"ES-TRAD\" style=\"font-size: 12.0pt;line-height: 115%\"><br \/><\/span><\/div>\n<div style=\"text-align: justify\"><span lang=\"ES-TRAD\" style=\"font-size: 12.0pt;line-height: 115%\"><br \/><\/span><\/div>\n<div style=\"text-align: justify\"><span lang=\"ES-TRAD\" style=\"font-size: 12.0pt;line-height: 115%\"><br \/><\/span><\/div>\n<div style=\"text-align: justify\"><span lang=\"ES-TRAD\" style=\"font-size: 12.0pt;line-height: 115%\"><br \/><\/span><\/div>\n<div style=\"text-align: left\"><span lang=\"ES-TRAD\" style=\"font-size: 12.0pt;line-height: 115%\"><br \/><\/span><\/div>\n<div style=\"text-align: center\"><span lang=\"ES-TRAD\" style=\"font-family: 'Comic Sans MS';line-height: 115%\"><b><u><span style=\"color: purple;font-size: large\">CALENDARIO DE LOS PROTAGONISTAS<\/span><\/u><\/b><\/span><\/div>\n<div style=\"text-align: center\"><span lang=\"ES-TRAD\" style=\"font-size: 12.0pt;line-height: 115%\"><br \/><\/span><\/div>\n<div style=\"text-align: center\"><span lang=\"ES-TRAD\" style=\"font-size: 12.0pt;line-height: 115%\"><br \/><\/span><\/div>\n<div style=\"text-align: justify\"><span lang=\"ES-TRAD\" style=\"font-family: 'Comic Sans MS';line-height: 115%\"><span style=\"font-size: large\"><u style=\"font-weight: bold\">LAURA<\/u>&nbsp; &nbsp; &nbsp; &nbsp;17-23 Septiembre<\/span><\/span><\/div>\n<div style=\"text-align: justify\"><span lang=\"ES-TRAD\" style=\"font-family: 'Comic Sans MS';line-height: 115%\"><span style=\"font-size: large\"><br \/><\/span><\/span><\/div>\n<div style=\"text-align: justify\"><span style=\"font-family: Comic Sans MS;font-size: large\"><span style=\"line-height: 18px\"><b><u>ISMAEL<\/u><\/b> &nbsp; &nbsp; 24-30 Septiembre<\/span><\/span><\/div>\n<div style=\"text-align: justify\"><span style=\"font-family: Comic Sans MS;font-size: large\"><span style=\"line-height: 18px\"><br \/><\/span><\/span><\/div>\n<div style=\"text-align: justify\"><span style=\"font-family: Comic Sans MS;font-size: large\"><span style=\"line-height: 18px\"><b><u>CARMEN <\/u><\/b>&nbsp; &nbsp;1-7 Octubre &nbsp;<\/span><\/span><\/div>\n<div style=\"text-align: justify\"><span style=\"font-family: Comic Sans MS;font-size: large\"><span style=\"line-height: 18px\"><br \/><\/span><\/span><\/div>\n<div style=\"text-align: justify\"><span style=\"font-family: Comic Sans MS;font-size: large\"><span style=\"line-height: 18px\"><b><u>DIEGO<\/u><\/b> &nbsp; &nbsp; &nbsp; &nbsp;8-14 Octubre<\/span><\/span><\/div>\n<div style=\"text-align: justify\"><span style=\"font-family: Comic Sans MS;font-size: large\"><span style=\"line-height: 18px\"><br \/><\/span><\/span><\/div>\n<div style=\"text-align: justify\"><span style=\"font-family: Comic Sans MS;font-size: large\"><span style=\"line-height: 18px\"><b><u>LORENA<\/u><\/b>&nbsp; &nbsp; &nbsp;15-21 Octubre<\/span><\/span><\/div>\n<div style=\"text-align: justify\"><span style=\"font-family: Comic Sans MS;font-size: large\"><span style=\"line-height: 18px\"><br \/><\/span><\/span><\/div>\n<div style=\"text-align: justify\"><span style=\"font-family: Comic Sans MS;font-size: large\"><span style=\"line-height: 18px\"><b><u>HUGO<\/u><\/b> &nbsp; &nbsp; &nbsp; &nbsp; 22-28 Octubre<\/span><\/span><\/div>\n<div style=\"text-align: justify\"><span style=\"font-family: Comic Sans MS;font-size: large\"><span style=\"line-height: 18px\"><br \/><\/span><\/span><\/div>\n<div style=\"text-align: justify\"><span style=\"font-family: Comic Sans MS;font-size: large\"><span style=\"line-height: 18px\"><b><u>JOSE<\/u><\/b>&nbsp; &nbsp; &nbsp; &nbsp; &nbsp; 5-11 Noviembre<\/span><\/span><\/div>\n<div style=\"text-align: justify\"><span style=\"font-family: Comic Sans MS;font-size: large\"><span style=\"line-height: 18px\"><br \/><\/span><\/span><\/div>\n<div style=\"text-align: justify\"><span style=\"font-family: Comic Sans MS;font-size: large\"><span style=\"line-height: 18px\"><b><u>AMALIA<\/u><\/b>&nbsp; &nbsp; &nbsp;12-18 Noviembre<\/span><\/span><\/div>\n<div style=\"text-align: justify\"><span style=\"font-family: Comic Sans MS;font-size: large\"><span style=\"line-height: 18px\"><br \/><\/span><\/span><\/div>\n<div style=\"text-align: justify\"><span style=\"font-family: Comic Sans MS;font-size: large\"><span style=\"line-height: 18px\"><b><u>NEREA &nbsp;<\/u><\/b>&nbsp; &nbsp; &nbsp;19-25 Noviembre<\/span><\/span><\/div>\n<div style=\"text-align: justify\"><span style=\"font-family: Comic Sans MS;font-size: large\"><span style=\"line-height: 18px\"><br \/><\/span><\/span><\/div>\n<div style=\"text-align: justify\"><span style=\"font-family: Comic Sans MS;font-size: large\"><span style=\"line-height: 18px\"><b><u>QUIQUE<\/u><\/b> &nbsp; &nbsp; 26 Noviembre &#8211; 2 Diciembre<\/span><\/span><\/div>\n<div style=\"text-align: justify\"><span style=\"font-family: Comic Sans MS;font-size: large\"><span style=\"line-height: 18px\"><br \/><\/span><\/span><\/div>\n<div style=\"text-align: justify\"><span style=\"font-family: Comic Sans MS;font-size: large\"><span style=\"line-height: 18px\"><b><u>PILAR<\/u><\/b>&nbsp; &nbsp; &nbsp; &nbsp; &nbsp; 10-16 Diciembre<\/span><\/span><\/div>\n<div style=\"text-align: justify\"><span style=\"font-family: Comic Sans MS;font-size: large\"><span style=\"line-height: 18px\"><br \/><\/span><\/span><\/div>\n<div style=\"text-align: justify\"><span style=\"font-family: Comic Sans MS;font-size: large\"><span style=\"line-height: 18px\"><b><u>ANDREY<\/u> &nbsp; &nbsp;<\/b>&nbsp;8-13 Enero<\/span><\/span><\/div>\n<div style=\"text-align: justify\"><span style=\"font-family: Comic Sans MS;font-size: large\"><span style=\"line-height: 18px\"><br \/><\/span><\/span><\/div>\n<div style=\"text-align: justify\"><span style=\"font-family: Comic Sans MS;font-size: large\"><span style=\"line-height: 18px\"><b><u>PEDRO<\/u> &nbsp;<\/b>&nbsp; &nbsp; &nbsp; &nbsp;14-20 Enero<\/span><\/span><\/div>\n<div style=\"text-align: justify\"><span style=\"font-family: Comic Sans MS;font-size: large\"><span style=\"line-height: 18px\"><br \/><\/span><\/span><\/div>\n<div style=\"text-align: justify\"><span style=\"font-family: Comic Sans MS;font-size: large\"><span style=\"line-height: 18px\"><b><u>ALEX<\/u><\/b>&nbsp; &nbsp; &nbsp; &nbsp; &nbsp; &nbsp; 20-27 Enero<\/span><\/span><\/div>\n","protected":false},"excerpt":{"rendered":"<p>Estimadas familias: Este a\u00f1o seguiremos haciendo el proyecto del \u201cPROTAGONISTA DE LA SEMANA\u201d. El a\u00f1o pasado colaborasteis much\u00edsimo e hicimos un proyecto precioso, con vuestra participaci\u00f3n los ni\u00f1os y ni\u00f1as disfrutaron un mont\u00f3n y&#46;&#46;&#46;<\/p>\n","protected":false},"author":7570,"featured_media":0,"comment_status":"open","ping_status":"open","sticky":false,"template":"","format":"standard","meta":{"ngg_post_thumbnail":0,"footnotes":""},"categories":[11909],"tags":[],"aioseo_notices":[],"_links":{"self":[{"href":"https:\/\/blogsaverroes.juntadeandalucia.es\/conectaconnuestraaula\/wp-json\/wp\/v2\/posts\/112"}],"collection":[{"href":"https:\/\/blogsaverroes.juntadeandalucia.es\/conectaconnuestraaula\/wp-json\/wp\/v2\/posts"}],"about":[{"href":"https:\/\/blogsaverroes.juntadeandalucia.es\/conectaconnuestraaula\/wp-json\/wp\/v2\/types\/post"}],"author":[{"embeddable":true,"href":"https:\/\/blogsaverroes.juntadeandalucia.es\/conectaconnuestraaula\/wp-json\/wp\/v2\/users\/7570"}],"replies":[{"embeddable":true,"href":"https:\/\/blogsaverroes.juntadeandalucia.es\/conectaconnuestraaula\/wp-json\/wp\/v2\/comments?post=112"}],"version-history":[{"count":0,"href":"https:\/\/blogsaverroes.juntadeandalucia.es\/conectaconnuestraaula\/wp-json\/wp\/v2\/posts\/112\/revisions"}],"wp:attachment":[{"href":"https:\/\/blogsaverroes.juntadeandalucia.es\/conectaconnuestraaula\/wp-json\/wp\/v2\/media?parent=112"}],"wp:term":[{"taxonomy":"category","embeddable":true,"href":"https:\/\/blogsaverroes.juntadeandalucia.es\/conectaconnuestraaula\/wp-json\/wp\/v2\/categories?post=112"},{"taxonomy":"post_tag","embeddable":true,"href":"https:\/\/blogsaverroes.juntadeandalucia.es\/conectaconnuestraaula\/wp-json\/wp\/v2\/tags?post=112"}],"curies":[{"name":"wp","href":"https:\/\/api.w.org\/{rel}","templated":true}]}}