{"id":123,"date":"2012-05-27T07:25:00","date_gmt":"2012-05-27T07:25:00","guid":{"rendered":"https:\/\/blogsaverroes.juntadeandalucia.es\/conectaconnuestraaula\/2012\/05\/27\/gusanos-de-seda\/"},"modified":"2012-05-27T07:25:00","modified_gmt":"2012-05-27T07:25:00","slug":"gusanos-de-seda","status":"publish","type":"post","link":"https:\/\/blogsaverroes.juntadeandalucia.es\/conectaconnuestraaula\/2012\/05\/27\/gusanos-de-seda\/","title":{"rendered":"Gusanos de seda"},"content":{"rendered":"<div style=\"clear: both;text-align: center\"><\/div>\n<div style=\"clear: both;text-align: center\"><\/div>\n<div style=\"clear: both;text-align: center\"><\/div>\n<div style=\"clear: both;text-align: center\"><\/div>\n<div style=\"clear: both;text-align: center\"><\/div>\n<div style=\"clear: both;text-align: center\"><\/div>\n<div style=\"clear: both;text-align: center\"><\/div>\n<div style=\"clear: both;text-align: center\"><\/div>\n<div style=\"clear: both;text-align: center\"><\/div>\n<div style=\"clear: both;text-align: center\"><\/div>\n<div style=\"clear: both;text-align: center\"><\/div>\n<div style=\"clear: both;text-align: center\"><\/div>\n<div style=\"clear: both;text-align: center\"><\/div>\n<div style=\"clear: both;text-align: center\"><\/div>\n<div style=\"clear: both;text-align: center\"><\/div>\n<div style=\"clear: both;text-align: center\"><\/div>\n<div style=\"clear: both;text-align: center\"><\/div>\n<div style=\"clear: both;text-align: center\"><\/div>\n<div style=\"clear: both;text-align: center\"><a href=\"http:\/\/www.gusanosdeseda.com\/lavida.htm\"><img decoding=\"async\" border=\"0\" src=\"http:\/\/4.bp.blogspot.com\/-oO-hPNcumwE\/T6BO0ADZDSI\/AAAAAAAAAew\/02JbJUc5M0A\/s1600\/gusano1.jpg\" \/>En esta p\u00e1gina hemos ido aprendiendo muchas cosas de los gusanos<\/a><\/div>\n<div style=\"clear: both;text-align: center\"><\/div>\n<div style=\"clear: both;text-align: center\">Pero&#8230; como m\u00e1s hemos aprendido ha sido a trav\u00e9s de la observaci\u00f3n y la experimentaci\u00f3n. Hemos vivido todo el ciclo de la metamorfosis de los gusanos de seda<\/div>\n<div style=\"clear: both;text-align: center\"><a href=\"http:\/\/3.bp.blogspot.com\/-DNqmHkzs9io\/T8JjeVwHYII\/AAAAAAAAA_Y\/a56nY6NRVJk\/s1600\/9.jpg\" style=\"clear: left;float: left;margin-bottom: 1em;margin-right: 1em\"><img loading=\"lazy\" decoding=\"async\" border=\"0\" height=\"237\" src=\"http:\/\/3.bp.blogspot.com\/-DNqmHkzs9io\/T8JjeVwHYII\/AAAAAAAAA_Y\/a56nY6NRVJk\/s320\/9.jpg\" width=\"320\" \/><\/a><\/div>\n<p>El gusano come much\u00edsimo, ya que una vez que hace la cris\u00e1lida o capullo deja de comer, ni siquiera cuando se convierte en mariposa come, por eso tiene que tener reservas para su futura vida. <\/p>\n<p><a href=\"http:\/\/4.bp.blogspot.com\/-LM4Ec95eObQ\/T8JjQysb9CI\/AAAAAAAAA-Q\/kb602G-nhiQ\/s1600\/10.jpg\" style=\"clear: right;float: right;margin-bottom: 1em;margin-left: 1em\"><img loading=\"lazy\" decoding=\"async\" border=\"0\" height=\"230\" src=\"http:\/\/4.bp.blogspot.com\/-LM4Ec95eObQ\/T8JjQysb9CI\/AAAAAAAAA-Q\/kb602G-nhiQ\/s320\/10.jpg\" width=\"320\" \/><\/a>Aqu\u00ed podemos ver c\u00f3mo uno de los gusanos ya ha hecho la cris\u00e1lida y otros dos la est\u00e1n haciendo.<\/p>\n<div style=\"clear: both;text-align: center\"><a href=\"http:\/\/2.bp.blogspot.com\/-TgcP_OBRgZw\/T8JjSbWGuWI\/AAAAAAAAA-Y\/v14usJiiuLE\/s1600\/11.jpg\" style=\"clear: left;float: left;margin-bottom: 1em;margin-right: 1em\"><img loading=\"lazy\" decoding=\"async\" border=\"0\" height=\"202\" src=\"http:\/\/2.bp.blogspot.com\/-TgcP_OBRgZw\/T8JjSbWGuWI\/AAAAAAAAA-Y\/v14usJiiuLE\/s320\/11.jpg\" width=\"320\" \/><\/a><\/div>\n<p>&nbsp;Ya ha nacido una mariposa!<\/p>\n<div style=\"clear: both;text-align: center\"><a href=\"http:\/\/2.bp.blogspot.com\/-4rFzF4skZ1E\/T8JXurGQAdI\/AAAAAAAAA6c\/nL1147SIxZ4\/s1600\/DSC09280.JPG\" style=\"clear: left;float: left;margin-bottom: 1em;margin-right: 1em\"><img loading=\"lazy\" decoding=\"async\" border=\"0\" height=\"240\" src=\"http:\/\/2.bp.blogspot.com\/-4rFzF4skZ1E\/T8JXurGQAdI\/AAAAAAAAA6c\/nL1147SIxZ4\/s320\/DSC09280.JPG\" width=\"320\" \/><\/a><\/div>\n<p>Y&#8230; ahora nos ha nacido otra mariposa, se han buscado las dos y se han juntado por el culito para procrear, ya est\u00e1n poniendo huevos, as\u00ed que la primavera que viene volveremos a tener gusanos<\/p>\n<div style=\"clear: both;text-align: center\"><\/div>\n","protected":false},"excerpt":{"rendered":"<p>En esta p\u00e1gina hemos ido aprendiendo muchas cosas de los gusanos Pero&#8230; como m\u00e1s hemos aprendido ha sido a trav\u00e9s de la observaci\u00f3n y la experimentaci\u00f3n. Hemos vivido todo el ciclo de la metamorfosis&#46;&#46;&#46;<\/p>\n","protected":false},"author":7570,"featured_media":0,"comment_status":"open","ping_status":"open","sticky":false,"template":"","format":"standard","meta":{"ngg_post_thumbnail":0,"footnotes":""},"categories":[11909],"tags":[],"aioseo_notices":[],"_links":{"self":[{"href":"https:\/\/blogsaverroes.juntadeandalucia.es\/conectaconnuestraaula\/wp-json\/wp\/v2\/posts\/123"}],"collection":[{"href":"https:\/\/blogsaverroes.juntadeandalucia.es\/conectaconnuestraaula\/wp-json\/wp\/v2\/posts"}],"about":[{"href":"https:\/\/blogsaverroes.juntadeandalucia.es\/conectaconnuestraaula\/wp-json\/wp\/v2\/types\/post"}],"author":[{"embeddable":true,"href":"https:\/\/blogsaverroes.juntadeandalucia.es\/conectaconnuestraaula\/wp-json\/wp\/v2\/users\/7570"}],"replies":[{"embeddable":true,"href":"https:\/\/blogsaverroes.juntadeandalucia.es\/conectaconnuestraaula\/wp-json\/wp\/v2\/comments?post=123"}],"version-history":[{"count":0,"href":"https:\/\/blogsaverroes.juntadeandalucia.es\/conectaconnuestraaula\/wp-json\/wp\/v2\/posts\/123\/revisions"}],"wp:attachment":[{"href":"https:\/\/blogsaverroes.juntadeandalucia.es\/conectaconnuestraaula\/wp-json\/wp\/v2\/media?parent=123"}],"wp:term":[{"taxonomy":"category","embeddable":true,"href":"https:\/\/blogsaverroes.juntadeandalucia.es\/conectaconnuestraaula\/wp-json\/wp\/v2\/categories?post=123"},{"taxonomy":"post_tag","embeddable":true,"href":"https:\/\/blogsaverroes.juntadeandalucia.es\/conectaconnuestraaula\/wp-json\/wp\/v2\/tags?post=123"}],"curies":[{"name":"wp","href":"https:\/\/api.w.org\/{rel}","templated":true}]}}