{"id":147,"date":"2012-02-10T18:50:00","date_gmt":"2012-02-10T18:50:00","guid":{"rendered":"https:\/\/blogsaverroes.juntadeandalucia.es\/conectaconnuestraaula\/2012\/02\/10\/comparsa-de-carnaval-de-educacion-infantil\/"},"modified":"2012-02-10T18:50:00","modified_gmt":"2012-02-10T18:50:00","slug":"comparsa-de-carnaval-de-educacion-infantil","status":"publish","type":"post","link":"https:\/\/blogsaverroes.juntadeandalucia.es\/conectaconnuestraaula\/2012\/02\/10\/comparsa-de-carnaval-de-educacion-infantil\/","title":{"rendered":"Comparsa de Carnaval de Educaci\u00f3n Infantil"},"content":{"rendered":"<div style=\"background-color: #d0e0e3;color: #134f5c;text-align: justify\"><b>COMO YA SAB\u00c9IS, EL PASACALLES DE CARNAVAL TENDR\u00c1 LUGAR EL PR\u00d3XIMO  VIERNES, 17 DE FEBRERO SI LAS CONDICIONES METEOROL\u00d3GICAS NOS LO  PERMITEN.&nbsp;<\/b><\/div>\n<div style=\"background-color: #d0e0e3;color: #134f5c;text-align: justify\"><b>LOS\/AS ALUMNOS\/AS DE EDUCACI\u00d3N INFANTIL ESTE A\u00d1O SE VAN A DISFRAZAR  DE PINTORES Y PINTORAS Y, AL IGUAL VAMOS A CANTAR UNA  \u00abCOMPARSA\u00bb SOBRE EL TEMA. LA HEMOS INVENTADO CON EL RITMO DE LA CANCI\u00d3N  \u00abDANZA KUDURO\u00bb DE DON OMAR. ESTA ES LA LETRA:<\/b><\/div>\n<div style=\"text-align: center\"><\/div>\n<div style=\"color: #351c75;font-family: Verdana,sans-serif;text-align: center\"><span style=\"font-size: medium\"><b>PINCEL ARRIBA, BROCHAZO ABAJO<\/b><\/span><\/div>\n<div style=\"color: #351c75;font-family: Verdana,sans-serif;text-align: center\"><span style=\"font-size: medium\"><b>DOY MEDIA VUELTA, PINTO MI CUADRO<\/b><\/span><\/div>\n<div style=\"color: #351c75;font-family: Verdana,sans-serif;text-align: center\"><span style=\"font-size: medium\"><b>SOMOS PINTORES, DEL \u00abSIM\u00d3N FUENTES\u00bb<\/b><\/span><\/div>\n<div style=\"color: #351c75;font-family: Verdana,sans-serif;text-align: center\"><span style=\"font-size: medium\"><b>EN ESTE COLE, HAY MUCHO ARTE.  (ESTRIBILLO)<\/b><\/span><\/div>\n<div style=\"color: #351c75;font-family: Verdana,sans-serif;text-align: center\"><\/div>\n<div style=\"color: #351c75;font-family: Verdana,sans-serif;text-align: center\"><span style=\"font-size: medium\"><b>VEL\u00c1ZQUEZ PINTA MENINAS,<\/b><\/span><\/div>\n<div style=\"color: #351c75;font-family: Verdana,sans-serif;text-align: center\"><span style=\"font-size: medium\"><b>MURILLO PINTA EN RETABLOS,<\/b><\/span><\/div>\n<div style=\"color: #351c75;font-family: Verdana,sans-serif;text-align: center\"><span style=\"font-size: medium\"><b>TODOS SON GRANDRES ARTISTAS,<\/b><\/span><\/div>\n<div style=\"color: #351c75;font-family: Verdana,sans-serif;text-align: center\"><span style=\"font-size: medium\"><b>QUE EN EL COLE ESTUDIAMOS.<\/b><\/span><\/div>\n<div style=\"color: #351c75;font-family: Verdana,sans-serif;text-align: center\"><\/div>\n<div style=\"color: #351c75;font-family: Verdana,sans-serif;text-align: center\"><span style=\"font-size: medium\"><b>VAN GOGH:GIRASOLES,<\/b><\/span><\/div>\n<div style=\"color: #351c75;font-family: Verdana,sans-serif;text-align: center\"><span style=\"font-size: medium\"><b>EL GUERNICA: PICASSO<\/b><\/span><\/div>\n<div style=\"color: #351c75;font-family: Verdana,sans-serif;text-align: center\"><span style=\"font-size: medium\"><b>TODOS SON GRANDES ARTISTAS<\/b><\/span><\/div>\n<div style=\"color: #351c75;font-family: Verdana,sans-serif;text-align: center\"><span style=\"font-size: medium\"><b>OI OI OI, OI OI OI<\/b><\/span><\/div>\n<div style=\"color: #351c75;font-family: Verdana,sans-serif;text-align: center\"><span style=\"font-size: medium\"><b>SALTA CONMIGO, SUBE TUS BRAZOS<\/b><\/span><\/div>\n<div style=\"color: #351c75;font-family: Verdana,sans-serif;text-align: center\"><span style=\"font-size: medium\"><b>OI OI OI, OI OI OI&nbsp;<\/b><\/span><\/div>\n<div style=\"color: #351c75;font-family: Verdana,sans-serif;text-align: center\"><span style=\"font-size: medium\"><b>BAILA CONMIGO, ES CARNAVAL<\/b><\/span><\/div>\n<div style=\"color: #351c75;font-family: Verdana,sans-serif;text-align: center\"><span style=\"font-size: medium\"><b>OI OI OI&#8230; <\/b><\/span><\/div>\n<div style=\"color: #351c75;font-family: Verdana,sans-serif;text-align: center\"><span style=\"font-size: medium\"><b><br \/><\/b><\/span><\/div>\n<div style=\"color: #351c75;font-family: Verdana,sans-serif;text-align: center\"><span style=\"font-size: medium\"><b>PINCEL ARRIBA, BROCHAZO ABAJO<\/b><\/span><\/div>\n<div style=\"color: #351c75;font-family: Verdana,sans-serif;text-align: center\"><span style=\"font-size: medium\"><b>DOY MEDIA VUELTA, PINTO MI CUADRO<\/b><\/span><\/div>\n<div style=\"color: #351c75;font-family: Verdana,sans-serif;text-align: center\"><span style=\"font-size: medium\"><b>SOMOS PINTORES, DEL \u00abSIM\u00d3N FUENTES\u00bb<\/b><\/span><\/div>\n<div style=\"color: #351c75;font-family: Verdana,sans-serif;text-align: center\"><span style=\"font-size: medium\"><b>EN ESTE COLE, HAY MUCHO ARTE.  (ESTRIBILLO)<\/b><\/span><\/div>\n<div style=\"text-align: center\"><\/div>\n<div style=\"text-align: justify\"><\/div>\n<div style=\"color: #741b47;text-align: justify\"><b>AQU\u00cd OS DEJO EL VIDEO ORIGINAL PARA QUE LA POD\u00c1IS IR ENSAYANDO CON NUESTRA  LETRA.<\/b><\/div>\n<div style=\"clear: both;text-align: center\"><object codebase=\"http:\/\/download.macromedia.com\/pub\/shockwave\/cabs\/flash\/swflash.cab#version=6,0,40,0\" height=\"266\" width=\"320\"><param name=\"movie\" value=\"http:\/\/www.youtube.com\/v\/7zp1TbLFPp8&amp;fs=1&amp;source=uds\" \/><param name=\"bgcolor\" value=\"#FFFFFF\" \/><embed width=\"320\" height=\"266\" src=\"http:\/\/www.youtube.com\/v\/7zp1TbLFPp8&amp;fs=1&amp;source=uds\" type=\"application\/x-shockwave-flash\"><\/embed><\/object><\/div>\n<div style=\"color: #741b47;text-align: justify\"><\/div>\n","protected":false},"excerpt":{"rendered":"<p>COMO YA SAB\u00c9IS, EL PASACALLES DE CARNAVAL TENDR\u00c1 LUGAR EL PR\u00d3XIMO VIERNES, 17 DE FEBRERO SI LAS CONDICIONES METEOROL\u00d3GICAS NOS LO PERMITEN.&nbsp; LOS\/AS ALUMNOS\/AS DE EDUCACI\u00d3N INFANTIL ESTE A\u00d1O SE VAN A DISFRAZAR DE&#46;&#46;&#46;<\/p>\n","protected":false},"author":7570,"featured_media":0,"comment_status":"open","ping_status":"open","sticky":false,"template":"","format":"standard","meta":{"ngg_post_thumbnail":0,"footnotes":""},"categories":[11909],"tags":[],"aioseo_notices":[],"_links":{"self":[{"href":"https:\/\/blogsaverroes.juntadeandalucia.es\/conectaconnuestraaula\/wp-json\/wp\/v2\/posts\/147"}],"collection":[{"href":"https:\/\/blogsaverroes.juntadeandalucia.es\/conectaconnuestraaula\/wp-json\/wp\/v2\/posts"}],"about":[{"href":"https:\/\/blogsaverroes.juntadeandalucia.es\/conectaconnuestraaula\/wp-json\/wp\/v2\/types\/post"}],"author":[{"embeddable":true,"href":"https:\/\/blogsaverroes.juntadeandalucia.es\/conectaconnuestraaula\/wp-json\/wp\/v2\/users\/7570"}],"replies":[{"embeddable":true,"href":"https:\/\/blogsaverroes.juntadeandalucia.es\/conectaconnuestraaula\/wp-json\/wp\/v2\/comments?post=147"}],"version-history":[{"count":0,"href":"https:\/\/blogsaverroes.juntadeandalucia.es\/conectaconnuestraaula\/wp-json\/wp\/v2\/posts\/147\/revisions"}],"wp:attachment":[{"href":"https:\/\/blogsaverroes.juntadeandalucia.es\/conectaconnuestraaula\/wp-json\/wp\/v2\/media?parent=147"}],"wp:term":[{"taxonomy":"category","embeddable":true,"href":"https:\/\/blogsaverroes.juntadeandalucia.es\/conectaconnuestraaula\/wp-json\/wp\/v2\/categories?post=147"},{"taxonomy":"post_tag","embeddable":true,"href":"https:\/\/blogsaverroes.juntadeandalucia.es\/conectaconnuestraaula\/wp-json\/wp\/v2\/tags?post=147"}],"curies":[{"name":"wp","href":"https:\/\/api.w.org\/{rel}","templated":true}]}}