{"id":167,"date":"2011-11-17T18:53:00","date_gmt":"2011-11-17T18:53:00","guid":{"rendered":"https:\/\/blogsaverroes.juntadeandalucia.es\/conectaconnuestraaula\/2011\/11\/17\/"},"modified":"2011-11-17T18:53:00","modified_gmt":"2011-11-17T18:53:00","slug":"167","status":"publish","type":"post","link":"https:\/\/blogsaverroes.juntadeandalucia.es\/conectaconnuestraaula\/2011\/11\/17\/167\/","title":{"rendered":""},"content":{"rendered":"<div style=\"text-align: center\"><b><span style=\"font-size: x-large\">Proyecto: El huerto de mi clase<\/span><\/b><\/p>\n<div style=\"text-align: justify\"><span style=\"font-size: x-large\"><span style=\"font-size: small\">El pap\u00e1 de Nerea se ofreci\u00f3 para hablarnos de las semillas y hacer un huerto en clase. As\u00ed que comenzamos nuestro primer proyecto. Ha sido una experiencia maravillosa, en la que hemos podido ir descubriendo&nbsp; muchas cosas a partir de la experimentaci\u00f3n.<\/span><\/span><\/div>\n<\/div>\n<div style=\"text-align: center\"><\/div>\n<p><span style=\"font-size: x-large\"><\/span><br \/><span style=\"font-size: x-large\"><\/span><br \/><span style=\"font-size: x-large\"><\/span><\/p>\n<div style=\"clear: both;text-align: center\"><object codebase=\"http:\/\/download.macromedia.com\/pub\/shockwave\/cabs\/flash\/swflash.cab#version=6,0,40,0\" height=\"266\" width=\"320\"><param name=\"movie\" value=\"http:\/\/www.youtube.com\/v\/bgO2K7_-b_0?version=3&amp;f=user_uploads&amp;c=google-webdrive-0&amp;app=youtube_gdata\" \/><embed width=\"320\" height=\"266\" src=\"http:\/\/www.youtube.com\/v\/bgO2K7_-b_0?version=3&amp;f=user_uploads&amp;c=google-webdrive-0&amp;app=youtube_gdata\" type=\"application\/x-shockwave-flash\"><\/embed><\/object>&nbsp;<\/div>\n<div style=\"clear: both;text-align: center\"><\/div>\n<div style=\"clear: both;text-align: center\"><\/div>\n<div style=\"clear: both;text-align: center\"><\/div>\n<div style=\"clear: both;text-align: center\"><\/div>\n<div style=\"clear: both;text-align: center\"><\/div>\n<div style=\"clear: both;text-align: center\"><\/div>\n<div style=\"clear: both;text-align: center\"><\/div>\n<div style=\"clear: both;text-align: center\"><\/div>\n<div style=\"clear: both;text-align: center\"><object codebase=\"http:\/\/download.macromedia.com\/pub\/shockwave\/cabs\/flash\/swflash.cab#version=6,0,40,0\" height=\"266\" width=\"320\"><param name=\"movie\" value=\"http:\/\/www.youtube.com\/v\/XWgj0dj-mrQ?version=3&amp;f=user_uploads&amp;c=google-webdrive-0&amp;app=youtube_gdata\" \/><param name=\"bgcolor\" value=\"#FFFFFF\" \/><embed width=\"320\" height=\"266\" src=\"http:\/\/www.youtube.com\/v\/XWgj0dj-mrQ?version=3&amp;f=user_uploads&amp;c=google-webdrive-0&amp;app=youtube_gdata\" type=\"application\/x-shockwave-flash\"><\/embed><\/object><\/div>\n<div style=\"text-align: center\"><\/div>\n<div style=\"text-align: center\"><\/div>\n<div style=\"text-align: center\">\n<div style=\"font-weight: bold\"><a href=\"http:\/\/www.calameo.com\/books\/001024541bc9f2c2a8117\">Libro: El huerto de mi clase<\/a><\/div>\n<div style=\"padding-top: 8px\"><object classid=\"D27CDB6E-AE6D-11cf-96B8-444553540000\" height=\"147\" width=\"240\"><param name=\"movie\" value=\"http:\/\/v.calameo.com\/2.1\/cmini.swf?bkcode=001024541bc9f2c2a8117&amp;langid=es&amp;clickTo=embed&amp;clickTarget=_blank&amp;autoFlip=0&amp;showArrows=1&amp;page=1\" \/><param name=\"wmode\" value=\"transparent\" \/><param name=\"allowscriptaccess\" value=\"always\" \/><param name=\"allowfullscreen\" value=\"true\" \/><param name=\"swfversion\" value=\"9.0.45.0\" \/><!--[if !IE]&gt;--><object type=\"application\/x-shockwave-flash\" data=\"http:\/\/v.calameo.com\/2.1\/cmini.swf?bkcode=001024541bc9f2c2a8117&amp;langid=es&amp;clickTo=embed&amp;clickTarget=_blank&amp;autoFlip=0&amp;showArrows=1&amp;page=1\" width=\"240\" height=\"147\">&lt;!&#8211;<param name=\"quality\" value=\"high\" \/><param name=\"wmode\" value=\"transparent\" \/><param name=\"swfversion\" value=\"9.0.45.0\" \/><param name=\"allowscriptaccess\" value=\"always\" \/><param name=\"allowfullscreen\" value=\"true\" \/><!--[if !IE]&gt;--><\/object>&lt;!&#8211;<\/object><\/div>\n<div style=\"font-size: 11px\"><a href=\"http:\/\/www.calameo.com\/upload\/\">Publish at Calam\u00e9o<\/a> or <a href=\"http:\/\/www.calameo.com\/browse\/\">browse<\/a> others.<\/div>\n<\/div>\n","protected":false},"excerpt":{"rendered":"<p>Proyecto: El huerto de mi clase El pap\u00e1 de Nerea se ofreci\u00f3 para hablarnos de las semillas y hacer un huerto en clase. As\u00ed que comenzamos nuestro primer proyecto. Ha sido una experiencia maravillosa,&#46;&#46;&#46;<\/p>\n","protected":false},"author":7570,"featured_media":0,"comment_status":"open","ping_status":"open","sticky":false,"template":"","format":"standard","meta":{"ngg_post_thumbnail":0,"footnotes":""},"categories":[11909],"tags":[],"aioseo_notices":[],"_links":{"self":[{"href":"https:\/\/blogsaverroes.juntadeandalucia.es\/conectaconnuestraaula\/wp-json\/wp\/v2\/posts\/167"}],"collection":[{"href":"https:\/\/blogsaverroes.juntadeandalucia.es\/conectaconnuestraaula\/wp-json\/wp\/v2\/posts"}],"about":[{"href":"https:\/\/blogsaverroes.juntadeandalucia.es\/conectaconnuestraaula\/wp-json\/wp\/v2\/types\/post"}],"author":[{"embeddable":true,"href":"https:\/\/blogsaverroes.juntadeandalucia.es\/conectaconnuestraaula\/wp-json\/wp\/v2\/users\/7570"}],"replies":[{"embeddable":true,"href":"https:\/\/blogsaverroes.juntadeandalucia.es\/conectaconnuestraaula\/wp-json\/wp\/v2\/comments?post=167"}],"version-history":[{"count":0,"href":"https:\/\/blogsaverroes.juntadeandalucia.es\/conectaconnuestraaula\/wp-json\/wp\/v2\/posts\/167\/revisions"}],"wp:attachment":[{"href":"https:\/\/blogsaverroes.juntadeandalucia.es\/conectaconnuestraaula\/wp-json\/wp\/v2\/media?parent=167"}],"wp:term":[{"taxonomy":"category","embeddable":true,"href":"https:\/\/blogsaverroes.juntadeandalucia.es\/conectaconnuestraaula\/wp-json\/wp\/v2\/categories?post=167"},{"taxonomy":"post_tag","embeddable":true,"href":"https:\/\/blogsaverroes.juntadeandalucia.es\/conectaconnuestraaula\/wp-json\/wp\/v2\/tags?post=167"}],"curies":[{"name":"wp","href":"https:\/\/api.w.org\/{rel}","templated":true}]}}