{"id":26,"date":"2018-05-16T10:12:00","date_gmt":"2018-05-16T10:12:00","guid":{"rendered":""},"modified":"2021-01-01T20:31:32","modified_gmt":"2021-01-01T20:31:32","slug":"cuentacuentos-blancanieves","status":"publish","type":"post","link":"https:\/\/blogsaverroes.juntadeandalucia.es\/conectaconnuestraaula\/2018\/05\/16\/cuentacuentos-blancanieves\/","title":{"rendered":"CUENTACUENTOS: BLANCANIEVES"},"content":{"rendered":"<p>Hoy han venido a contarnos el cuento la mam\u00e1 de Gabriela, Juan Jos\u00e9, Elisabeth y Luc\u00eda, nos han contado el cuento de Blancanieves con unas marionetas.<br \/>\nLo hemos pasado genial y nos han regalado unas caretas chul\u00edsimas.<\/p>\n<div style=\"clear: both;text-align: center\"><a style=\"margin-left: 1em;margin-right: 1em\" href=\"https:\/\/blogsaverroes.juntadeandalucia.es\/conectaconnuestraaula\/files\/2018\/05\/20180517_104237.jpg\"><img loading=\"lazy\" decoding=\"async\" src=\"https:\/\/blogsaverroes.juntadeandalucia.es\/conectaconnuestraaula\/files\/2018\/05\/20180517_104237-300x225.jpg\" width=\"320\" height=\"240\" border=\"0\" data-original-height=\"1200\" data-original-width=\"1600\"><\/a><\/div>\n<p>&nbsp;<\/p>\n<div style=\"clear: both;text-align: center\"><a style=\"margin-left: 1em;margin-right: 1em\" href=\"https:\/\/blogsaverroes.juntadeandalucia.es\/conectaconnuestraaula\/files\/2018\/05\/20180517_104833.jpg\"><img loading=\"lazy\" decoding=\"async\" src=\"https:\/\/blogsaverroes.juntadeandalucia.es\/conectaconnuestraaula\/files\/2018\/05\/20180517_104833-300x225.jpg\" width=\"320\" height=\"240\" border=\"0\" data-original-height=\"1200\" data-original-width=\"1600\"><\/a><\/div>\n<p>&nbsp;<\/p>\n<div style=\"clear: both;text-align: center\"><a style=\"margin-left: 1em;margin-right: 1em\" href=\"https:\/\/blogsaverroes.juntadeandalucia.es\/conectaconnuestraaula\/files\/2018\/05\/20180517_105009.jpg\"><img loading=\"lazy\" decoding=\"async\" src=\"https:\/\/blogsaverroes.juntadeandalucia.es\/conectaconnuestraaula\/files\/2018\/05\/20180517_105009-300x225.jpg\" width=\"320\" height=\"240\" border=\"0\" data-original-height=\"1200\" data-original-width=\"1600\"><\/a><\/div>\n<p>&nbsp;<\/p>\n<div style=\"clear: both;text-align: center\"><a style=\"margin-left: 1em;margin-right: 1em\" href=\"https:\/\/blogsaverroes.juntadeandalucia.es\/conectaconnuestraaula\/files\/2018\/05\/20180517_105127.jpg\"><img loading=\"lazy\" decoding=\"async\" src=\"https:\/\/blogsaverroes.juntadeandalucia.es\/conectaconnuestraaula\/files\/2018\/05\/20180517_105127-300x225.jpg\" width=\"320\" height=\"240\" border=\"0\" data-original-height=\"1200\" data-original-width=\"1600\"><\/a><\/div>\n<p>&nbsp;<\/p>\n<div style=\"clear: both;text-align: center\"><a style=\"margin-left: 1em;margin-right: 1em\" href=\"https:\/\/blogsaverroes.juntadeandalucia.es\/conectaconnuestraaula\/files\/2018\/05\/20180517_105251.jpg\"><img loading=\"lazy\" decoding=\"async\" src=\"https:\/\/blogsaverroes.juntadeandalucia.es\/conectaconnuestraaula\/files\/2018\/05\/20180517_105251-300x225.jpg\" width=\"320\" height=\"240\" border=\"0\" data-original-height=\"1200\" data-original-width=\"1600\"><\/a><\/div>\n<p>&nbsp;<\/p>\n<div style=\"clear: both;text-align: center\"><a style=\"margin-left: 1em;margin-right: 1em\" href=\"https:\/\/blogsaverroes.juntadeandalucia.es\/conectaconnuestraaula\/files\/2018\/05\/20180517_105456.jpg\"><img loading=\"lazy\" decoding=\"async\" src=\"https:\/\/blogsaverroes.juntadeandalucia.es\/conectaconnuestraaula\/files\/2018\/05\/20180517_105456-300x225.jpg\" width=\"320\" height=\"240\" border=\"0\" data-original-height=\"1200\" data-original-width=\"1600\"><\/a><\/div>\n<p>&nbsp;<\/p>\n<div style=\"clear: both;text-align: center\"><a style=\"margin-left: 1em;margin-right: 1em\" href=\"https:\/\/blogsaverroes.juntadeandalucia.es\/conectaconnuestraaula\/files\/2018\/05\/20180517_110003.jpg\"><img loading=\"lazy\" decoding=\"async\" src=\"https:\/\/blogsaverroes.juntadeandalucia.es\/conectaconnuestraaula\/files\/2018\/05\/20180517_110003-300x225.jpg\" width=\"320\" height=\"240\" border=\"0\" data-original-height=\"1200\" data-original-width=\"1600\"><\/a><\/div>\n<p>&nbsp;<\/p>\n","protected":false},"excerpt":{"rendered":"<p>Hoy han venido a contarnos el cuento la mam\u00e1 de Gabriela, Juan Jos\u00e9, Elisabeth y Luc\u00eda, nos han contado el cuento de Blancanieves con unas marionetas. Lo hemos pasado genial y nos han regalado&#46;&#46;&#46;<\/p>\n","protected":false},"author":7570,"featured_media":200,"comment_status":"open","ping_status":"open","sticky":false,"template":"","format":"standard","meta":{"ngg_post_thumbnail":0,"footnotes":""},"categories":[2335324],"tags":[2335325,2335326,2335327],"aioseo_notices":[],"_links":{"self":[{"href":"https:\/\/blogsaverroes.juntadeandalucia.es\/conectaconnuestraaula\/wp-json\/wp\/v2\/posts\/26"}],"collection":[{"href":"https:\/\/blogsaverroes.juntadeandalucia.es\/conectaconnuestraaula\/wp-json\/wp\/v2\/posts"}],"about":[{"href":"https:\/\/blogsaverroes.juntadeandalucia.es\/conectaconnuestraaula\/wp-json\/wp\/v2\/types\/post"}],"author":[{"embeddable":true,"href":"https:\/\/blogsaverroes.juntadeandalucia.es\/conectaconnuestraaula\/wp-json\/wp\/v2\/users\/7570"}],"replies":[{"embeddable":true,"href":"https:\/\/blogsaverroes.juntadeandalucia.es\/conectaconnuestraaula\/wp-json\/wp\/v2\/comments?post=26"}],"version-history":[{"count":3,"href":"https:\/\/blogsaverroes.juntadeandalucia.es\/conectaconnuestraaula\/wp-json\/wp\/v2\/posts\/26\/revisions"}],"predecessor-version":[{"id":348,"href":"https:\/\/blogsaverroes.juntadeandalucia.es\/conectaconnuestraaula\/wp-json\/wp\/v2\/posts\/26\/revisions\/348"}],"wp:featuredmedia":[{"embeddable":true,"href":"https:\/\/blogsaverroes.juntadeandalucia.es\/conectaconnuestraaula\/wp-json\/wp\/v2\/media\/200"}],"wp:attachment":[{"href":"https:\/\/blogsaverroes.juntadeandalucia.es\/conectaconnuestraaula\/wp-json\/wp\/v2\/media?parent=26"}],"wp:term":[{"taxonomy":"category","embeddable":true,"href":"https:\/\/blogsaverroes.juntadeandalucia.es\/conectaconnuestraaula\/wp-json\/wp\/v2\/categories?post=26"},{"taxonomy":"post_tag","embeddable":true,"href":"https:\/\/blogsaverroes.juntadeandalucia.es\/conectaconnuestraaula\/wp-json\/wp\/v2\/tags?post=26"}],"curies":[{"name":"wp","href":"https:\/\/api.w.org\/{rel}","templated":true}]}}