{"id":37,"date":"2018-04-08T17:09:00","date_gmt":"2018-04-08T17:09:00","guid":{"rendered":"https:\/\/blogsaverroes.juntadeandalucia.es\/conectaconnuestraaula\/2018\/04\/08\/acta-de-asamblea-de-clase\/"},"modified":"2021-01-01T20:54:22","modified_gmt":"2021-01-01T20:54:22","slug":"acta-de-asamblea-de-clase","status":"publish","type":"post","link":"https:\/\/blogsaverroes.juntadeandalucia.es\/conectaconnuestraaula\/2018\/04\/08\/acta-de-asamblea-de-clase\/","title":{"rendered":"ACTA DE ASAMBLEA DE CLASE"},"content":{"rendered":"<p>El otro d\u00eda leyendo un art\u00edculo <i>\u00abEl acta de la asamblea de clase: un texto escrito a partir de los 3 a\u00f1os\u00bb de Isabel R\u00edos. Febrero 2008. www. casadeleitura.org\u00bb <\/i>se me ocurri\u00f3 utilizar este tipo de texto para decidir el tema de nuestro pr\u00f3ximo proyecto, por los siguientes objetivos que se pueden alcanzar:<br \/>\n&#8211; Aprender a expresar y argumentar las ideas oralmente<br \/>\n&#8211; Aprender a dejar constancia de forma rigurosa por escrito de hechos y acuerdos tomados<br \/>\n&#8211; Familiarizarse con el formato y los elementos ling\u00fc\u00edsticos de este g\u00e9nero<\/p>\n<p>El trabajo por proyectos comporta m\u00faltiples situaciones en las que los ni\u00f1os y ni\u00f1as, con ayuda de su maestra, deben decidir procedimientos de trabajo, actividades, etc. Una ense\u00f1anza de corte democr\u00e1tico (y por qu\u00e9 no, de educaci\u00f3n para la ciudadan\u00eda) requiere de aprendizajes concretos que en la vida social cada vez son m\u00e1s valorados: el poder de decisi\u00f3n y la aceptaci\u00f3n de aquello decidido<br \/>\nEn las asambleas de clase los ni\u00f1os y ni\u00f1as deciden sobre lo que quieren estudiar, si viene al caso, sobre c\u00f3mo lo har\u00e1n, sobre aspectos de organizaci\u00f3n de la vida del aula, sobre normas de convivencia u otros aspectos que les afectan directamente. Por ello, en esta investigaci\u00f3n las maestras&nbsp; eligieron el acta de dichas asambleas como g\u00e9nero para profundizar en sus posibilidades did\u00e1cticas y sistematizar su uso y desarrollo.<\/p>\n<p>Es incre\u00edble, que la primera vez que hemos utilizado este texto de opini\u00f3n y ya desde tan peque\u00f1os se intentaban discutir para que ganara su elecci\u00f3n. Me ha hecho mucha gracia, y me encanta escribir estas an\u00e9cdotas, cuando nada m\u00e1s decir su elecci\u00f3n la primera ni\u00f1a (Los pintores, porque pintan dibujos), otro ni\u00f1o que estaba deseando que salieran los dinosaurios, le ha dicho: \u00abpues los pintores no pintan nada\u00bb, ese era su argumento para que no saliera el tema de los pintores. A esto otra ni\u00f1a le ha contestado \u00abc\u00f3mo no van a pintar si tienen dos manos\u00bb, \u00a1ah\u00ed queda eso!<\/p>\n<p>Esta es el acta que hemos redactado<\/p>\n<div style=\"clear: both;text-align: center\"><a style=\"margin-left: 1em;margin-right: 1em\" href=\"https:\/\/3.bp.blogspot.com\/-FLiVd0nfbXM\/WspKxnboKuI\/AAAAAAAALn4\/ZZosh21AtwMESRtI-93s4VMPvffeus0JwCLcBGAs\/s1600\/acta1_1.jpg\"><img loading=\"lazy\" decoding=\"async\" src=\"https:\/\/3.bp.blogspot.com\/-FLiVd0nfbXM\/WspKxnboKuI\/AAAAAAAALn4\/ZZosh21AtwMESRtI-93s4VMPvffeus0JwCLcBGAs\/s640\/acta1_1.jpg\" width=\"448\" height=\"640\" border=\"0\" data-original-height=\"1600\" data-original-width=\"1121\"><\/a><\/div>\n<p>&nbsp;<\/p>\n<div style=\"clear: both;text-align: center\"><a style=\"margin-left: 1em;margin-right: 1em\" href=\"https:\/\/1.bp.blogspot.com\/-aMpI5Vskrtc\/WspL7ie2THI\/AAAAAAAALoI\/XeB9Jv6pbbsvKSoCHt1SHFvMBlcrG7dPgCLcBGAs\/s1600\/acta%2B2.jpg\"><img loading=\"lazy\" decoding=\"async\" src=\"https:\/\/1.bp.blogspot.com\/-aMpI5Vskrtc\/WspL7ie2THI\/AAAAAAAALoI\/XeB9Jv6pbbsvKSoCHt1SHFvMBlcrG7dPgCLcBGAs\/s640\/acta%2B2.jpg\" width=\"456\" height=\"640\" border=\"0\" data-original-height=\"1600\" data-original-width=\"1141\"><\/a><\/div>\n<div style=\"clear: both;text-align: center\">&nbsp;<\/div>\n<div style=\"clear: both;text-align: center\">As\u00ed que a por nuestro proyecto de Dinosaurios. Como siempre podemos traer a clase el material que se nos ocurra (libros, canciones, v\u00eddeos&#8230;), que venga alg\u00fan especialista o alguien que sepa cosas sobre este tema, hacer alg\u00fan taller con alguna manualidad, alg\u00fan taller de cuentacuentos relacionado con esta tem\u00e1tica&#8230;.<\/div>\n<div style=\"clear: both;text-align: center\">\u00a1ARRIBA ESA IMAGINACI\u00d3N, CREATIVIDAD Y GANAS DE DISFRUTAR ESTE PROYECTO CON VUESTROS PEQUE\u00d1OS Y PEQUE\u00d1AS!<\/div>\n<div style=\"clear: both;text-align: center\">&nbsp;<\/div>\n","protected":false},"excerpt":{"rendered":"<p>El otro d\u00eda leyendo un art\u00edculo \u00abEl acta de la asamblea de clase: un texto escrito a partir de los 3 a\u00f1os\u00bb de Isabel R\u00edos. Febrero 2008. www. casadeleitura.org\u00bb se me ocurri\u00f3 utilizar este&#46;&#46;&#46;<\/p>\n","protected":false},"author":7570,"featured_media":0,"comment_status":"open","ping_status":"open","sticky":false,"template":"","format":"standard","meta":{"ngg_post_thumbnail":0,"footnotes":""},"categories":[6871,2335308],"tags":[2335333],"aioseo_notices":[],"_links":{"self":[{"href":"https:\/\/blogsaverroes.juntadeandalucia.es\/conectaconnuestraaula\/wp-json\/wp\/v2\/posts\/37"}],"collection":[{"href":"https:\/\/blogsaverroes.juntadeandalucia.es\/conectaconnuestraaula\/wp-json\/wp\/v2\/posts"}],"about":[{"href":"https:\/\/blogsaverroes.juntadeandalucia.es\/conectaconnuestraaula\/wp-json\/wp\/v2\/types\/post"}],"author":[{"embeddable":true,"href":"https:\/\/blogsaverroes.juntadeandalucia.es\/conectaconnuestraaula\/wp-json\/wp\/v2\/users\/7570"}],"replies":[{"embeddable":true,"href":"https:\/\/blogsaverroes.juntadeandalucia.es\/conectaconnuestraaula\/wp-json\/wp\/v2\/comments?post=37"}],"version-history":[{"count":1,"href":"https:\/\/blogsaverroes.juntadeandalucia.es\/conectaconnuestraaula\/wp-json\/wp\/v2\/posts\/37\/revisions"}],"predecessor-version":[{"id":364,"href":"https:\/\/blogsaverroes.juntadeandalucia.es\/conectaconnuestraaula\/wp-json\/wp\/v2\/posts\/37\/revisions\/364"}],"wp:attachment":[{"href":"https:\/\/blogsaverroes.juntadeandalucia.es\/conectaconnuestraaula\/wp-json\/wp\/v2\/media?parent=37"}],"wp:term":[{"taxonomy":"category","embeddable":true,"href":"https:\/\/blogsaverroes.juntadeandalucia.es\/conectaconnuestraaula\/wp-json\/wp\/v2\/categories?post=37"},{"taxonomy":"post_tag","embeddable":true,"href":"https:\/\/blogsaverroes.juntadeandalucia.es\/conectaconnuestraaula\/wp-json\/wp\/v2\/tags?post=37"}],"curies":[{"name":"wp","href":"https:\/\/api.w.org\/{rel}","templated":true}]}}