{"id":49,"date":"2016-02-24T12:37:00","date_gmt":"2016-02-24T12:37:00","guid":{"rendered":"https:\/\/blogsaverroes.juntadeandalucia.es\/conectaconnuestraaula\/2016\/02\/24\/dia-de-andalucia\/"},"modified":"2021-01-01T21:17:56","modified_gmt":"2021-01-01T21:17:56","slug":"dia-de-andalucia","status":"publish","type":"post","link":"https:\/\/blogsaverroes.juntadeandalucia.es\/conectaconnuestraaula\/2016\/02\/24\/dia-de-andalucia\/","title":{"rendered":"D\u00cdA DE ANDALUC\u00cdA"},"content":{"rendered":"<p>Trabajamos varios autores\/as andaluces en todo el centro, organizado por la coordinadora del Plan de Lectura y Biblioteca.<br \/>\nA nuestra clase le ha tocado trabajar a Federico Garc\u00eda Lorca.<br \/>\nComo da la casualidad que los peque\u00f1os quer\u00edan trabajar una poes\u00eda de animales aprovechamos la ocasi\u00f3n y buscamos alguna de Federico Garc\u00eda Lorca que nos guste. Entre tres elegimos la siguiente:<\/p>\n<h3 style=\"background-color: white;border: 0px;color: #0065ae;font-family: ProximaNova-SemiBold;font-size: 22px;font-weight: normal;margin: 15px 0px;padding: 0px;vertical-align: baseline\">El lagarto est\u00e1 llorando. Poes\u00eda de Garc\u00eda Lorca<\/h3>\n<div style=\"background-color: white;border: 0px;color: #333333;float: right;font-family: OpenSans-Regular;font-size: 16px;line-height: 24px;margin-bottom: 10px;margin-left: 10px;padding: 0px;vertical-align: baseline\"><img loading=\"lazy\" decoding=\"async\" style=\"border: 0px;margin: 0px;padding: 0px;vertical-align: baseline\" title=\"El lagarto est\u00e1 llorando.Poema de Garc\u00eda Lorca.\" src=\"http:\/\/www.guiainfantil.com\/uploads\/ocio\/poema-lagarto.jpg\" alt=\"El lagarto est\u00e1 llorando.Poema de Garc\u00eda Lorca.\" width=\"340\" height=\"470\"><\/div>\n<div style=\"background-color: white;border: 0px;color: #333333;font-family: OpenSans-Regular;font-size: 16px;line-height: 24px;margin-bottom: 10px;padding: 0px;vertical-align: baseline\">El lagarto est\u00e1 llorando.&nbsp;<\/div>\n<div style=\"background-color: white;border: 0px;color: #333333;font-family: OpenSans-Regular;font-size: 16px;line-height: 24px;margin-bottom: 10px;padding: 0px;vertical-align: baseline\">&nbsp;<\/div>\n<div style=\"border: 0px;font-size: 16px;height: 0px;margin: 0px;padding: 0px;text-align: center;vertical-align: baseline\">&nbsp;<\/div>\n<p>La lagarta est\u00e1 llorando.<\/p>\n<div style=\"background-color: white;border: 0px;color: #333333;font-family: OpenSans-Regular;font-size: 16px;line-height: 24px;margin-bottom: 10px;padding: 0px;vertical-align: baseline\">El lagarto y la lagarta con delantalitos blancos.<\/div>\n<div style=\"background-color: white;border: 0px;color: #333333;font-family: OpenSans-Regular;font-size: 16px;line-height: 24px;margin-bottom: 10px;padding: 0px;vertical-align: baseline\">Han perdido sin querer&nbsp;<span style=\"border: 0px;font-family: OpenSans-Bold;margin: 0px;padding: 0px;vertical-align: baseline\">su anillo de desposados<\/span>.<\/div>\n<div style=\"background-color: white;border: 0px;color: #333333;font-family: OpenSans-Regular;font-size: 16px;line-height: 24px;margin-bottom: 10px;padding: 0px;vertical-align: baseline\">&nbsp;<\/div>\n<div style=\"background-color: white;border: 0px;color: #333333;font-family: OpenSans-Regular;font-size: 16px;line-height: 24px;margin-bottom: 10px;padding: 0px;vertical-align: baseline\">\u00a1Ay! su anillito de plomo,&nbsp;<\/div>\n<div style=\"background-color: white;border: 0px;color: #333333;font-family: OpenSans-Regular;font-size: 16px;line-height: 24px;margin-bottom: 10px;padding: 0px;vertical-align: baseline\">\u00a1ay! su anillito plomado&nbsp;<\/div>\n<div style=\"background-color: white;border: 0px;color: #333333;font-family: OpenSans-Regular;font-size: 16px;line-height: 24px;margin-bottom: 10px;padding: 0px;vertical-align: baseline\">Un cielo grande y sin gente<\/div>\n<div style=\"background-color: white;border: 0px;color: #333333;font-family: OpenSans-Regular;font-size: 16px;line-height: 24px;margin-bottom: 10px;padding: 0px;vertical-align: baseline\">monta en su globo a los p\u00e1jaros.<\/div>\n<div style=\"background-color: white;border: 0px;color: #333333;font-family: OpenSans-Regular;font-size: 16px;line-height: 24px;margin-bottom: 10px;padding: 0px;vertical-align: baseline\">&nbsp;<\/div>\n<div style=\"background-color: white;border: 0px;color: #333333;font-family: OpenSans-Regular;font-size: 16px;line-height: 24px;margin-bottom: 10px;padding: 0px;vertical-align: baseline\">El sol, capit\u00e1n redondo,&nbsp;<\/div>\n<div style=\"background-color: white;border: 0px;color: #333333;font-family: OpenSans-Regular;font-size: 16px;line-height: 24px;margin-bottom: 10px;padding: 0px;vertical-align: baseline\">lleva un chaleco de raso.<\/div>\n<div style=\"background-color: white;border: 0px;color: #333333;font-family: OpenSans-Regular;font-size: 16px;line-height: 24px;margin-bottom: 10px;padding: 0px;vertical-align: baseline\">\u00a1Miradlos qu\u00e9 viejos son!&nbsp;<\/div>\n<div style=\"background-color: white;border: 0px;color: #333333;font-family: OpenSans-Regular;font-size: 16px;line-height: 24px;margin-bottom: 10px;padding: 0px;vertical-align: baseline\"><span style=\"border: 0px;font-family: OpenSans-Bold;margin: 0px;padding: 0px;vertical-align: baseline\">\u00a1Qu\u00e9 viejos son los lagartos!<\/span><\/div>\n<div style=\"background-color: white;border: 0px;color: #333333;font-family: OpenSans-Regular;font-size: 16px;line-height: 24px;margin-bottom: 10px;padding: 0px;vertical-align: baseline\">&nbsp;<\/div>\n<div style=\"background-color: white;border: 0px;color: #333333;font-family: OpenSans-Regular;font-size: 16px;line-height: 24px;margin-bottom: 10px;padding: 0px;vertical-align: baseline\">\u00a1Ay, c\u00f3mo lloran y lloran!<\/div>\n<div style=\"background-color: white;border: 0px;color: #333333;font-family: OpenSans-Regular;font-size: 16px;line-height: 24px;margin-bottom: 10px;padding: 0px;vertical-align: baseline\">\u00a1Ay, ay, c\u00f3mo est\u00e1n llorando!<\/div>\n<div style=\"background-color: white;border: 0px;color: #333333;font-family: OpenSans-Regular;font-size: 16px;line-height: 24px;margin-bottom: 10px;padding: 0px;vertical-align: baseline\"><span style=\"border: 0px;font-family: OpenSans-Bold;margin: 0px;padding: 0px;vertical-align: baseline\">Autor: Federico Garc\u00eda Lorca<\/span><\/div>\n<p>Estudiamos su biograf\u00eda a trav\u00e9s de este v\u00eddeo:<\/p>\n<div style=\"clear: both;text-align: center\"><iframe loading=\"lazy\" src=\"https:\/\/www.youtube.com\/embed\/74gfmSJlqaI?feature=player_embedded\" width=\"320\" height=\"266\" frameborder=\"0\"><\/iframe><\/div>\n<div style=\"clear: both;text-align: center\">&nbsp;<\/div>\n<div style=\"clear: both;text-align: center\">Tambi\u00e9n escuchamos esta versi\u00f3n del himno en la hora de la relajaci\u00f3n.&nbsp;<\/div>\n<div style=\"clear: both;text-align: center\">Cantada por David de Mar\u00eda, Pastora Soler y Vanesa Mart\u00edn.<\/div>\n<div style=\"clear: both;text-align: center\">Y&#8230;. \u00a1Sale una foto de Federico Garc\u00eda Lorca! A ver si los peque\u00f1os son capaces de encontrarla.<\/div>\n<div style=\"clear: both;text-align: center\">&nbsp;<\/div>\n<p><iframe loading=\"lazy\" src=\"https:\/\/www.youtube.com\/embed\/_WLxFMoXhCU?feature=player_embedded\" width=\"320\" height=\"266\" frameborder=\"0\"><\/iframe><\/p>\n<div style=\"clear: both;text-align: center\">&nbsp;<\/div>\n<div style=\"clear: both;text-align: center\">Los peque\u00f1os\/as tambi\u00e9n se han convertido en poetas y han creado esta poes\u00eda:<\/div>\n<div style=\"clear: both;text-align: center\">&nbsp;<\/div>\n<div style=\"clear: both;text-align: center\"><span style=\"font-size: large\"><b><u>EL OSO POLAR<\/u><\/b><\/span><\/div>\n<div style=\"clear: both;text-align: center\"><a style=\"margin-left: 1em;margin-right: 1em\" href=\"https:\/\/2.bp.blogspot.com\/-3GIHUqAkL3M\/Vt_nlEk4KII\/AAAAAAAAEo0\/Fa3KF8VS8QI\/s1600\/descarga.jpg\"><img loading=\"lazy\" decoding=\"async\" src=\"https:\/\/2.bp.blogspot.com\/-3GIHUqAkL3M\/Vt_nlEk4KII\/AAAAAAAAEo0\/Fa3KF8VS8QI\/s200\/descarga.jpg\" width=\"200\" height=\"149\" border=\"0\"><\/a><\/div>\n<div style=\"text-align: center\" align=\"center\">UN OSO POLAR<\/div>\n<div style=\"text-align: center\" align=\"center\">QUER\u00cdA CANTAR<\/div>\n<div style=\"text-align: center\" align=\"center\">Y TAMBI\u00c9N BAILAR.<\/div>\n<div style=\"text-align: center\" align=\"center\">QUER\u00cdA APRENDER A VOLAR<\/div>\n<div style=\"text-align: center\" align=\"center\">PERO ERA PEQUE\u00d1O<\/div>\n<div style=\"text-align: center\" align=\"center\">Y S\u00d3LO SAB\u00cdA NADAR.<\/div>\n<div style=\"text-align: center\" align=\"center\">EMPEZ\u00d3 A NADAR CON MANGUITOS<\/div>\n<div style=\"text-align: center\" align=\"center\">PERO SE AHOGABA<\/div>\n<div style=\"text-align: center\" align=\"center\">Y LE AYUDARON<\/div>\n<div style=\"text-align: center\" align=\"center\">UNOS GUSANITOS.<\/div>\n<div style=\"text-align: center\" align=\"center\">SU MAM\u00c1 SE LLAMA ROSA<\/div>\n<div style=\"text-align: center\" align=\"center\">Y APARECI\u00d3 UNA MARIPOSA.<\/div>\n<div style=\"text-align: center\" align=\"center\">SU MAM\u00c1 LE DIO DE COMER PESCADO<\/div>\n<div style=\"text-align: center\" align=\"center\">Y DESPU\u00c9S UN HELADO.&nbsp;<\/div>\n<div style=\"text-align: center\" align=\"center\">PERO LE GUSTABA MUCHO EL QUESO<\/div>\n<div style=\"text-align: center\" align=\"center\">Y COMO NO TEN\u00cdA<\/div>\n<div style=\"text-align: center\" align=\"center\">LE DIO UN BESO.<\/div>\n<div style=\"text-align: center\" align=\"center\">COMO NO LE QUEDABA QUESO<\/div>\n<div style=\"text-align: center\" align=\"center\">SE PUSO A LLORAR<\/div>\n<div style=\"text-align: center\" align=\"center\">PERO SU MAM\u00c1<\/div>\n<div style=\"text-align: center\" align=\"center\">LE ENSE\u00d1\u00d3 A NADAR.<\/div>\n<div style=\"text-align: center\" align=\"center\">Y C\u00d3MO SU MAM\u00c1<\/div>\n<div style=\"text-align: center\" align=\"center\">LE QUER\u00cdA MUCHO<\/div>\n<div style=\"text-align: center\" align=\"center\">LE REGAL\u00d3<\/div>\n<div style=\"text-align: center\" align=\"center\">UN CUCURUCHO.<\/div>\n<div style=\"text-align: center\" align=\"center\">&nbsp;<\/div>\n<div style=\"text-align: center\" align=\"center\">Y COLOR\u00cdN COLORADO<\/div>\n<div style=\"text-align: center\" align=\"center\">ESTA POES\u00cdA SE HA ACABADO.<\/div>\n<div style=\"clear: both;text-align: center\"><!--EndFragment--> ACABADO.<\/div>\n<p>Y esta biograf\u00eda hecha por ellos\/as y los retratos de Federico Garc\u00eda Lorca&#8230; \u00a1 no tienen desperdicio !<\/p>\n<div style=\"clear: both;text-align: center\"><span style=\"font-size: x-large;margin-left: 1em;margin-right: 1em\"><a style=\"margin-left: 1em;margin-right: 1em\" href=\"https:\/\/1.bp.blogspot.com\/-2wH4mamKWW4\/Vt_qNnGJAEI\/AAAAAAAAEpE\/ikwIt9qh6vU\/s1600\/NuevoDocumento%2B2_1.jpg\"><img loading=\"lazy\" decoding=\"async\" src=\"https:\/\/1.bp.blogspot.com\/-2wH4mamKWW4\/Vt_qNnGJAEI\/AAAAAAAAEpE\/ikwIt9qh6vU\/s640\/NuevoDocumento%2B2_1.jpg\" width=\"424\" height=\"640\" border=\"0\"><\/a><\/span><\/div>\n<div style=\"clear: both;text-align: center\"><a style=\"margin-left: 1em;margin-right: 1em\" href=\"https:\/\/4.bp.blogspot.com\/-I_mxo2dziXU\/VuAZXSHRgpI\/AAAAAAAAEpk\/LdUgat8mYUw\/s1600\/IMG-20160309-WA0005.jpg\"><img loading=\"lazy\" decoding=\"async\" src=\"https:\/\/4.bp.blogspot.com\/-I_mxo2dziXU\/VuAZXSHRgpI\/AAAAAAAAEpk\/LdUgat8mYUw\/s320\/IMG-20160309-WA0005.jpg\" width=\"320\" height=\"252\" border=\"0\"><\/a><\/div>\n<div style=\"clear: both;text-align: center\"><a style=\"margin-left: 1em;margin-right: 1em\" href=\"https:\/\/4.bp.blogspot.com\/-uAWbfyKMg6Y\/VuAZnlSo3eI\/AAAAAAAAEps\/Fm1IlkoF0V4\/s1600\/IMG-20160309-WA0001.jpg\"><img loading=\"lazy\" decoding=\"async\" src=\"https:\/\/4.bp.blogspot.com\/-uAWbfyKMg6Y\/VuAZnlSo3eI\/AAAAAAAAEps\/Fm1IlkoF0V4\/s320\/IMG-20160309-WA0001.jpg\" width=\"320\" height=\"254\" border=\"0\"><\/a><\/div>\n<p>&nbsp;<\/p>\n<div style=\"clear: both;text-align: center\"><a style=\"margin-left: 1em;margin-right: 1em\" href=\"https:\/\/1.bp.blogspot.com\/-Ve4WMnzIj70\/VuAZsRJmdeI\/AAAAAAAAEpw\/e1_vdUm9vb8\/s1600\/IMG-20160309-WA0003.jpg\"><img loading=\"lazy\" decoding=\"async\" src=\"https:\/\/1.bp.blogspot.com\/-Ve4WMnzIj70\/VuAZsRJmdeI\/AAAAAAAAEpw\/e1_vdUm9vb8\/s320\/IMG-20160309-WA0003.jpg\" width=\"320\" height=\"254\" border=\"0\"><\/a><\/div>\n<p>&nbsp;<\/p>\n<div style=\"clear: both;text-align: center\"><a style=\"margin-left: 1em;margin-right: 1em\" href=\"https:\/\/1.bp.blogspot.com\/-UMbAx_K2wZA\/VuAZstGwDsI\/AAAAAAAAEp0\/yIJ_wuULEwc\/s1600\/IMG-20160309-WA0004.jpg\"><img loading=\"lazy\" decoding=\"async\" src=\"https:\/\/1.bp.blogspot.com\/-UMbAx_K2wZA\/VuAZstGwDsI\/AAAAAAAAEp0\/yIJ_wuULEwc\/s320\/IMG-20160309-WA0004.jpg\" width=\"320\" height=\"255\" border=\"0\"><\/a><\/div>\n<div style=\"clear: both;text-align: center\">&nbsp;<\/div>\n<p>&nbsp;<\/p>\n<div style=\"clear: both;text-align: center\">&nbsp;<\/div>\n","protected":false},"excerpt":{"rendered":"<p>Trabajamos varios autores\/as andaluces en todo el centro, organizado por la coordinadora del Plan de Lectura y Biblioteca. A nuestra clase le ha tocado trabajar a Federico Garc\u00eda Lorca. Como da la casualidad que&#46;&#46;&#46;<\/p>\n","protected":false},"author":7570,"featured_media":0,"comment_status":"open","ping_status":"open","sticky":false,"template":"","format":"standard","meta":{"ngg_post_thumbnail":0,"footnotes":""},"categories":[6871,2335307],"tags":[2335340],"aioseo_notices":[],"_links":{"self":[{"href":"https:\/\/blogsaverroes.juntadeandalucia.es\/conectaconnuestraaula\/wp-json\/wp\/v2\/posts\/49"}],"collection":[{"href":"https:\/\/blogsaverroes.juntadeandalucia.es\/conectaconnuestraaula\/wp-json\/wp\/v2\/posts"}],"about":[{"href":"https:\/\/blogsaverroes.juntadeandalucia.es\/conectaconnuestraaula\/wp-json\/wp\/v2\/types\/post"}],"author":[{"embeddable":true,"href":"https:\/\/blogsaverroes.juntadeandalucia.es\/conectaconnuestraaula\/wp-json\/wp\/v2\/users\/7570"}],"replies":[{"embeddable":true,"href":"https:\/\/blogsaverroes.juntadeandalucia.es\/conectaconnuestraaula\/wp-json\/wp\/v2\/comments?post=49"}],"version-history":[{"count":1,"href":"https:\/\/blogsaverroes.juntadeandalucia.es\/conectaconnuestraaula\/wp-json\/wp\/v2\/posts\/49\/revisions"}],"predecessor-version":[{"id":377,"href":"https:\/\/blogsaverroes.juntadeandalucia.es\/conectaconnuestraaula\/wp-json\/wp\/v2\/posts\/49\/revisions\/377"}],"wp:attachment":[{"href":"https:\/\/blogsaverroes.juntadeandalucia.es\/conectaconnuestraaula\/wp-json\/wp\/v2\/media?parent=49"}],"wp:term":[{"taxonomy":"category","embeddable":true,"href":"https:\/\/blogsaverroes.juntadeandalucia.es\/conectaconnuestraaula\/wp-json\/wp\/v2\/categories?post=49"},{"taxonomy":"post_tag","embeddable":true,"href":"https:\/\/blogsaverroes.juntadeandalucia.es\/conectaconnuestraaula\/wp-json\/wp\/v2\/tags?post=49"}],"curies":[{"name":"wp","href":"https:\/\/api.w.org\/{rel}","templated":true}]}}