{"id":1033,"date":"2022-06-09T10:27:54","date_gmt":"2022-06-09T09:27:54","guid":{"rendered":"https:\/\/blogsaverroes.juntadeandalucia.es\/conservatorioalbox\/?p=1033"},"modified":"2022-06-15T09:29:44","modified_gmt":"2022-06-15T08:29:44","slug":"audiciones-final-de-curso","status":"publish","type":"post","link":"https:\/\/blogsaverroes.juntadeandalucia.es\/conservatorioalbox\/audiciones-final-de-curso\/","title":{"rendered":"AUDICIONES FINAL DE CURSO"},"content":{"rendered":"<p>Durante la pr\u00f3xima semana, en el Sal\u00f3n de Actos Federico Garc\u00eda Lorca (Conservatorio) se llevar\u00e1n a cabo las audiciones de las distintas especialidades en las que el alumnado dar\u00e1 una muestra de lo trabajado durante los \u00faltimos meses. Adem\u00e1s, a modo de cierre de curso, el pr\u00f3ximo mi\u00e9rcoles 22 de junio a partir de las 20:00 se realizar\u00e1 un concierto del Coro del Conservatorio con la colaboraci\u00f3n de la Banda Municipal de M\u00fasica de Albox en la Parroquia de la Concepci\u00f3n (Pl. San Francisco &#8211; La Loma).<\/p>\n","protected":false},"excerpt":{"rendered":"<p>Durante la pr\u00f3xima semana, en el Sal\u00f3n de Actos Federico Garc\u00eda Lorca (Conservatorio) se llevar\u00e1n a cabo las audiciones de las distintas especialidades en las que el alumnado dar\u00e1 una muestra de lo trabajado durante los \u00faltimos meses. Adem\u00e1s, a modo de cierre de curso, el pr\u00f3ximo mi\u00e9rcoles 22 de junio a partir de las [&hellip;]<\/p>\n","protected":false},"author":6802,"featured_media":1045,"comment_status":"closed","ping_status":"open","sticky":false,"template":"","format":"standard","meta":{"_et_pb_use_builder":"","_et_pb_old_content":"","_et_gb_content_width":"","ngg_post_thumbnail":0,"footnotes":""},"categories":[1],"tags":[],"aioseo_notices":[],"post_mailing_queue_ids":[],"_links":{"self":[{"href":"https:\/\/blogsaverroes.juntadeandalucia.es\/conservatorioalbox\/wp-json\/wp\/v2\/posts\/1033"}],"collection":[{"href":"https:\/\/blogsaverroes.juntadeandalucia.es\/conservatorioalbox\/wp-json\/wp\/v2\/posts"}],"about":[{"href":"https:\/\/blogsaverroes.juntadeandalucia.es\/conservatorioalbox\/wp-json\/wp\/v2\/types\/post"}],"author":[{"embeddable":true,"href":"https:\/\/blogsaverroes.juntadeandalucia.es\/conservatorioalbox\/wp-json\/wp\/v2\/users\/6802"}],"replies":[{"embeddable":true,"href":"https:\/\/blogsaverroes.juntadeandalucia.es\/conservatorioalbox\/wp-json\/wp\/v2\/comments?post=1033"}],"version-history":[{"count":3,"href":"https:\/\/blogsaverroes.juntadeandalucia.es\/conservatorioalbox\/wp-json\/wp\/v2\/posts\/1033\/revisions"}],"predecessor-version":[{"id":1046,"href":"https:\/\/blogsaverroes.juntadeandalucia.es\/conservatorioalbox\/wp-json\/wp\/v2\/posts\/1033\/revisions\/1046"}],"wp:featuredmedia":[{"embeddable":true,"href":"https:\/\/blogsaverroes.juntadeandalucia.es\/conservatorioalbox\/wp-json\/wp\/v2\/media\/1045"}],"wp:attachment":[{"href":"https:\/\/blogsaverroes.juntadeandalucia.es\/conservatorioalbox\/wp-json\/wp\/v2\/media?parent=1033"}],"wp:term":[{"taxonomy":"category","embeddable":true,"href":"https:\/\/blogsaverroes.juntadeandalucia.es\/conservatorioalbox\/wp-json\/wp\/v2\/categories?post=1033"},{"taxonomy":"post_tag","embeddable":true,"href":"https:\/\/blogsaverroes.juntadeandalucia.es\/conservatorioalbox\/wp-json\/wp\/v2\/tags?post=1033"}],"curies":[{"name":"wp","href":"https:\/\/api.w.org\/{rel}","templated":true}]}}