{"id":1289,"date":"2023-05-25T15:38:13","date_gmt":"2023-05-25T14:38:13","guid":{"rendered":"https:\/\/blogsaverroes.juntadeandalucia.es\/conservatorioalbox\/?p=1289"},"modified":"2023-06-26T18:24:28","modified_gmt":"2023-06-26T17:24:28","slug":"audiciones-fin-de-curso-junio-2023","status":"publish","type":"post","link":"https:\/\/blogsaverroes.juntadeandalucia.es\/conservatorioalbox\/audiciones-fin-de-curso-junio-2023\/","title":{"rendered":"AUDICIONES FIN DE CURSO &#8211; JUNIO 2023"},"content":{"rendered":"<div class=\"x11i5rnm xat24cr x1mh8g0r x1vvkbs xtlvy1s x126k92a\">\n<div dir=\"auto\">Las fechas previstas para las Audiciones de &nbsp;Fin &nbsp;de Curso ser\u00e1n las siguientes:&nbsp;<\/div>\n<\/div>\n<div class=\"x11i5rnm xat24cr x1mh8g0r x1vvkbs xtlvy1s x126k92a\">\n<ul>\n<li>&nbsp;Mi\u00e9rcoles 14 de Junio a las 18:00h &#8211; 1er Ciclo de Guitarra y Viol\u00edn.<\/li>\n<li>&nbsp;Mi\u00e9rcoles 14 de Junio a las 19:00h &#8211; Clarinete y Flauta .<\/li>\n<li>&nbsp;Jueves 15 de Junio a las 18:00h &nbsp;2\u00ba Ciclo de Guitarra y Trompeta.<\/li>\n<li>Jueves 15 de Junio a las 19:00h, Audici\u00f3n de Piano&nbsp;Presentaci\u00f3n y Exposici\u00f3n de actividades del Taller de Pintura &nbsp;de Ana Bel\u00e9n de Albox.<\/li>\n<li>Jueves 15 de Junio a las 20:00h &#8211; Coro.<\/li>\n<\/ul>\n<\/div>\n<div class=\"x11i5rnm xat24cr x1mh8g0r x1vvkbs xtlvy1s x126k92a\">&nbsp;<\/div>\n<div class=\"x11i5rnm xat24cr x1mh8g0r x1vvkbs xtlvy1s x126k92a\">\n<p>Se har\u00e1 entrega de la orla a nuestro alumnado de 4\u00b0 y algunos premios y galardones de pintura.<a href=\"https:\/\/blogsaverroes.juntadeandalucia.es\/conservatorioalbox\/files\/2023\/05\/Cartel.jpeg\"><img loading=\"lazy\" decoding=\"async\" class=\"aligncenter size-full wp-image-1290\" src=\"https:\/\/blogsaverroes.juntadeandalucia.es\/conservatorioalbox\/files\/2023\/05\/Cartel.jpeg\" alt=\"\" width=\"905\" height=\"1280\" srcset=\"https:\/\/blogsaverroes.juntadeandalucia.es\/conservatorioalbox\/files\/2023\/05\/Cartel.jpeg 905w, https:\/\/blogsaverroes.juntadeandalucia.es\/conservatorioalbox\/files\/2023\/05\/Cartel-212x300.jpeg 212w, https:\/\/blogsaverroes.juntadeandalucia.es\/conservatorioalbox\/files\/2023\/05\/Cartel-724x1024.jpeg 724w, https:\/\/blogsaverroes.juntadeandalucia.es\/conservatorioalbox\/files\/2023\/05\/Cartel-768x1086.jpeg 768w\" sizes=\"(max-width: 905px) 100vw, 905px\" \/><\/a><\/p>\n<\/div>\n<div class=\"x11i5rnm xat24cr x1mh8g0r x1vvkbs xtlvy1s x126k92a\">\n<div dir=\"auto\">Como siempre, nos hace mucha ilusi\u00f3n vuestra presencia.<\/div>\n<div dir=\"auto\">\u00a1\u00a1Muchas Gracias!!<\/div>\n<\/div>\n","protected":false},"excerpt":{"rendered":"<p>Las fechas previstas para las Audiciones de &nbsp;Fin &nbsp;de Curso ser\u00e1n las siguientes:&nbsp; &nbsp;Mi\u00e9rcoles 14 de Junio a las 18:00h &#8211; 1er Ciclo de Guitarra y Viol\u00edn. &nbsp;Mi\u00e9rcoles 14 de Junio a las 19:00h &#8211; Clarinete y Flauta . &nbsp;Jueves 15 de Junio a las 18:00h &nbsp;2\u00ba Ciclo de Guitarra y Trompeta. Jueves 15 de [&hellip;]<\/p>\n","protected":false},"author":6802,"featured_media":0,"comment_status":"closed","ping_status":"open","sticky":false,"template":"","format":"standard","meta":{"_et_pb_use_builder":"","_et_pb_old_content":"","_et_gb_content_width":"","ngg_post_thumbnail":0,"footnotes":""},"categories":[5],"tags":[],"aioseo_notices":[],"post_mailing_queue_ids":[],"_links":{"self":[{"href":"https:\/\/blogsaverroes.juntadeandalucia.es\/conservatorioalbox\/wp-json\/wp\/v2\/posts\/1289"}],"collection":[{"href":"https:\/\/blogsaverroes.juntadeandalucia.es\/conservatorioalbox\/wp-json\/wp\/v2\/posts"}],"about":[{"href":"https:\/\/blogsaverroes.juntadeandalucia.es\/conservatorioalbox\/wp-json\/wp\/v2\/types\/post"}],"author":[{"embeddable":true,"href":"https:\/\/blogsaverroes.juntadeandalucia.es\/conservatorioalbox\/wp-json\/wp\/v2\/users\/6802"}],"replies":[{"embeddable":true,"href":"https:\/\/blogsaverroes.juntadeandalucia.es\/conservatorioalbox\/wp-json\/wp\/v2\/comments?post=1289"}],"version-history":[{"count":1,"href":"https:\/\/blogsaverroes.juntadeandalucia.es\/conservatorioalbox\/wp-json\/wp\/v2\/posts\/1289\/revisions"}],"predecessor-version":[{"id":1291,"href":"https:\/\/blogsaverroes.juntadeandalucia.es\/conservatorioalbox\/wp-json\/wp\/v2\/posts\/1289\/revisions\/1291"}],"wp:attachment":[{"href":"https:\/\/blogsaverroes.juntadeandalucia.es\/conservatorioalbox\/wp-json\/wp\/v2\/media?parent=1289"}],"wp:term":[{"taxonomy":"category","embeddable":true,"href":"https:\/\/blogsaverroes.juntadeandalucia.es\/conservatorioalbox\/wp-json\/wp\/v2\/categories?post=1289"},{"taxonomy":"post_tag","embeddable":true,"href":"https:\/\/blogsaverroes.juntadeandalucia.es\/conservatorioalbox\/wp-json\/wp\/v2\/tags?post=1289"}],"curies":[{"name":"wp","href":"https:\/\/api.w.org\/{rel}","templated":true}]}}