{"id":850,"date":"2021-12-17T17:53:18","date_gmt":"2021-12-17T16:53:18","guid":{"rendered":"https:\/\/blogsaverroes.juntadeandalucia.es\/conservatorioalbox\/?p=850"},"modified":"2022-03-09T10:49:33","modified_gmt":"2022-03-09T09:49:33","slug":"audicion-de-navidad-2021","status":"publish","type":"post","link":"https:\/\/blogsaverroes.juntadeandalucia.es\/conservatorioalbox\/audicion-de-navidad-2021\/","title":{"rendered":"Audici\u00f3n de Navidad 2021"},"content":{"rendered":"<p>[et_pb_section fb_built=&#8221;1&#8243; _builder_version=&#8221;3.22&#8243; global_colors_info=&#8221;{}&#8221;][et_pb_row _builder_version=&#8221;3.25&#8243; background_size=&#8221;initial&#8221; background_position=&#8221;top_left&#8221; background_repeat=&#8221;repeat&#8221; global_colors_info=&#8221;{}&#8221;][et_pb_column type=&#8221;4_4&#8243; _builder_version=&#8221;3.25&#8243; custom_padding=&#8221;|||&#8221; global_colors_info=&#8221;{}&#8221; custom_padding__hover=&#8221;|||&#8221;][et_pb_text _builder_version=&#8221;4.14.5&#8243; background_size=&#8221;initial&#8221; background_position=&#8221;top_left&#8221; background_repeat=&#8221;repeat&#8221; hover_enabled=&#8221;0&#8243; global_colors_info=&#8221;{}&#8221; sticky_enabled=&#8221;0&#8243;]<\/p>\n<div class=\"kvgmc6g5 cxmmr5t8 oygrvhab hcukyx3x c1et5uql ii04i59q\">\n<div dir=\"auto\">\n<p>El pr\u00f3ximo martes 21 de diciembre a partir de las 18:00 realizaremos la AUDICI\u00d3N DE NAVIDAD en el sal\u00f3n de actos del conservatorio.<\/p>\n<\/div>\n<\/div>\n<div class=\"cxmmr5t8 oygrvhab hcukyx3x c1et5uql o9v6fnle ii04i59q\">\n<div dir=\"auto\">\n<p>El pasado lunes 13 de diciembre, el Consejo Escolar acord\u00f3 por unanimidad que esta actividad se realizara sin p\u00fablico dada la situaci\u00f3n sanitaria actual y cumpliendo con el protocolo Covid-19.<\/p>\n<\/div>\n<\/div>\n<div class=\"cxmmr5t8 oygrvhab hcukyx3x c1et5uql o9v6fnle ii04i59q\">\n<div dir=\"auto\">La audici\u00f3n podr\u00e1 seguirse en directo a trav\u00e9s de la p\u00e1gina de Facebook del <a class=\"oajrlxb2 g5ia77u1 qu0x051f esr5mh6w e9989ue4 r7d6kgcz rq0escxv nhd2j8a9 nc684nl6 p7hjln8o kvgmc6g5 cxmmr5t8 oygrvhab hcukyx3x jb3vyjys rz4wbd8a qt6c0cv9 a8nywdso i1ao9s8h esuyzwwr f1sip0of lzcic4wl gpro0wi8 q66pz984 b1v8xokw\" role=\"link\" href=\"https:\/\/www.facebook.com\/conservatoriodealbox?__cft__[0]=AZWKx5fFgThTdwy-5Aula2NUCUzUfA6g0AbuDLMFtYKHCswoLulEruVHmt7GGuN6a8_zB5_eQPYz6WmTS2YYkLTp4R_WFwZqY21pg6tHm2ENxroo7OxHMTdeI8KYO7-EnJcgJCiAvW3JTnlc2iGJyrf_-I882DDGc3FIemmotkWmOfQ2i8OHHOejOjkiz-cNil5ftPYLUD5vd-oKfEiM3MN5&amp;__tn__=-]K-y-R\"><span class=\"nc684nl6\">Conservatorio Albox<\/span><\/a>.<\/div>\n<\/div>\n<div dir=\"auto\">&nbsp;<\/div>\n<div dir=\"auto\">[ACTUALIZACI\u00d3N] Se puede ver la grabaci\u00f3n de la retransmisi\u00f3n en directo que tuvo el lugar el 21 de diciembre de 2022 en nuestra p\u00e1gina de Facebook (haciendo click <strong><span style=\"color: #00ccff\"><a style=\"color: #00ccff\" href=\"https:\/\/www.facebook.com\/conservatoriodealbox\/videos\/635587534457574\">aqu\u00ed<\/a><\/span><\/strong>).<\/div>\n<p>[\/et_pb_text][\/et_pb_column][\/et_pb_row][\/et_pb_section]<\/p>\n","protected":false},"excerpt":{"rendered":"<p>El pr\u00f3ximo martes 21 de diciembre a partir de las 18:00 realizaremos la AUDICI\u00d3N DE NAVIDAD en el sal\u00f3n de actos del conservatorio. El pasado lunes 13 de diciembre, el Consejo Escolar acord\u00f3 por unanimidad que esta actividad se realizara sin p\u00fablico dada la situaci\u00f3n sanitaria actual y cumpliendo con el protocolo Covid-19. La audici\u00f3n [&hellip;]<\/p>\n","protected":false},"author":6802,"featured_media":853,"comment_status":"closed","ping_status":"open","sticky":false,"template":"","format":"standard","meta":{"_et_pb_use_builder":"on","_et_pb_old_content":"","_et_gb_content_width":"","ngg_post_thumbnail":0,"footnotes":""},"categories":[1],"tags":[],"aioseo_notices":[],"post_mailing_queue_ids":[],"_links":{"self":[{"href":"https:\/\/blogsaverroes.juntadeandalucia.es\/conservatorioalbox\/wp-json\/wp\/v2\/posts\/850"}],"collection":[{"href":"https:\/\/blogsaverroes.juntadeandalucia.es\/conservatorioalbox\/wp-json\/wp\/v2\/posts"}],"about":[{"href":"https:\/\/blogsaverroes.juntadeandalucia.es\/conservatorioalbox\/wp-json\/wp\/v2\/types\/post"}],"author":[{"embeddable":true,"href":"https:\/\/blogsaverroes.juntadeandalucia.es\/conservatorioalbox\/wp-json\/wp\/v2\/users\/6802"}],"replies":[{"embeddable":true,"href":"https:\/\/blogsaverroes.juntadeandalucia.es\/conservatorioalbox\/wp-json\/wp\/v2\/comments?post=850"}],"version-history":[{"count":7,"href":"https:\/\/blogsaverroes.juntadeandalucia.es\/conservatorioalbox\/wp-json\/wp\/v2\/posts\/850\/revisions"}],"predecessor-version":[{"id":943,"href":"https:\/\/blogsaverroes.juntadeandalucia.es\/conservatorioalbox\/wp-json\/wp\/v2\/posts\/850\/revisions\/943"}],"wp:featuredmedia":[{"embeddable":true,"href":"https:\/\/blogsaverroes.juntadeandalucia.es\/conservatorioalbox\/wp-json\/wp\/v2\/media\/853"}],"wp:attachment":[{"href":"https:\/\/blogsaverroes.juntadeandalucia.es\/conservatorioalbox\/wp-json\/wp\/v2\/media?parent=850"}],"wp:term":[{"taxonomy":"category","embeddable":true,"href":"https:\/\/blogsaverroes.juntadeandalucia.es\/conservatorioalbox\/wp-json\/wp\/v2\/categories?post=850"},{"taxonomy":"post_tag","embeddable":true,"href":"https:\/\/blogsaverroes.juntadeandalucia.es\/conservatorioalbox\/wp-json\/wp\/v2\/tags?post=850"}],"curies":[{"name":"wp","href":"https:\/\/api.w.org\/{rel}","templated":true}]}}