{"id":754,"date":"2024-05-16T12:43:56","date_gmt":"2024-05-16T11:43:56","guid":{"rendered":"https:\/\/blogsaverroes.juntadeandalucia.es\/conservatoriodemontoro\/?p=754"},"modified":"2024-05-16T13:08:43","modified_gmt":"2024-05-16T12:08:43","slug":"publicacion-de-las-listas-de-admitidos-a-las-pruebas-de-aptitud-de-las-ensenanzas-basicas-de-musica-y-convocatoria-de-la-prueba","status":"publish","type":"post","link":"https:\/\/blogsaverroes.juntadeandalucia.es\/conservatoriodemontoro\/publicacion-de-las-listas-de-admitidos-a-las-pruebas-de-aptitud-de-las-ensenanzas-basicas-de-musica-y-convocatoria-de-la-prueba\/","title":{"rendered":"PUBLICACI\u00d3N DE LAS LISTAS DE ADMITIDOS A LAS PRUEBAS DE APTITUD DE LAS ENSE\u00d1ANZAS B\u00c1SICAS DE M\u00daSICA Y CONVOCATORIA DE LA PRUEBA"},"content":{"rendered":"<p>[et_pb_section fb_built=&#8221;1&#8243; admin_label=&#8221;section&#8221; _builder_version=&#8221;4.16&#8243; global_colors_info=&#8221;{}&#8221;][et_pb_row admin_label=&#8221;row&#8221; _builder_version=&#8221;4.16&#8243; background_size=&#8221;initial&#8221; background_position=&#8221;top_left&#8221; background_repeat=&#8221;repeat&#8221; global_colors_info=&#8221;{}&#8221;][et_pb_column type=&#8221;4_4&#8243; _builder_version=&#8221;4.16&#8243; custom_padding=&#8221;|||&#8221; global_colors_info=&#8221;{}&#8221; custom_padding__hover=&#8221;|||&#8221;][et_pb_text admin_label=&#8221;Text&#8221; _builder_version=&#8221;4.16&#8243; background_size=&#8221;initial&#8221; background_position=&#8221;top_left&#8221; background_repeat=&#8221;repeat&#8221; global_colors_info=&#8221;{}&#8221;]<\/p>\n<p style=\"font-weight: 400\">Estimadas familias:<\/p>\n<p style=\"font-weight: 400\">Se comunica que en el tabl\u00f3n de anuncios de nuestro Conservatorio se encuentran publicadas las listas de admitidos para realizar las Pruebas de Aptitud y la convocatoria para realizar dicha prueba. Al final de la entrada adjuntamos la resoluci\u00f3n de la convocatoria y la relaci\u00f3n de alumnos admitidos a las pruebas.<\/p>\n<p style=\"font-weight: 400\"><b><strong>INFORMACI\u00d3N SOBRE LA PRUEBA DE APTITUD A <\/strong><\/b><b><strong>1\u00ba CURSO DE E.E.B.B.<\/strong><\/b><\/p>\n<p style=\"font-weight: 400\">1-\u00a0\u00a0\u00a0\u00a0<b><strong>D\u00eda y lugar de celebraci\u00f3n de las Pruebas de Aptitud<\/strong><\/b>. Las pruebas se llevar\u00e1n a cabo el lunes 27 de mayo de 2024, en el Conservatorio Elemental de M\u00fasica \u201cJuan Mohedo Canales\u201d de Montoro.<\/p>\n<p style=\"font-weight: 400\">2-\u00a0\u00a0\u00a0\u00a0\u00a0<b><strong>Contenido de las pruebas<\/strong><\/b>. La prueba consiste en:<\/p>\n<p style=\"font-weight: 400\">\u00a0 \u00a0 \u00a01) Prueba r\u00edtmica: Imitaci\u00f3n de f\u00f3rmulas r\u00edtmicas.<\/p>\n<p style=\"font-weight: 400\">\u00a0 \u00a0 \u00a02) Prueba mel\u00f3dica.<\/p>\n<p style=\"font-weight: 400\">\u00a0 \u00a0 \u00a0 \u00a0 \u00a0 \u00a0 \u00a0 \u00a0 \u00a02.1) Imitaci\u00f3n mel\u00f3dica<\/p>\n<p style=\"font-weight: 400\">\u00a0 \u00a0 \u00a0 \u00a0 \u00a0 \u00a0 \u00a0 \u00a0 \u00a02.2) Canciones a interpretar de libre elecci\u00f3n<\/p>\n<p style=\"font-weight: 400\">3-\u00a0\u00a0\u00a0\u00a0<b><strong>Convocatoria del alumnado por franjas horarias.<\/strong><\/b>\u00a0Se convoca al alumnado aspirante, ordenado alfab\u00e9ticamente y por franjas horarias, de la siguiente manera:\u00a0<\/p>\n<p style=\"font-weight: 400\">\u00a0 \u00a0 \u00a0 \u00a0 \u00a0 \u00a0 \u00a0 \u00a0 \u00a0 \u00a0 \u00a0 De 18h a 18.30h:\u00a0\u00a0Desde Cabrera Arenas hasta Fern\u00e1ndez Calvente<\/p>\n<p style=\"font-weight: 400\">\u00a0 \u00a0 \u00a0 \u00a0 \u00a0 \u00a0 \u00a0 \u00a0 \u00a0 \u00a0 \u00a0 De 18.30h a 19h:\u00a0Desde Garc\u00eda Gonz\u00e1lez hasta Notario Garc\u00eda<\/p>\n<p style=\"font-weight: 400\">\u00a0 \u00a0 \u00a0 \u00a0 \u00a0 \u00a0 \u00a0 \u00a0 \u00a0 \u00a0 \u00a0\u00a0De 19h a 19.30h:\u00a0Desde Ondo\u00f1o Agudo hasta Rico Tendero<\/p>\n<p style=\"font-weight: 400\">\u00a0 \u00a0 \u00a0 \u00a0 \u00a0 \u00a0 \u00a0 \u00a0 \u00a0 \u00a0 \u00a0\u00a0De 19.30h a 20h:\u00a0De Rojas Madrid a Salinas Delgado<\/p>\n<p>[\/et_pb_text][et_pb_button button_text=&#8221;Relaci\u00f3n de admitidos&#8221; _builder_version=&#8221;4.24.2&#8243; _module_preset=&#8221;default&#8221; button_url=&#8221;https:\/\/blogsaverroes.juntadeandalucia.es\/conservatoriodemontoro\/files\/2024\/05\/Relacion-de-admitidos-1.pdf&#8221; hover_enabled=&#8221;0&#8243; sticky_enabled=&#8221;0&#8243;][\/et_pb_button][et_pb_button button_text=&#8221;Convocatoria&#8221; _builder_version=&#8221;4.24.2&#8243; _module_preset=&#8221;default&#8221; button_url=&#8221;https:\/\/blogsaverroes.juntadeandalucia.es\/conservatoriodemontoro\/files\/2024\/05\/Convocatoria-Pruebas-de-Aptitud-1.pdf&#8221; hover_enabled=&#8221;0&#8243; sticky_enabled=&#8221;0&#8243;][\/et_pb_button][\/et_pb_column][\/et_pb_row][\/et_pb_section]<\/p>\n","protected":false},"excerpt":{"rendered":"<p>Estimadas familias: Se comunica que en el tabl\u00f3n de anuncios de nuestro Conservatorio se encuentran publicadas las listas de admitidos para realizar las Pruebas de Aptitud y la convocatoria para realizar dicha prueba. Al final de la entrada adjuntamos la resoluci\u00f3n de la convocatoria y la relaci\u00f3n de alumnos admitidos a las pruebas. INFORMACI\u00d3N SOBRE [&hellip;]<\/p>\n","protected":false},"author":17755,"featured_media":0,"comment_status":"closed","ping_status":"open","sticky":false,"template":"","format":"standard","meta":{"_et_pb_use_builder":"on","_et_pb_old_content":"<p style=\"font-weight: 400\">Estimadas familias:<\/p>\r\n<p style=\"font-weight: 400\">Se comunica que en el tabl\u00f3n de anuncios de nuestro Conservatorio se encuentran publicadas las listas de admitidos para realizar las Pruebas de Aptitud y la convocatoria para realizar dicha prueba.<\/p>\r\n<p style=\"font-weight: 400\"><b><strong>INFORMACI\u00d3N SOBRE LA PRUEBA DE APTITUD A <\/strong><\/b><b><strong>1\u00ba CURSO DE E.E.B.B.<\/strong><\/b><\/p>\r\n<p style=\"font-weight: 400\">1-&nbsp;&nbsp;&nbsp;&nbsp;<b><strong>D\u00eda y lugar de celebraci\u00f3n de las Pruebas de Aptitud<\/strong><\/b>. Las pruebas se llevar\u00e1n a cabo el lunes 27 de mayo de 2024, en el Conservatorio Elemental de M\u00fasica \u201cJuan Mohedo Canales\u201d de Montoro.<\/p>\r\n<p style=\"font-weight: 400\">2-&nbsp;&nbsp;&nbsp;&nbsp;&nbsp;<b><strong>Contenido de las pruebas<\/strong><\/b>. La prueba consiste en:<\/p>\r\n<p style=\"font-weight: 400\">&nbsp; &nbsp; &nbsp;1) Prueba r\u00edtmica: Imitaci\u00f3n de f\u00f3rmulas r\u00edtmicas.<\/p>\r\n<p style=\"font-weight: 400\">&nbsp; &nbsp; &nbsp;2) Prueba mel\u00f3dica.<\/p>\r\n<p style=\"font-weight: 400\">&nbsp; &nbsp; &nbsp; &nbsp; &nbsp; &nbsp; &nbsp; &nbsp; &nbsp;2.1) Imitaci\u00f3n mel\u00f3dica<\/p>\r\n<p style=\"font-weight: 400\">&nbsp; &nbsp; &nbsp; &nbsp; &nbsp; &nbsp; &nbsp; &nbsp; &nbsp;2.2) Canciones a interpretar de libre elecci\u00f3n<\/p>\r\n<p style=\"font-weight: 400\">3-&nbsp;&nbsp;&nbsp;&nbsp;<b><strong>Convocatoria del alumnado por franjas horarias.<\/strong><\/b>&nbsp;Se convoca al alumnado aspirante, ordenado alfab\u00e9ticamente y por franjas horarias, de la siguiente manera:&nbsp;<\/p>\r\n<p style=\"font-weight: 400\">&nbsp; &nbsp; &nbsp; &nbsp; &nbsp; &nbsp; &nbsp; &nbsp; &nbsp; &nbsp; &nbsp; De 18h a 18.30h:&nbsp;&nbsp;Desde Cabrera Arenas hasta Fern\u00e1ndez Calvente<\/p>\r\n<p style=\"font-weight: 400\">&nbsp; &nbsp; &nbsp; &nbsp; &nbsp; &nbsp; &nbsp; &nbsp; &nbsp; &nbsp; &nbsp; De 18.30h a 19h:&nbsp;Desde Garc\u00eda Gonz\u00e1lez hasta Notario Garc\u00eda<\/p>\r\n<p style=\"font-weight: 400\">&nbsp; &nbsp; &nbsp; &nbsp; &nbsp; &nbsp; &nbsp; &nbsp; &nbsp; &nbsp; &nbsp;&nbsp;De 19h a 19.30h:&nbsp;Desde Ondo\u00f1o Agudo hasta Rico Tendero<\/p>\r\n<p style=\"font-weight: 400\">&nbsp; &nbsp; &nbsp; &nbsp; &nbsp; &nbsp; &nbsp; &nbsp; &nbsp; &nbsp; &nbsp;&nbsp;De 19.30h a 20h:&nbsp;De Rojas Madrid a Salinas Delgado<\/p>","_et_gb_content_width":"","ngg_post_thumbnail":0,"footnotes":""},"categories":[1],"tags":[],"aioseo_notices":[],"_links":{"self":[{"href":"https:\/\/blogsaverroes.juntadeandalucia.es\/conservatoriodemontoro\/wp-json\/wp\/v2\/posts\/754"}],"collection":[{"href":"https:\/\/blogsaverroes.juntadeandalucia.es\/conservatoriodemontoro\/wp-json\/wp\/v2\/posts"}],"about":[{"href":"https:\/\/blogsaverroes.juntadeandalucia.es\/conservatoriodemontoro\/wp-json\/wp\/v2\/types\/post"}],"author":[{"embeddable":true,"href":"https:\/\/blogsaverroes.juntadeandalucia.es\/conservatoriodemontoro\/wp-json\/wp\/v2\/users\/17755"}],"replies":[{"embeddable":true,"href":"https:\/\/blogsaverroes.juntadeandalucia.es\/conservatoriodemontoro\/wp-json\/wp\/v2\/comments?post=754"}],"version-history":[{"count":7,"href":"https:\/\/blogsaverroes.juntadeandalucia.es\/conservatoriodemontoro\/wp-json\/wp\/v2\/posts\/754\/revisions"}],"predecessor-version":[{"id":766,"href":"https:\/\/blogsaverroes.juntadeandalucia.es\/conservatoriodemontoro\/wp-json\/wp\/v2\/posts\/754\/revisions\/766"}],"wp:attachment":[{"href":"https:\/\/blogsaverroes.juntadeandalucia.es\/conservatoriodemontoro\/wp-json\/wp\/v2\/media?parent=754"}],"wp:term":[{"taxonomy":"category","embeddable":true,"href":"https:\/\/blogsaverroes.juntadeandalucia.es\/conservatoriodemontoro\/wp-json\/wp\/v2\/categories?post=754"},{"taxonomy":"post_tag","embeddable":true,"href":"https:\/\/blogsaverroes.juntadeandalucia.es\/conservatoriodemontoro\/wp-json\/wp\/v2\/tags?post=754"}],"curies":[{"name":"wp","href":"https:\/\/api.w.org\/{rel}","templated":true}]}}