{"id":1926,"date":"2025-10-21T18:55:08","date_gmt":"2025-10-21T16:55:08","guid":{"rendered":"https:\/\/blogsaverroes.juntadeandalucia.es\/conservatoriomacarena\/?p=1926"},"modified":"2025-10-25T01:09:27","modified_gmt":"2025-10-24T23:09:27","slug":"31-de-octubre-concierto-de-bienvenida-especial-halloween","status":"publish","type":"post","link":"https:\/\/blogsaverroes.juntadeandalucia.es\/conservatoriomacarena\/2025\/10\/21\/31-de-octubre-concierto-de-bienvenida-especial-halloween\/","title":{"rendered":"29 de octubre de 2025: Concierto especial Halloween."},"content":{"rendered":"<p>Arrancamos el programa de actividades extraescolares para el presente curso con un concierto muy especial.<\/p>\n<p>Para celebrar Halloween nuestro profesorado ha organizado un concierto inspirado en <strong>los a\u00f1os 80.<\/strong><\/p>\n<p>El concierto ser\u00e1 en el patio trasero del conservatorio el <strong>mi\u00e9rcoles, 29 de octubre, a las 17:30 horas<\/strong>. Despu\u00e9s, compartiremos una merienda de bienvenida en colaboraci\u00f3n con nuestra AMPA \u00abHermanos Font de Anta\u00bb para disfrutar por completo de esa tarde tan especial.<\/p>\n<p>Una ocasi\u00f3n perfecta para que asist\u00e1is como p\u00fablico y os pong\u00e1is vuestros mejores disfraces. \u00a1Os esperamos!<\/p>\n<p><img loading=\"lazy\" decoding=\"async\" class=\"aligncenter size-full wp-image-2864\" src=\"https:\/\/blogsaverroes.juntadeandalucia.es\/conservatoriomacarena\/files\/2025\/10\/Cartel-Halloween-2025.jpg\" alt=\"\" width=\"1587\" height=\"2245\" srcset=\"https:\/\/blogsaverroes.juntadeandalucia.es\/conservatoriomacarena\/files\/2025\/10\/Cartel-Halloween-2025.jpg 1587w, https:\/\/blogsaverroes.juntadeandalucia.es\/conservatoriomacarena\/files\/2025\/10\/Cartel-Halloween-2025-212x300.jpg 212w, https:\/\/blogsaverroes.juntadeandalucia.es\/conservatoriomacarena\/files\/2025\/10\/Cartel-Halloween-2025-724x1024.jpg 724w, https:\/\/blogsaverroes.juntadeandalucia.es\/conservatoriomacarena\/files\/2025\/10\/Cartel-Halloween-2025-768x1086.jpg 768w, https:\/\/blogsaverroes.juntadeandalucia.es\/conservatoriomacarena\/files\/2025\/10\/Cartel-Halloween-2025-1086x1536.jpg 1086w, https:\/\/blogsaverroes.juntadeandalucia.es\/conservatoriomacarena\/files\/2025\/10\/Cartel-Halloween-2025-1448x2048.jpg 1448w\" sizes=\"(max-width: 1587px) 100vw, 1587px\" \/><\/p>\n","protected":false},"excerpt":{"rendered":"<p>Arrancamos el programa de actividades extraescolares para el presente curso con un concierto muy especial. Para celebrar Halloween nuestro profesorado ha organizado un concierto inspirado en los a\u00f1os 80. El concierto ser\u00e1 en el patio&#46;&#46;&#46;<\/p>\n","protected":false},"author":5168,"featured_media":2864,"comment_status":"closed","ping_status":"closed","sticky":false,"template":"","format":"standard","meta":{"ngg_post_thumbnail":0,"footnotes":""},"categories":[1805737,5321],"tags":[],"aioseo_notices":[],"_links":{"self":[{"href":"https:\/\/blogsaverroes.juntadeandalucia.es\/conservatoriomacarena\/wp-json\/wp\/v2\/posts\/1926"}],"collection":[{"href":"https:\/\/blogsaverroes.juntadeandalucia.es\/conservatoriomacarena\/wp-json\/wp\/v2\/posts"}],"about":[{"href":"https:\/\/blogsaverroes.juntadeandalucia.es\/conservatoriomacarena\/wp-json\/wp\/v2\/types\/post"}],"author":[{"embeddable":true,"href":"https:\/\/blogsaverroes.juntadeandalucia.es\/conservatoriomacarena\/wp-json\/wp\/v2\/users\/5168"}],"replies":[{"embeddable":true,"href":"https:\/\/blogsaverroes.juntadeandalucia.es\/conservatoriomacarena\/wp-json\/wp\/v2\/comments?post=1926"}],"version-history":[{"count":10,"href":"https:\/\/blogsaverroes.juntadeandalucia.es\/conservatoriomacarena\/wp-json\/wp\/v2\/posts\/1926\/revisions"}],"predecessor-version":[{"id":2866,"href":"https:\/\/blogsaverroes.juntadeandalucia.es\/conservatoriomacarena\/wp-json\/wp\/v2\/posts\/1926\/revisions\/2866"}],"wp:featuredmedia":[{"embeddable":true,"href":"https:\/\/blogsaverroes.juntadeandalucia.es\/conservatoriomacarena\/wp-json\/wp\/v2\/media\/2864"}],"wp:attachment":[{"href":"https:\/\/blogsaverroes.juntadeandalucia.es\/conservatoriomacarena\/wp-json\/wp\/v2\/media?parent=1926"}],"wp:term":[{"taxonomy":"category","embeddable":true,"href":"https:\/\/blogsaverroes.juntadeandalucia.es\/conservatoriomacarena\/wp-json\/wp\/v2\/categories?post=1926"},{"taxonomy":"post_tag","embeddable":true,"href":"https:\/\/blogsaverroes.juntadeandalucia.es\/conservatoriomacarena\/wp-json\/wp\/v2\/tags?post=1926"}],"curies":[{"name":"wp","href":"https:\/\/api.w.org\/{rel}","templated":true}]}}