{"id":2191,"date":"2025-09-08T18:30:41","date_gmt":"2025-09-08T16:30:41","guid":{"rendered":"https:\/\/blogsaverroes.juntadeandalucia.es\/conservatoriomacarena\/?p=2191"},"modified":"2025-09-08T18:34:06","modified_gmt":"2025-09-08T16:34:06","slug":"14-y-15-de-septiembre-actos-de-presentacion","status":"publish","type":"post","link":"https:\/\/blogsaverroes.juntadeandalucia.es\/conservatoriomacarena\/2025\/09\/08\/14-y-15-de-septiembre-actos-de-presentacion\/","title":{"rendered":"Actos de presentaci\u00f3n."},"content":{"rendered":"<p>En primer lugar, os informamos de que <strong>las <span style=\"color: #000000\">clases ordinarias <\/span>comenzar\u00e1n seg\u00fan el siguiente calendario:<\/strong><\/p>\n<ul>\n<li><span style=\"color: #000000\"><strong>Lenguaje Musical: <\/strong>jueves, 18 de septiembre.<\/span><\/li>\n<li><span style=\"color: #000000\"><strong>Resto de asignaturas: <\/strong>martes, 16 de septiembre.<\/span><\/li>\n<\/ul>\n<p>Antes, tendremos los <strong><span style=\"color: #ff0000\">actos de presentaci\u00f3n<\/span><\/strong>, de los cuales os ampliamos informaci\u00f3n en esta entrada.<\/p>\n<p>En primer lugar, aclarar que <strong>los actos de presentaci\u00f3n est\u00e1n dirigidos a los padres y madres de nuestro alumnado. Para cada acto, recomendamos la asistencia de un \u00fanico progenitor<\/strong> y as\u00ed no exceder el aforo de cada aula.<\/p>\n<hr>\n<h5 style=\"text-align: center\">PRESENTACI\u00d3N 1\u00ba CURSO.<\/h5>\n<p><strong>Para los padres y madres del alumnado que empieza estudios, hay un ACTO DE PRESENTACI\u00d3N DE 1\u00ba CURSO,<\/strong> en el cual se informar\u00e1 sobre la organizaci\u00f3n y funcionamiento de nuestro conservatorio.<\/p>\n<p>Tendr\u00e1 lugar el <strong><span style=\"color: #ff0000\">LUNES, 15 DE SEPTIEMBRE, A LAS 17:00 HORAS,<\/span> EN EL AULA 10 (sal\u00f3n de actos)<\/strong> del conservatorio.<\/p>\n<hr>\n<h5 style=\"text-align: center\">PRESENTACI\u00d3N INSTRUMENTO (TUTORES).<\/h5>\n<p>El <span style=\"color: #ff0000\"><strong>LUNES, 15 DE SEPTIEMBRE<\/strong><\/span> se har\u00e1n las habituales <strong>presentaciones<\/strong> por parte de los tutores para las asignaturas de <strong>INSTRUMENTO.<\/strong> En estas presentaciones se informar\u00e1 del <strong>horario de 2\u00ba ciclo para cada instrumento<\/strong>.<\/p>\n<p>&nbsp;<\/p>\n<table style=\"height: 464px;width: 100%;border-collapse: collapse\" border=\"1\" cellpadding=\"5\">\n<tbody>\n<tr style=\"height: 96px\">\n<td style=\"width: 100%;height: 96px;background-color: #e09a6c;text-align: center;vertical-align: middle;border-style: solid;border-color: #000000\" colspan=\"4\"><span style=\"font-size: 18pt;color: #000000\"><strong>Lunes, 15 de septiembre &#8211; <\/strong><strong>Presentaci\u00f3n Instrumento.<\/strong><\/span><\/td>\n<\/tr>\n<tr style=\"height: 24px\">\n<td style=\"width: 25%;height: 24px;text-align: center;vertical-align: middle;background-color: #f2ceb6;border-style: solid;border-color: #000000\"><span style=\"font-size: 14pt;color: #000000\"><strong>Hora<\/strong><\/span><\/td>\n<td style=\"width: 25%;height: 24px;text-align: center;vertical-align: middle;background-color: #f2ceb6;border-style: solid;border-color: #000000\"><span style=\"font-size: 14pt;color: #000000\"><strong>Aula 3<\/strong><\/span><\/td>\n<td style=\"width: 25%;height: 24px;text-align: center;vertical-align: middle;background-color: #f2ceb6;border-style: solid;border-color: #000000\"><span style=\"font-size: 14pt;color: #000000\"><strong>Aula 4<\/strong><\/span><\/td>\n<td style=\"width: 25%;height: 24px;text-align: center;vertical-align: middle;background-color: #f2ceb6;border-style: solid;border-color: #000000\"><span style=\"font-size: 14pt;color: #000000\"><strong>Aula 10<\/strong><\/span><\/td>\n<\/tr>\n<tr style=\"height: 96px\">\n<td style=\"width: 25%;height: 96px;text-align: center;vertical-align: middle;background-color: #ffe9b5;border-style: solid;border-color: #000000\"><span style=\"font-size: 14pt;color: #000000\">16:00 &#8211; 16:30<\/span><\/td>\n<td style=\"width: 25%;height: 96px;text-align: center;vertical-align: middle;border-style: solid;border-color: #000000\"><strong>Guitarra &#8211; <span style=\"color: #0000ff\">1\u00ba ciclo.<\/span><\/strong><\/p>\n<p>D\u00aa Rosa M\u00aa Borrego<\/td>\n<td style=\"width: 25%;height: 96px;text-align: center;vertical-align: middle;border-style: solid;border-color: #000000\">&nbsp;<\/td>\n<td style=\"width: 25%;height: 96px;text-align: center;vertical-align: middle;border-style: solid;border-color: #000000\">&nbsp;<\/td>\n<\/tr>\n<tr style=\"height: 96px\">\n<td style=\"width: 25%;height: 96px;text-align: center;vertical-align: middle;background-color: #ffe9b5;border-style: solid;border-color: #000000\"><span style=\"font-size: 14pt;color: #000000\">16:30 &#8211; 17:00<\/span><\/td>\n<td style=\"width: 25%;height: 96px;text-align: center;vertical-align: middle;border-style: solid;border-color: #000000\"><strong>Guitarra &#8211; <span style=\"color: #008000\">2\u00ba ciclo.<\/span><\/strong><\/p>\n<p>D\u00aa Rosa M\u00aa Borrego<\/td>\n<td style=\"width: 25%;height: 96px;text-align: center;vertical-align: middle;border-style: solid;border-color: #000000\">&nbsp;<\/td>\n<td style=\"width: 25%;height: 96px;text-align: center;vertical-align: middle;border-style: solid;border-color: #000000\">&nbsp;<\/td>\n<\/tr>\n<tr style=\"height: 80px\">\n<td style=\"width: 25%;height: 80px;text-align: center;vertical-align: middle;background-color: #ffe9b5;border-style: solid;border-color: #000000\"><span style=\"font-size: 14pt;color: #000000\">18:00 &#8211; 18:30<\/span><\/td>\n<td style=\"width: 25%;text-align: center\"><strong>Clarinete &#8211; <span style=\"color: #0000ff\">1\u00ba ciclo.<\/span><\/strong><\/p>\n<p>D. Jos\u00e9 Luis Maceda.<\/td>\n<td style=\"width: 25%;text-align: center\"><strong>Piano &#8211; <span style=\"color: #0000ff\">1\u00ba ciclo.<\/span><\/strong><\/p>\n<p>D. Pablo Lago.<\/td>\n<td style=\"width: 25%;text-align: center\"><strong>Flauta &#8211; <span style=\"color: #0000ff\">1\u00ba ciclo.<\/span><\/strong><\/p>\n<p>D\u00aa Ramoni Fuentes.<\/td>\n<\/tr>\n<tr style=\"height: 24px\">\n<td style=\"width: 25%;height: 24px;text-align: center;vertical-align: middle;background-color: #ffe9b5;border-style: solid;border-color: #000000\"><span style=\"font-size: 14pt;color: #000000\">18:30 &#8211; 19:00<\/span><\/td>\n<td style=\"width: 25%;text-align: center\"><strong>Clarinete &#8211; <span style=\"color: #008000\">2\u00ba ciclo.<\/span><\/strong><\/p>\n<p>D. Jos\u00e9 Luis Maceda.<\/td>\n<td style=\"width: 25%;text-align: center\"><strong>Piano &#8211; <span style=\"color: #008000\">2\u00ba ciclo.<\/span><\/strong><\/p>\n<p>D. Pablo Lago.<\/td>\n<td style=\"width: 25%;text-align: center\"><strong>Flauta &#8211; <span style=\"color: #008000\">2\u00ba ciclo.<\/span><\/strong><\/p>\n<p>D\u00aa Ramoni Fuentes.<\/td>\n<\/tr>\n<tr style=\"height: 24px\">\n<td style=\"width: 25%;height: 24px;text-align: center;vertical-align: middle;background-color: #ffe9b5;border-style: solid;border-color: #000000\"><span style=\"font-size: 14pt;color: #000000\">19:00 &#8211; 19:30<\/span><\/td>\n<td style=\"width: 25%;text-align: center\"><strong>Violonchelo &#8211;<span style=\"color: #0000ff\"> 1\u00ba ciclo.<\/span><\/strong><\/p>\n<p>D\u00aa Ana S\u00e1nchez.<\/td>\n<td style=\"width: 25%;text-align: center\"><strong>Viol\u00edn &#8211; <span style=\"color: #0000ff\">1\u00ba ciclo.<\/span><\/strong><\/p>\n<p>D\u00aa Raquel Batalloso<\/td>\n<td style=\"width: 25%;text-align: center\"><strong>Viol\u00edn &#8211;<span style=\"color: #0000ff\"> 1\u00ba ciclo.<\/span><\/strong><\/p>\n<p>D. Ignacio P\u00e9rez<\/td>\n<\/tr>\n<tr style=\"height: 24px\">\n<td style=\"width: 25%;height: 24px;text-align: center;vertical-align: middle;background-color: #ffe9b5;border-style: solid;border-color: #000000\"><span style=\"font-size: 14pt;color: #000000\">19:30 &#8211; 20:00<\/span><\/td>\n<td style=\"width: 25%;text-align: center\"><strong>Violonchelo &#8211; <span style=\"color: #008000\">2\u00ba ciclo.<\/span><\/strong><\/p>\n<p>D\u00aa Ana S\u00e1nchez.<\/td>\n<td style=\"width: 25%;text-align: center\"><strong>Viol\u00edn &#8211; <span style=\"color: #008000\">2\u00ba ciclo.<\/span><\/strong><\/p>\n<p>D\u00aa Raquel Batalloso<\/td>\n<td style=\"width: 25%;text-align: center\"><strong>Viol\u00edn &#8211; <span style=\"color: #008000\">2\u00ba ciclo.<\/span><\/strong><\/p>\n<p>D. Ignacio P\u00e9rez<\/td>\n<\/tr>\n<\/tbody>\n<\/table>\n<p>&nbsp;<\/p>\n<hr>\n<h5 style=\"text-align: center\">PRESENTACI\u00d3N LENGUAJE MUSICAL.<\/h5>\n<p>Por \u00faltimo, durante los d\u00edas <span style=\"color: #ff0000\"><strong>16 y 17 DE SEPTIEMBRE<\/strong><\/span> tendr\u00e1 lugar la <strong>presentaci\u00f3n<\/strong> para la asignatura de <strong>LENGUAJE MUSICAL<\/strong> en el horario habitual de clase para cada curso y grupo (consultar cuadrante general en este <a title=\"Horarios\" href=\"https:\/\/blogsaverroes.juntadeandalucia.es\/conservatoriomacarena\/secretaria\/horarios\/\"><strong>ENLACE<\/strong><\/a>).<\/p>\n<p>Recomendamos la asistencia al padre o madre de cada alumno\/a para recibir informaci\u00f3n importante sobre la asignatura.<\/p>\n<hr>\n<p><span style=\"font-size: 10pt\">Imagen de <a href=\"https:\/\/pixabay.com\/es\/users\/mabelamber-1377835\/?utm_source=link-attribution&amp;utm_medium=referral&amp;utm_campaign=image&amp;utm_content=1846008\">\ud83d\udc40 Mabel Amber, who will one day<\/a> en <a href=\"https:\/\/pixabay.com\/es\/\/?utm_source=link-attribution&amp;utm_medium=referral&amp;utm_campaign=image&amp;utm_content=1846008\">Pixabay<\/a>.<\/span><\/p>\n","protected":false},"excerpt":{"rendered":"<p>En primer lugar, os informamos de que las clases ordinarias comenzar\u00e1n seg\u00fan el siguiente calendario: Lenguaje Musical: jueves, 18 de septiembre. Resto de asignaturas: martes, 16 de septiembre. Antes, tendremos los actos de presentaci\u00f3n, de&#46;&#46;&#46;<\/p>\n","protected":false},"author":5168,"featured_media":770,"comment_status":"closed","ping_status":"closed","sticky":false,"template":"","format":"standard","meta":{"ngg_post_thumbnail":0,"footnotes":""},"categories":[20182],"tags":[],"aioseo_notices":[],"_links":{"self":[{"href":"https:\/\/blogsaverroes.juntadeandalucia.es\/conservatoriomacarena\/wp-json\/wp\/v2\/posts\/2191"}],"collection":[{"href":"https:\/\/blogsaverroes.juntadeandalucia.es\/conservatoriomacarena\/wp-json\/wp\/v2\/posts"}],"about":[{"href":"https:\/\/blogsaverroes.juntadeandalucia.es\/conservatoriomacarena\/wp-json\/wp\/v2\/types\/post"}],"author":[{"embeddable":true,"href":"https:\/\/blogsaverroes.juntadeandalucia.es\/conservatoriomacarena\/wp-json\/wp\/v2\/users\/5168"}],"replies":[{"embeddable":true,"href":"https:\/\/blogsaverroes.juntadeandalucia.es\/conservatoriomacarena\/wp-json\/wp\/v2\/comments?post=2191"}],"version-history":[{"count":17,"href":"https:\/\/blogsaverroes.juntadeandalucia.es\/conservatoriomacarena\/wp-json\/wp\/v2\/posts\/2191\/revisions"}],"predecessor-version":[{"id":2846,"href":"https:\/\/blogsaverroes.juntadeandalucia.es\/conservatoriomacarena\/wp-json\/wp\/v2\/posts\/2191\/revisions\/2846"}],"wp:featuredmedia":[{"embeddable":true,"href":"https:\/\/blogsaverroes.juntadeandalucia.es\/conservatoriomacarena\/wp-json\/wp\/v2\/media\/770"}],"wp:attachment":[{"href":"https:\/\/blogsaverroes.juntadeandalucia.es\/conservatoriomacarena\/wp-json\/wp\/v2\/media?parent=2191"}],"wp:term":[{"taxonomy":"category","embeddable":true,"href":"https:\/\/blogsaverroes.juntadeandalucia.es\/conservatoriomacarena\/wp-json\/wp\/v2\/categories?post=2191"},{"taxonomy":"post_tag","embeddable":true,"href":"https:\/\/blogsaverroes.juntadeandalucia.es\/conservatoriomacarena\/wp-json\/wp\/v2\/tags?post=2191"}],"curies":[{"name":"wp","href":"https:\/\/api.w.org\/{rel}","templated":true}]}}