{"id":2702,"date":"2025-05-13T14:30:08","date_gmt":"2025-05-13T12:30:08","guid":{"rendered":"https:\/\/blogsaverroes.juntadeandalucia.es\/conservatoriomacarena\/?p=2702"},"modified":"2025-05-13T14:44:32","modified_gmt":"2025-05-13T12:44:32","slug":"10-de-marzo-presentacion-del-podcast-macarenarte","status":"publish","type":"post","link":"https:\/\/blogsaverroes.juntadeandalucia.es\/conservatoriomacarena\/2025\/05\/13\/10-de-marzo-presentacion-del-podcast-macarenarte\/","title":{"rendered":"Podcast \u00abMacarenArte\u00bb &#8211; 1. Ellas"},"content":{"rendered":"<p>Ya est\u00e1 disponible para su escucha la primera edici\u00f3n de nuestro nuevo proyecto: el PODCAST MacarenArte.<\/p>\n<p>Pod\u00e9is escucharlo completo en el siguiente enlace:<\/p>\n<hr>\n<h6><a href=\"https:\/\/go.ivoox.com\/rf\/146505770\">PODCAST MACARENARTE &#8211; Cap\u00edtulo 1: Ellas.<\/a><\/h6>\n<hr>\n<p><a href=\"https:\/\/blogsaverroes.juntadeandalucia.es\/conservatoriomacarena\/files\/2025\/03\/Cartel-Podcast-10-marzo.png\"><img loading=\"lazy\" decoding=\"async\" class=\"aligncenter wp-image-2701 size-full\" src=\"https:\/\/blogsaverroes.juntadeandalucia.es\/conservatoriomacarena\/files\/2025\/03\/Cartel-Podcast-10-marzo.png\" alt=\"\" width=\"512\" height=\"640\" srcset=\"https:\/\/blogsaverroes.juntadeandalucia.es\/conservatoriomacarena\/files\/2025\/03\/Cartel-Podcast-10-marzo.png 512w, https:\/\/blogsaverroes.juntadeandalucia.es\/conservatoriomacarena\/files\/2025\/03\/Cartel-Podcast-10-marzo-240x300.png 240w\" sizes=\"(max-width: 512px) 100vw, 512px\" \/><\/a><\/p>\n","protected":false},"excerpt":{"rendered":"<p>Ya est\u00e1 disponible para su escucha la primera edici\u00f3n de nuestro nuevo proyecto: el PODCAST MacarenArte. Pod\u00e9is escucharlo completo en el siguiente enlace: PODCAST MACARENARTE &#8211; Cap\u00edtulo 1: Ellas.<\/p>\n","protected":false},"author":5168,"featured_media":2701,"comment_status":"closed","ping_status":"closed","sticky":false,"template":"","format":"standard","meta":{"ngg_post_thumbnail":0,"footnotes":""},"categories":[1805737],"tags":[],"aioseo_notices":[],"_links":{"self":[{"href":"https:\/\/blogsaverroes.juntadeandalucia.es\/conservatoriomacarena\/wp-json\/wp\/v2\/posts\/2702"}],"collection":[{"href":"https:\/\/blogsaverroes.juntadeandalucia.es\/conservatoriomacarena\/wp-json\/wp\/v2\/posts"}],"about":[{"href":"https:\/\/blogsaverroes.juntadeandalucia.es\/conservatoriomacarena\/wp-json\/wp\/v2\/types\/post"}],"author":[{"embeddable":true,"href":"https:\/\/blogsaverroes.juntadeandalucia.es\/conservatoriomacarena\/wp-json\/wp\/v2\/users\/5168"}],"replies":[{"embeddable":true,"href":"https:\/\/blogsaverroes.juntadeandalucia.es\/conservatoriomacarena\/wp-json\/wp\/v2\/comments?post=2702"}],"version-history":[{"count":5,"href":"https:\/\/blogsaverroes.juntadeandalucia.es\/conservatoriomacarena\/wp-json\/wp\/v2\/posts\/2702\/revisions"}],"predecessor-version":[{"id":2771,"href":"https:\/\/blogsaverroes.juntadeandalucia.es\/conservatoriomacarena\/wp-json\/wp\/v2\/posts\/2702\/revisions\/2771"}],"wp:featuredmedia":[{"embeddable":true,"href":"https:\/\/blogsaverroes.juntadeandalucia.es\/conservatoriomacarena\/wp-json\/wp\/v2\/media\/2701"}],"wp:attachment":[{"href":"https:\/\/blogsaverroes.juntadeandalucia.es\/conservatoriomacarena\/wp-json\/wp\/v2\/media?parent=2702"}],"wp:term":[{"taxonomy":"category","embeddable":true,"href":"https:\/\/blogsaverroes.juntadeandalucia.es\/conservatoriomacarena\/wp-json\/wp\/v2\/categories?post=2702"},{"taxonomy":"post_tag","embeddable":true,"href":"https:\/\/blogsaverroes.juntadeandalucia.es\/conservatoriomacarena\/wp-json\/wp\/v2\/tags?post=2702"}],"curies":[{"name":"wp","href":"https:\/\/api.w.org\/{rel}","templated":true}]}}