{"id":2712,"date":"2026-03-16T22:00:43","date_gmt":"2026-03-16T21:00:43","guid":{"rendered":"https:\/\/blogsaverroes.juntadeandalucia.es\/conservatoriomacarena\/?p=2712"},"modified":"2026-03-16T22:06:04","modified_gmt":"2026-03-16T21:06:04","slug":"26-de-marzo-audicion-final-de-2o-trimestre","status":"publish","type":"post","link":"https:\/\/blogsaverroes.juntadeandalucia.es\/conservatoriomacarena\/2026\/03\/16\/26-de-marzo-audicion-final-de-2o-trimestre\/","title":{"rendered":"23 de marzo de 2026: Audici\u00f3n de primavera."},"content":{"rendered":"<p>El invierno llega a su fin y, fiel a su cita, el <strong>lunes, 23 de marzo, a las 18:30 horas<\/strong> podremos disfrutar de la <strong>AUDICI\u00d3N DE PRIMAVERA.<\/strong><\/p>\n<p>En esta ocasi\u00f3n la cita ser\u00e1 en el <strong>auditorio del Centro Social Polivalente \u00abVirgen de los Reyes\u00bb<\/strong> (c\/ Fray Isidoro de Sevilla, 1), gracias a la colaboraci\u00f3n con nuestra AMPA \u00abHermanos Font de Anta\u00bb y la Delegaci\u00f3n del Distrito Macarena del Excmo. Ayuntamiento de Sevilla.<\/p>\n<p>Durante esa jornada el conservatorio permanecer\u00e1 cerrado, por lo que todas las clases quedan anuladas. En su lugar, os invitamos a asistir como p\u00fablico a nuestra audici\u00f3n.<\/p>\n<hr>\n<p><a href=\"https:\/\/blogsaverroes.juntadeandalucia.es\/conservatoriomacarena\/files\/2026\/03\/Cartel-Agrupaciones-marzo-def.jpg\"><img loading=\"lazy\" decoding=\"async\" class=\"aligncenter wp-image-2891 size-full\" src=\"https:\/\/blogsaverroes.juntadeandalucia.es\/conservatoriomacarena\/files\/2026\/03\/Cartel-Agrupaciones-marzo-def.jpg\" alt=\"\" width=\"1587\" height=\"2245\" srcset=\"https:\/\/blogsaverroes.juntadeandalucia.es\/conservatoriomacarena\/files\/2026\/03\/Cartel-Agrupaciones-marzo-def.jpg 1587w, https:\/\/blogsaverroes.juntadeandalucia.es\/conservatoriomacarena\/files\/2026\/03\/Cartel-Agrupaciones-marzo-def-212x300.jpg 212w, https:\/\/blogsaverroes.juntadeandalucia.es\/conservatoriomacarena\/files\/2026\/03\/Cartel-Agrupaciones-marzo-def-724x1024.jpg 724w, https:\/\/blogsaverroes.juntadeandalucia.es\/conservatoriomacarena\/files\/2026\/03\/Cartel-Agrupaciones-marzo-def-768x1086.jpg 768w, https:\/\/blogsaverroes.juntadeandalucia.es\/conservatoriomacarena\/files\/2026\/03\/Cartel-Agrupaciones-marzo-def-1086x1536.jpg 1086w, https:\/\/blogsaverroes.juntadeandalucia.es\/conservatoriomacarena\/files\/2026\/03\/Cartel-Agrupaciones-marzo-def-1448x2048.jpg 1448w\" sizes=\"(max-width: 1587px) 100vw, 1587px\" \/><\/a><\/p>\n","protected":false},"excerpt":{"rendered":"<p>El invierno llega a su fin y, fiel a su cita, el lunes, 23 de marzo, a las 18:30 horas podremos disfrutar de la AUDICI\u00d3N DE PRIMAVERA. En esta ocasi\u00f3n la cita ser\u00e1 en el&#46;&#46;&#46;<\/p>\n","protected":false},"author":5168,"featured_media":2707,"comment_status":"closed","ping_status":"closed","sticky":false,"template":"","format":"standard","meta":{"ngg_post_thumbnail":0,"footnotes":""},"categories":[1805737],"tags":[],"aioseo_notices":[],"_links":{"self":[{"href":"https:\/\/blogsaverroes.juntadeandalucia.es\/conservatoriomacarena\/wp-json\/wp\/v2\/posts\/2712"}],"collection":[{"href":"https:\/\/blogsaverroes.juntadeandalucia.es\/conservatoriomacarena\/wp-json\/wp\/v2\/posts"}],"about":[{"href":"https:\/\/blogsaverroes.juntadeandalucia.es\/conservatoriomacarena\/wp-json\/wp\/v2\/types\/post"}],"author":[{"embeddable":true,"href":"https:\/\/blogsaverroes.juntadeandalucia.es\/conservatoriomacarena\/wp-json\/wp\/v2\/users\/5168"}],"replies":[{"embeddable":true,"href":"https:\/\/blogsaverroes.juntadeandalucia.es\/conservatoriomacarena\/wp-json\/wp\/v2\/comments?post=2712"}],"version-history":[{"count":5,"href":"https:\/\/blogsaverroes.juntadeandalucia.es\/conservatoriomacarena\/wp-json\/wp\/v2\/posts\/2712\/revisions"}],"predecessor-version":[{"id":2894,"href":"https:\/\/blogsaverroes.juntadeandalucia.es\/conservatoriomacarena\/wp-json\/wp\/v2\/posts\/2712\/revisions\/2894"}],"wp:featuredmedia":[{"embeddable":true,"href":"https:\/\/blogsaverroes.juntadeandalucia.es\/conservatoriomacarena\/wp-json\/wp\/v2\/media\/2707"}],"wp:attachment":[{"href":"https:\/\/blogsaverroes.juntadeandalucia.es\/conservatoriomacarena\/wp-json\/wp\/v2\/media?parent=2712"}],"wp:term":[{"taxonomy":"category","embeddable":true,"href":"https:\/\/blogsaverroes.juntadeandalucia.es\/conservatoriomacarena\/wp-json\/wp\/v2\/categories?post=2712"},{"taxonomy":"post_tag","embeddable":true,"href":"https:\/\/blogsaverroes.juntadeandalucia.es\/conservatoriomacarena\/wp-json\/wp\/v2\/tags?post=2712"}],"curies":[{"name":"wp","href":"https:\/\/api.w.org\/{rel}","templated":true}]}}