{"id":1593,"date":"2021-06-25T15:14:46","date_gmt":"2021-06-25T15:14:46","guid":{"rendered":"https:\/\/blogsaverroes.juntadeandalucia.es\/constribuyendo\/?p=1593"},"modified":"2021-06-25T15:15:06","modified_gmt":"2021-06-25T15:15:06","slug":"presentacion-agenda-2030-eei-julio-cesar","status":"publish","type":"post","link":"https:\/\/blogsaverroes.juntadeandalucia.es\/constribuyendo\/2021\/06\/25\/presentacion-agenda-2030-eei-julio-cesar\/","title":{"rendered":"Presentaci\u00f3n Agenda 2030. EEI Julio C\u00e9sar"},"content":{"rendered":"<p>En un acto lleno de emoci\u00f3n y arropado por toda la \u201cFamilia Julio C\u00e9sar\u201d el alumnado ha presentado su Agenda 2030 uniendo compromisos para un mundo mejor.<\/p>\n<p>Participan adem\u00e1s de la comunidad educativa, el Ayuntamiento, Madre Coraje, y La Plataforma del Voluntariado entre otras asociaciones y entidades.<\/p>\n<p>La AGENDA 2030 es para la comunidad educativa algo m\u00e1s que un documento, no es una an\u00e9cdota en el curso, ni un proyecto m\u00e1s. La AGENDA JULIO C\u00c9SAR es el resultado manifiesto de un camino de compromisos recorridos que comenz\u00f3 all\u00e1 por el curso 2017 cuando ni\u00f1os y ni\u00f1as de 5 a\u00f1os apostaron por ser Patrullas Solidarias, que se formaron, igual que lo hacen las personas voluntarias para aprender a acompa\u00f1ar mejor a los m\u00e1s peques del cole. Ese fue el comienzo, pero luego, cada curso y bajo el paraguas de la hermosa metodolog\u00eda del Aprendizaje Servicio los aprendizajes del alumnado han hecho posibles acciones transformadoras maravillosas. Mejoras en los huertos de Miraflores, campa\u00f1as de sensibilizaci\u00f3n para la recogida de basura y reciclado en el barrio, apoyo a las v\u00edctimas del terremoto de M\u00e9xico, iniciativas para convencer a las familias de c\u00f3mo ODESEAR en casa, porque aqu\u00ed\u2026 !ya odesamos todos\u00a1. Durante el confinamiento, cuidaron especialmente de qui\u00e9n m\u00e1s lo necesitaba, los abuelos y abuelas de Pino Montano, y siempre teniendo muy cerca nuestro querido Hospital Macarena. Su personal sanitario y las personas ingresadas en la UCI a las que mejor que nadie, han sabido llenar de color acercando corazones que parec\u00edan imposible. Ni la pandemia nos ha parado, preocupados por la salud de otros ni\u00f1os y ni\u00f1as, han movilizado a un barrio entero para recoger material sanitario que gracias a Madre Coraje ya ha llegado a la escuela de Per\u00fa. Y si parec\u00eda poco, ahora los esfuerzos puestos en el pr\u00f3ximo sue\u00f1o \u201cPlaza de mujeres escritoras\u201d. Un proyecto ilusionante, del que la Fundaci\u00f3n Apy y Mar\u00eda coraje saben bastante y con el que queremos reconocer el lugar que merecen las ni\u00f1as y mujeres de nuestro barrio.<\/p>\n<p>Queridos ni\u00f1os y ni\u00f1as, SOIS VERDADEROS AGENTES DE CAMBIO EN UNA SOCIEDAD QUE OS NECESITA. Con tan solo 3,4 y 5 a\u00f1os hab\u00e9is aceptado el reto. Hab\u00e9is parado, reflexionado y comprometido a aprender para mejorar y transformar. Sois ya, buenos vecinos y vecinas del barrio, ciudadanos y ciudadanas participativas y comprometidas. Este es el verdadero regalo que nos deja la Agenda, la oportunidad de orientar nuestra intervenci\u00f3n educativa hacia lo que la sociedad necesita.<\/p>\n<p>Los objetivos de desarrollo sostenible se han convertido en nuestro referente y gu\u00eda. Ante la llamada mundial de urgencia el Julio C\u00e9sar no pod\u00eda quedarse parado ( ya nos conoc\u00e9is\u2026nos apuntamos a toooodo).<\/p>\n<p>Tras dos a\u00f1os de proyecto y en colaboraci\u00f3n con la asociaci\u00f3n Madre Coraje, la Agenda ha visto la luz. Y como todo lo bueno, lo vivimos con agradecimiento y a partir de ahora ser\u00e1 la hoja de ruta que gu\u00ede nuestro proyecto de centro. Sumamos los ODS a los ingredientes de solidaridad, equidad, inclusi\u00f3n o convivencia, ya presentes en lo que queremos sea nuestras se\u00f1as de identidad.<\/p>\n<p>Esta es nuestra propuesta, una invitaci\u00f3n que nos llega de manos de nuestros ni\u00f1os y ni\u00f1as y por la que lucharemos para hacerla realidad.<\/p>\n<p>\u00a1Bienvenida Agenda 2030 a la familia Julio C\u00e9sar!!<\/p>\n<p><a href=\"https:\/\/eeijuliocesar.com\/wp-content\/uploads\/2021\/06\/Agenda.pdf\" target=\"_blank\" rel=\"nofollow noopener noreferrer\">Descargar Agenda 2030 (PDF)<\/a><\/p>\n<p>&nbsp;<\/p>\n<p><iframe loading=\"lazy\" width=\"560\" height=\"315\" src=\"https:\/\/www.youtube.com\/embed\/GzJVUMhZgko\" frameborder=\"0\"><\/iframe><\/p>\n","protected":false},"excerpt":{"rendered":"<p>En un acto lleno de emoci\u00f3n y arropado por toda la \u201cFamilia Julio C\u00e9sar\u201d el alumnado ha presentado su Agenda 2030 uniendo compromisos para un mundo mejor. Participan adem\u00e1s de la comunidad educativa, el Ayuntamiento, Madre Coraje, y La Plataforma del Voluntariado entre otras asociaciones y entidades. La AGENDA 2030&#46;&#46;&#46;<\/p>\n","protected":false},"author":12634,"featured_media":1594,"comment_status":"open","ping_status":"open","sticky":false,"template":"","format":"standard","meta":{"ngg_post_thumbnail":0,"footnotes":""},"categories":[1578258,1578259],"tags":[1578211,1578261],"aioseo_notices":[],"_links":{"self":[{"href":"https:\/\/blogsaverroes.juntadeandalucia.es\/constribuyendo\/wp-json\/wp\/v2\/posts\/1593"}],"collection":[{"href":"https:\/\/blogsaverroes.juntadeandalucia.es\/constribuyendo\/wp-json\/wp\/v2\/posts"}],"about":[{"href":"https:\/\/blogsaverroes.juntadeandalucia.es\/constribuyendo\/wp-json\/wp\/v2\/types\/post"}],"author":[{"embeddable":true,"href":"https:\/\/blogsaverroes.juntadeandalucia.es\/constribuyendo\/wp-json\/wp\/v2\/users\/12634"}],"replies":[{"embeddable":true,"href":"https:\/\/blogsaverroes.juntadeandalucia.es\/constribuyendo\/wp-json\/wp\/v2\/comments?post=1593"}],"version-history":[{"count":2,"href":"https:\/\/blogsaverroes.juntadeandalucia.es\/constribuyendo\/wp-json\/wp\/v2\/posts\/1593\/revisions"}],"predecessor-version":[{"id":1596,"href":"https:\/\/blogsaverroes.juntadeandalucia.es\/constribuyendo\/wp-json\/wp\/v2\/posts\/1593\/revisions\/1596"}],"wp:featuredmedia":[{"embeddable":true,"href":"https:\/\/blogsaverroes.juntadeandalucia.es\/constribuyendo\/wp-json\/wp\/v2\/media\/1594"}],"wp:attachment":[{"href":"https:\/\/blogsaverroes.juntadeandalucia.es\/constribuyendo\/wp-json\/wp\/v2\/media?parent=1593"}],"wp:term":[{"taxonomy":"category","embeddable":true,"href":"https:\/\/blogsaverroes.juntadeandalucia.es\/constribuyendo\/wp-json\/wp\/v2\/categories?post=1593"},{"taxonomy":"post_tag","embeddable":true,"href":"https:\/\/blogsaverroes.juntadeandalucia.es\/constribuyendo\/wp-json\/wp\/v2\/tags?post=1593"}],"curies":[{"name":"wp","href":"https:\/\/api.w.org\/{rel}","templated":true}]}}