{"id":68,"date":"2022-06-09T07:48:13","date_gmt":"2022-06-09T07:48:13","guid":{"rendered":"https:\/\/blogsaverroes.juntadeandalucia.es\/convivenciacepguadix\/?p=68"},"modified":"2022-06-09T08:29:10","modified_gmt":"2022-06-09T08:29:10","slug":"proyecto-konecta2","status":"publish","type":"post","link":"https:\/\/blogsaverroes.juntadeandalucia.es\/convivenciacepguadix\/2022\/06\/09\/proyecto-konecta2\/","title":{"rendered":"PROYECTO #KONECTA2"},"content":{"rendered":"<p><span style=\"font-size: 10pt\"><span style=\"text-decoration: underline\">T\u00cdTULO<\/span>: <\/span><strong><span style=\"font-size: 10pt\">PROYECTO #KONECTA2<\/span><\/strong><\/p>\n<p><span style=\"font-size: 10pt\"><span style=\"text-decoration: underline\">DATOS DEL CENTRO<\/span>: <strong>IES Isabel La Cat\u00f3lica (Guadahortuna)<\/strong><\/span><\/p>\n<p><!--more--><\/p>\n<hr>\n<p><span style=\"text-decoration: underline\"><span style=\"font-size: 10pt\">DESCRIPCI\u00d3N<\/span><\/span><\/p>\n<p><span style=\"font-size: 10pt\">#konecta2 es una de las tem\u00e1ticas del ABP que se desarrolla en el segundo trimestre, concretamente en las \u00faltimas dos semanas del mes de marzo, siendo esta su 4\u00aa edici\u00f3n (tras haberse realizado con gran aceptaci\u00f3n por parte del Colegio Virgen de Loreto de Guadahortuna en los tres cursos anteriores).<\/span><\/p>\n<p><span style=\"font-size: 10pt\">Este proyecto tiene como finalidad mejorar las relaciones con el alumnado del CEIP Virgen de Loreto y sobre todo mostrar una continuidad en su aprendizaje mediante actividades donde todo el alumnado de secundaria y FPB del IES Isabel la Cat\u00f3lica (junto con el profesorado) act\u00faa como gu\u00eda.<\/span><\/p>\n<hr>\n<p><span style=\"text-decoration: underline\"><span style=\"font-size: 10pt\">OBJETIVOS<\/span><\/span><\/p>\n<ul>\n<li><span style=\"font-size: 10pt\">Capacitar al alumnado de Secundaria y FPB para que se conviertan en \u201cprofesores\/as\u201d del alumnado de Primaria y\/o Infantil.<\/span><\/li>\n<li><span style=\"font-size: 10pt\">Establecer relaciones positivas entre Primaria y Secundaria.<\/span><\/li>\n<li><span style=\"font-size: 10pt\">Suavizar las diferencias entre los procesos de ense\u00f1anza-aprendizaje entre Primaria y Secundaria<\/span><\/li>\n<\/ul>\n<hr>\n<p><span style=\"font-size: 10pt\">Referencia a la actividad:<\/span><\/p>\n<p><span style=\"font-size: 10pt\">Las actividades que se han llevado a cabo desde los distintos departamentos han sido las siguientes:<\/span><\/p>\n<p><span style=\"font-size: 10pt\">&#8211; EDUCACI\u00d3N F\u00cdSICA: FERIA DEL JUEGO. Dirigida por el alumnado de 4\u00baESO y realizada por el alumnado del CEIP desde 1\u00ba a 6\u00ba de Primaria.<\/span><br \/>\n<span style=\"font-size: 10pt\">&#8211; EPVA: ELABORACI\u00d3N DE CARTELER\u00cdA. Dirigida por el alumnado de 4\u00baESO y realizada por el alumnado del CEIP desde 1\u00ba a 6\u00ba de Primaria.<\/span><br \/>\n<span style=\"font-size: 10pt\">&#8211; M\u00daSICA: AUDICI\u00d3N DE XIL\u00d3FONO M\u00daSICA INFANTIL. Dirigida por el alumnado de 2\u00baESO y realizada por el alumno de 5 a\u00f1os de la EI.<\/span><br \/>\n<span style=\"font-size: 10pt\">&#8211; MATEM\u00c1TICAS: TALLER DE METAMIGIA, CURIOSIDADES Y JUEGOS. Dirigida por el alumnado de 1\u00baESO y realizada por el alumnado del CEIP desde 1\u00ba a 6\u00ba de Primaria.<\/span><br \/>\n<span style=\"font-size: 10pt\">&#8211; BIOLOG\u00cdA Y F\u00cdSICA Y QU\u00cdMICA: FERIA DE LA CIENCIA. Dirigida por el alumnado de 1\u00ba, 3\u00ba y 4\u00baESO y realizada por el alumnado del CEIP desde 1\u00ba a 6\u00ba de Primaria.<\/span><br \/>\n<span style=\"font-size: 10pt\">&#8211; TECNOLOG\u00cdA: ROB\u00d3TICA, IMPRESI\u00d3N 3D Y MANEJO DE ROBOTS MEDIANTE APLICACI\u00d3N M\u00d3VIL. Dirigida por el alumnado de 3\u00ba y 4\u00baESO y realizada por el alumnado del CEIP desde 1\u00ba a 6\u00ba de Primaria.<\/span><br \/>\n<span style=\"font-size: 10pt\">&#8211; GEOGRAF\u00cdA E HISTORIA: TALLER DE AMULETOS Y SELLOS DEL ANTIGUO EGIPTO. Dirigida por el alumnado de 1\u00baESO y realizada por el alumnado del CEIP de 1\u00ba y 2\u00ba de Primaria. &#8211; LENGUA: CUENTACUENTOS. Dirigida por el alumnado de 1\u00ba y 3\u00baESO y realizada por el alumnado del CEIP de 1\u00ba y 2\u00ba de Primaria.<\/span><br \/>\n<span style=\"font-size: 10pt\">&#8211; DEPARTAMENTO DE IDIOMAS: TABLERO DE JUEGOS Y CUENTOS EN INGL\u00c9S. Dirigida por el alumnado de 3\u00ba y 4\u00baESO y realizada por el alumnado del CEIP de 3\u00ba y 4\u00ba de Primaria.<\/span><br \/>\n<span style=\"font-size: 10pt\">&#8211; MADERA Y MUEBLE: Realizaci\u00f3n de un video donde los alumnos presentan y describen el aula de carpinter\u00eda y mueble, los materiales, herramientas manuales y maquinaria que utilizamos, as\u00ed como los trabajos que realizamos y los diferentes procesos de fabricaci\u00f3n. Dirigido a todo el alumnado de Primaria.<\/span><br \/>\n<span style=\"font-size: 10pt\">&#8211; Alumnado de PT, compensatoria y aula abierta: ELABORACI\u00d3N DE CARTEL CON DISTINTAS T\u00c9CNICAS PL\u00c1STICAS. Dirigido al alumnado de EI y Aula espec\u00edfica.<\/span><\/p>\n<p><a href=\"http:\/\/www.iesguadahortuna.wordpress.com\/\"><span style=\"font-size: 10pt\">http:\/\/www.iesguadahortuna.wordpress.com\/<\/span><\/a><\/p>\n","protected":false},"excerpt":{"rendered":"<p>T\u00cdTULO: PROYECTO #KONECTA2 DATOS DEL CENTRO: IES Isabel La Cat\u00f3lica (Guadahortuna)<\/p>\n","protected":false},"author":5139,"featured_media":0,"comment_status":"closed","ping_status":"open","sticky":false,"template":"","format":"standard","meta":{"ngg_post_thumbnail":0,"footnotes":""},"categories":[3,2],"tags":[],"aioseo_notices":[],"_links":{"self":[{"href":"https:\/\/blogsaverroes.juntadeandalucia.es\/convivenciacepguadix\/wp-json\/wp\/v2\/posts\/68"}],"collection":[{"href":"https:\/\/blogsaverroes.juntadeandalucia.es\/convivenciacepguadix\/wp-json\/wp\/v2\/posts"}],"about":[{"href":"https:\/\/blogsaverroes.juntadeandalucia.es\/convivenciacepguadix\/wp-json\/wp\/v2\/types\/post"}],"author":[{"embeddable":true,"href":"https:\/\/blogsaverroes.juntadeandalucia.es\/convivenciacepguadix\/wp-json\/wp\/v2\/users\/5139"}],"replies":[{"embeddable":true,"href":"https:\/\/blogsaverroes.juntadeandalucia.es\/convivenciacepguadix\/wp-json\/wp\/v2\/comments?post=68"}],"version-history":[{"count":9,"href":"https:\/\/blogsaverroes.juntadeandalucia.es\/convivenciacepguadix\/wp-json\/wp\/v2\/posts\/68\/revisions"}],"predecessor-version":[{"id":99,"href":"https:\/\/blogsaverroes.juntadeandalucia.es\/convivenciacepguadix\/wp-json\/wp\/v2\/posts\/68\/revisions\/99"}],"wp:attachment":[{"href":"https:\/\/blogsaverroes.juntadeandalucia.es\/convivenciacepguadix\/wp-json\/wp\/v2\/media?parent=68"}],"wp:term":[{"taxonomy":"category","embeddable":true,"href":"https:\/\/blogsaverroes.juntadeandalucia.es\/convivenciacepguadix\/wp-json\/wp\/v2\/categories?post=68"},{"taxonomy":"post_tag","embeddable":true,"href":"https:\/\/blogsaverroes.juntadeandalucia.es\/convivenciacepguadix\/wp-json\/wp\/v2\/tags?post=68"}],"curies":[{"name":"wp","href":"https:\/\/api.w.org\/{rel}","templated":true}]}}