{"id":7857,"date":"2025-04-07T11:16:11","date_gmt":"2025-04-07T09:16:11","guid":{"rendered":"https:\/\/blogsaverroes.juntadeandalucia.es\/cpifpalmeraya\/?p=7857"},"modified":"2025-04-07T11:18:05","modified_gmt":"2025-04-07T09:18:05","slug":"7857-2","status":"publish","type":"post","link":"https:\/\/blogsaverroes.juntadeandalucia.es\/cpifpalmeraya\/7857-2\/","title":{"rendered":"\ud83e\udd5a\ud83c\udf6f Sabores de Semana Santa"},"content":{"rendered":"<p><span style=\"font-weight: 400\">El alumnado de los ciclos formativos de <\/span><b>Cocina<\/b><span style=\"font-weight: 400\"> en turno de tarde ha estado preparando algunas de las <\/span><b>elaboraciones m\u00e1s tradicionales de Semana Santa<\/b><span style=\"font-weight: 400\">. \ud83d\udc68\u200d\ud83c\udf73\ud83d\udc69\u200d\ud83c\udf73<\/span><\/p>\n<p><span style=\"font-weight: 400\">\ud83d\udd39 <\/span><b>Torrijas<\/b><span style=\"font-weight: 400\"> \ud83e\udd56\ud83c\udf6f<\/span><span style=\"font-weight: 400\"><br \/>\n<\/span><span style=\"font-weight: 400\"> \ud83d\udd39 <\/span><b>Leche frita<\/b><span style=\"font-weight: 400\"> \ud83e\udd5b\ud83c\udf6e<\/span><span style=\"font-weight: 400\"><br \/>\n<\/span><span style=\"font-weight: 400\"> \ud83d\udd39 <\/span><b>Roscos<\/b><span style=\"font-weight: 400\"> \ud83c\udf69<\/span><\/p>\n<p><span style=\"font-weight: 400\">\ud83d\udd39 <\/span><b>Arroz con leche<\/b><span style=\"font-weight: 400\"> \ud83c\udf5a\ud83e\udd44<\/span><\/p>\n<p><span style=\"font-weight: 400\">Estas recetas no solo mantienen viva nuestra tradici\u00f3n, sino que tambi\u00e9n permiten a los estudiantes <\/span><b>perfeccionar sus t\u00e9cnicas en reposter\u00eda<\/b><span style=\"font-weight: 400\"> y endulzar estas fechas con aut\u00e9nticos cl\u00e1sicos de nuestra gastronom\u00eda.<\/span><\/p>\n<p><span style=\"font-weight: 400\">\ud83d\udcf8 \u00a1Os dejamos algunas im\u00e1genes de estas delicias! \ud83d\ude0d<\/span><\/p>\n<p><a href=\"https:\/\/blogsaverroes.juntadeandalucia.es\/cpifpalmeraya\/files\/2025\/04\/WhatsApp-Image-2025-03-28-at-22.14.27-4.jpeg\"><img loading=\"lazy\" decoding=\"async\" class=\"aligncenter size-large wp-image-7858\" src=\"https:\/\/blogsaverroes.juntadeandalucia.es\/cpifpalmeraya\/files\/2025\/04\/WhatsApp-Image-2025-03-28-at-22.14.27-4-771x1024.jpeg\" alt=\"\" width=\"771\" height=\"1024\" srcset=\"https:\/\/blogsaverroes.juntadeandalucia.es\/cpifpalmeraya\/files\/2025\/04\/WhatsApp-Image-2025-03-28-at-22.14.27-4-771x1024.jpeg 771w, https:\/\/blogsaverroes.juntadeandalucia.es\/cpifpalmeraya\/files\/2025\/04\/WhatsApp-Image-2025-03-28-at-22.14.27-4-226x300.jpeg 226w, https:\/\/blogsaverroes.juntadeandalucia.es\/cpifpalmeraya\/files\/2025\/04\/WhatsApp-Image-2025-03-28-at-22.14.27-4-768x1021.jpeg 768w, https:\/\/blogsaverroes.juntadeandalucia.es\/cpifpalmeraya\/files\/2025\/04\/WhatsApp-Image-2025-03-28-at-22.14.27-4-1156x1536.jpeg 1156w, https:\/\/blogsaverroes.juntadeandalucia.es\/cpifpalmeraya\/files\/2025\/04\/WhatsApp-Image-2025-03-28-at-22.14.27-4.jpeg 1204w\" sizes=\"(max-width: 771px) 100vw, 771px\" \/><\/a><\/p>\n<p><a href=\"https:\/\/blogsaverroes.juntadeandalucia.es\/cpifpalmeraya\/files\/2025\/04\/WhatsApp-Image-2025-03-28-at-22.14.27-3-1.jpeg\"><img loading=\"lazy\" decoding=\"async\" class=\"aligncenter size-large wp-image-7859\" src=\"https:\/\/blogsaverroes.juntadeandalucia.es\/cpifpalmeraya\/files\/2025\/04\/WhatsApp-Image-2025-03-28-at-22.14.27-3-1-771x1024.jpeg\" alt=\"\" width=\"771\" height=\"1024\" srcset=\"https:\/\/blogsaverroes.juntadeandalucia.es\/cpifpalmeraya\/files\/2025\/04\/WhatsApp-Image-2025-03-28-at-22.14.27-3-1-771x1024.jpeg 771w, https:\/\/blogsaverroes.juntadeandalucia.es\/cpifpalmeraya\/files\/2025\/04\/WhatsApp-Image-2025-03-28-at-22.14.27-3-1-226x300.jpeg 226w, https:\/\/blogsaverroes.juntadeandalucia.es\/cpifpalmeraya\/files\/2025\/04\/WhatsApp-Image-2025-03-28-at-22.14.27-3-1-768x1021.jpeg 768w, https:\/\/blogsaverroes.juntadeandalucia.es\/cpifpalmeraya\/files\/2025\/04\/WhatsApp-Image-2025-03-28-at-22.14.27-3-1-1156x1536.jpeg 1156w, https:\/\/blogsaverroes.juntadeandalucia.es\/cpifpalmeraya\/files\/2025\/04\/WhatsApp-Image-2025-03-28-at-22.14.27-3-1.jpeg 1204w\" sizes=\"(max-width: 771px) 100vw, 771px\" \/><\/a><\/p>\n<p><a href=\"https:\/\/blogsaverroes.juntadeandalucia.es\/cpifpalmeraya\/files\/2025\/04\/WhatsApp-Image-2025-03-28-at-22.14.27-2-1.jpeg\"><img loading=\"lazy\" decoding=\"async\" class=\"aligncenter size-large wp-image-7860\" src=\"https:\/\/blogsaverroes.juntadeandalucia.es\/cpifpalmeraya\/files\/2025\/04\/WhatsApp-Image-2025-03-28-at-22.14.27-2-1-771x1024.jpeg\" alt=\"\" width=\"771\" height=\"1024\" srcset=\"https:\/\/blogsaverroes.juntadeandalucia.es\/cpifpalmeraya\/files\/2025\/04\/WhatsApp-Image-2025-03-28-at-22.14.27-2-1-771x1024.jpeg 771w, https:\/\/blogsaverroes.juntadeandalucia.es\/cpifpalmeraya\/files\/2025\/04\/WhatsApp-Image-2025-03-28-at-22.14.27-2-1-226x300.jpeg 226w, https:\/\/blogsaverroes.juntadeandalucia.es\/cpifpalmeraya\/files\/2025\/04\/WhatsApp-Image-2025-03-28-at-22.14.27-2-1-768x1021.jpeg 768w, https:\/\/blogsaverroes.juntadeandalucia.es\/cpifpalmeraya\/files\/2025\/04\/WhatsApp-Image-2025-03-28-at-22.14.27-2-1-1156x1536.jpeg 1156w, https:\/\/blogsaverroes.juntadeandalucia.es\/cpifpalmeraya\/files\/2025\/04\/WhatsApp-Image-2025-03-28-at-22.14.27-2-1.jpeg 1204w\" sizes=\"(max-width: 771px) 100vw, 771px\" \/><\/a> <a href=\"https:\/\/blogsaverroes.juntadeandalucia.es\/cpifpalmeraya\/files\/2025\/04\/WhatsApp-Image-2025-03-28-at-22.14.27-1-1.jpeg\"><img loading=\"lazy\" decoding=\"async\" class=\"aligncenter size-large wp-image-7861\" src=\"https:\/\/blogsaverroes.juntadeandalucia.es\/cpifpalmeraya\/files\/2025\/04\/WhatsApp-Image-2025-03-28-at-22.14.27-1-1-771x1024.jpeg\" alt=\"\" width=\"771\" height=\"1024\" srcset=\"https:\/\/blogsaverroes.juntadeandalucia.es\/cpifpalmeraya\/files\/2025\/04\/WhatsApp-Image-2025-03-28-at-22.14.27-1-1-771x1024.jpeg 771w, https:\/\/blogsaverroes.juntadeandalucia.es\/cpifpalmeraya\/files\/2025\/04\/WhatsApp-Image-2025-03-28-at-22.14.27-1-1-226x300.jpeg 226w, https:\/\/blogsaverroes.juntadeandalucia.es\/cpifpalmeraya\/files\/2025\/04\/WhatsApp-Image-2025-03-28-at-22.14.27-1-1-768x1020.jpeg 768w, https:\/\/blogsaverroes.juntadeandalucia.es\/cpifpalmeraya\/files\/2025\/04\/WhatsApp-Image-2025-03-28-at-22.14.27-1-1-1157x1536.jpeg 1157w, https:\/\/blogsaverroes.juntadeandalucia.es\/cpifpalmeraya\/files\/2025\/04\/WhatsApp-Image-2025-03-28-at-22.14.27-1-1.jpeg 1536w\" sizes=\"(max-width: 771px) 100vw, 771px\" \/><\/a><\/p>\n<p style=\"padding-left: 120px\"><iframe loading=\"lazy\" src=\"https:\/\/drive.google.com\/file\/d\/1ZeTOJqjuRa_hQ2PoTXx7EvyKgGKJb24-\/preview\" width=\"640\" height=\"480\"><\/iframe>&nbsp;<\/p>\n<p><span style=\"font-weight: 400\">#CPIFPAlmeraya #SemanaSantaDulce \ud83c\udf6f #Tradici\u00f3nGastron\u00f3mica \ud83c\udf69<\/span><\/p>\n","protected":false},"excerpt":{"rendered":"<p>El alumnado de los ciclos formativos de Cocina en turno de tarde ha estado preparando algunas de las elaboraciones m\u00e1s tradicionales de Semana Santa. \ud83d\udc68\u200d\ud83c\udf73\ud83d\udc69\u200d\ud83c\udf73 \ud83d\udd39 Torrijas \ud83e\udd56\ud83c\udf6f \ud83d\udd39 Leche frita \ud83e\udd5b\ud83c\udf6e \ud83d\udd39 Roscos&#46;&#46;&#46;<\/p>\n","protected":false},"author":10810,"featured_media":7859,"comment_status":"closed","ping_status":"closed","sticky":false,"template":"","format":"standard","meta":{"ngg_post_thumbnail":0,"footnotes":""},"categories":[784,26636],"tags":[],"aioseo_notices":[],"_links":{"self":[{"href":"https:\/\/blogsaverroes.juntadeandalucia.es\/cpifpalmeraya\/wp-json\/wp\/v2\/posts\/7857"}],"collection":[{"href":"https:\/\/blogsaverroes.juntadeandalucia.es\/cpifpalmeraya\/wp-json\/wp\/v2\/posts"}],"about":[{"href":"https:\/\/blogsaverroes.juntadeandalucia.es\/cpifpalmeraya\/wp-json\/wp\/v2\/types\/post"}],"author":[{"embeddable":true,"href":"https:\/\/blogsaverroes.juntadeandalucia.es\/cpifpalmeraya\/wp-json\/wp\/v2\/users\/10810"}],"replies":[{"embeddable":true,"href":"https:\/\/blogsaverroes.juntadeandalucia.es\/cpifpalmeraya\/wp-json\/wp\/v2\/comments?post=7857"}],"version-history":[{"count":2,"href":"https:\/\/blogsaverroes.juntadeandalucia.es\/cpifpalmeraya\/wp-json\/wp\/v2\/posts\/7857\/revisions"}],"predecessor-version":[{"id":7863,"href":"https:\/\/blogsaverroes.juntadeandalucia.es\/cpifpalmeraya\/wp-json\/wp\/v2\/posts\/7857\/revisions\/7863"}],"wp:featuredmedia":[{"embeddable":true,"href":"https:\/\/blogsaverroes.juntadeandalucia.es\/cpifpalmeraya\/wp-json\/wp\/v2\/media\/7859"}],"wp:attachment":[{"href":"https:\/\/blogsaverroes.juntadeandalucia.es\/cpifpalmeraya\/wp-json\/wp\/v2\/media?parent=7857"}],"wp:term":[{"taxonomy":"category","embeddable":true,"href":"https:\/\/blogsaverroes.juntadeandalucia.es\/cpifpalmeraya\/wp-json\/wp\/v2\/categories?post=7857"},{"taxonomy":"post_tag","embeddable":true,"href":"https:\/\/blogsaverroes.juntadeandalucia.es\/cpifpalmeraya\/wp-json\/wp\/v2\/tags?post=7857"}],"curies":[{"name":"wp","href":"https:\/\/api.w.org\/{rel}","templated":true}]}}