{"id":8804,"date":"2025-12-04T12:52:33","date_gmt":"2025-12-04T11:52:33","guid":{"rendered":"https:\/\/blogsaverroes.juntadeandalucia.es\/cpifpalmeraya\/?p=8804"},"modified":"2025-12-04T12:57:49","modified_gmt":"2025-12-04T11:57:49","slug":"8804-2","status":"publish","type":"post","link":"https:\/\/blogsaverroes.juntadeandalucia.es\/cpifpalmeraya\/8804-2\/","title":{"rendered":"Taller de mitolog\u00eda"},"content":{"rendered":"<p><span style=\"font-weight: 400\">\u2728 Hoy el alumnado de 1\u00ba CFGB de Cocina A ha disfrutado de una fant\u00e1stica clase de mitolog\u00eda impartida por Ana Bel\u00e9n Vida\u00f1a, estudiante del doble grado de Historia y Humanidades en la UAL y antigua alumna de la profesora Pepi.<\/span><\/p>\n<p><span style=\"font-weight: 400\">\ud83d\udcda Durante la sesi\u00f3n, han descubierto nuevos mitos y curiosidades hist\u00f3ricas y han podido compartir sus propios conocimientos sobre el tema.<\/span><\/p>\n<p><span style=\"font-weight: 400\">\ud83c\udfae Adem\u00e1s, han puesto en pr\u00e1ctica lo aprendido a trav\u00e9s de un Kahoot que les ha encantado\u2026 \u00a1tanto que han querido repetirlo!<\/span><\/p>\n<p><span style=\"font-weight: 400\">\ud83e\udd1d Una experiencia enriquecedora tanto para nuestro alumnado como para Ana Bel\u00e9n, que ha tenido la oportunidad de seguir form\u00e1ndose y compartir su pasi\u00f3n por la mitolog\u00eda.<\/span><\/p>\n<p><a href=\"https:\/\/blogsaverroes.juntadeandalucia.es\/cpifpalmeraya\/files\/2025\/12\/WhatsApp-Image-2025-11-21-at-15.28.04.jpeg\"><img loading=\"lazy\" decoding=\"async\" class=\"aligncenter size-large wp-image-8805\" src=\"https:\/\/blogsaverroes.juntadeandalucia.es\/cpifpalmeraya\/files\/2025\/12\/WhatsApp-Image-2025-11-21-at-15.28.04-576x1024.jpeg\" alt=\"\" width=\"576\" height=\"1024\" srcset=\"https:\/\/blogsaverroes.juntadeandalucia.es\/cpifpalmeraya\/files\/2025\/12\/WhatsApp-Image-2025-11-21-at-15.28.04-576x1024.jpeg 576w, https:\/\/blogsaverroes.juntadeandalucia.es\/cpifpalmeraya\/files\/2025\/12\/WhatsApp-Image-2025-11-21-at-15.28.04-169x300.jpeg 169w, https:\/\/blogsaverroes.juntadeandalucia.es\/cpifpalmeraya\/files\/2025\/12\/WhatsApp-Image-2025-11-21-at-15.28.04-768x1365.jpeg 768w, https:\/\/blogsaverroes.juntadeandalucia.es\/cpifpalmeraya\/files\/2025\/12\/WhatsApp-Image-2025-11-21-at-15.28.04-864x1536.jpeg 864w, https:\/\/blogsaverroes.juntadeandalucia.es\/cpifpalmeraya\/files\/2025\/12\/WhatsApp-Image-2025-11-21-at-15.28.04.jpeg 900w\" sizes=\"(max-width: 576px) 100vw, 576px\" \/><\/a> <a href=\"https:\/\/blogsaverroes.juntadeandalucia.es\/cpifpalmeraya\/files\/2025\/12\/WhatsApp-Image-2025-11-21-at-15.28.03-1.jpeg\"><img loading=\"lazy\" decoding=\"async\" class=\"aligncenter size-large wp-image-8806\" src=\"https:\/\/blogsaverroes.juntadeandalucia.es\/cpifpalmeraya\/files\/2025\/12\/WhatsApp-Image-2025-11-21-at-15.28.03-1-1024x576.jpeg\" alt=\"\" width=\"1024\" height=\"576\" srcset=\"https:\/\/blogsaverroes.juntadeandalucia.es\/cpifpalmeraya\/files\/2025\/12\/WhatsApp-Image-2025-11-21-at-15.28.03-1-1024x576.jpeg 1024w, https:\/\/blogsaverroes.juntadeandalucia.es\/cpifpalmeraya\/files\/2025\/12\/WhatsApp-Image-2025-11-21-at-15.28.03-1-300x169.jpeg 300w, https:\/\/blogsaverroes.juntadeandalucia.es\/cpifpalmeraya\/files\/2025\/12\/WhatsApp-Image-2025-11-21-at-15.28.03-1-768x432.jpeg 768w, https:\/\/blogsaverroes.juntadeandalucia.es\/cpifpalmeraya\/files\/2025\/12\/WhatsApp-Image-2025-11-21-at-15.28.03-1-1536x864.jpeg 1536w, https:\/\/blogsaverroes.juntadeandalucia.es\/cpifpalmeraya\/files\/2025\/12\/WhatsApp-Image-2025-11-21-at-15.28.03-1.jpeg 1600w\" sizes=\"(max-width: 1024px) 100vw, 1024px\" \/><\/a> <a href=\"https:\/\/blogsaverroes.juntadeandalucia.es\/cpifpalmeraya\/files\/2025\/12\/WhatsApp-Image-2025-11-21-at-15.28.03.jpeg\"><img loading=\"lazy\" decoding=\"async\" class=\"aligncenter size-large wp-image-8807\" src=\"https:\/\/blogsaverroes.juntadeandalucia.es\/cpifpalmeraya\/files\/2025\/12\/WhatsApp-Image-2025-11-21-at-15.28.03-576x1024.jpeg\" alt=\"\" width=\"576\" height=\"1024\" srcset=\"https:\/\/blogsaverroes.juntadeandalucia.es\/cpifpalmeraya\/files\/2025\/12\/WhatsApp-Image-2025-11-21-at-15.28.03-576x1024.jpeg 576w, https:\/\/blogsaverroes.juntadeandalucia.es\/cpifpalmeraya\/files\/2025\/12\/WhatsApp-Image-2025-11-21-at-15.28.03-169x300.jpeg 169w, https:\/\/blogsaverroes.juntadeandalucia.es\/cpifpalmeraya\/files\/2025\/12\/WhatsApp-Image-2025-11-21-at-15.28.03-768x1365.jpeg 768w, https:\/\/blogsaverroes.juntadeandalucia.es\/cpifpalmeraya\/files\/2025\/12\/WhatsApp-Image-2025-11-21-at-15.28.03-864x1536.jpeg 864w, https:\/\/blogsaverroes.juntadeandalucia.es\/cpifpalmeraya\/files\/2025\/12\/WhatsApp-Image-2025-11-21-at-15.28.03.jpeg 900w\" sizes=\"(max-width: 576px) 100vw, 576px\" \/><\/a><\/p>\n<p><span style=\"font-weight: 400\">#CPIFPAlmeraya #historia #mitolog\u00eda #curiosidadeshistoricas<\/span><\/p>\n<p>&nbsp;<\/p>\n","protected":false},"excerpt":{"rendered":"<p>\u2728 Hoy el alumnado de 1\u00ba CFGB de Cocina A ha disfrutado de una fant\u00e1stica clase de mitolog\u00eda impartida por Ana Bel\u00e9n Vida\u00f1a, estudiante del doble grado de Historia y Humanidades en la UAL&#46;&#46;&#46;<\/p>\n","protected":false},"author":10810,"featured_media":8810,"comment_status":"closed","ping_status":"closed","sticky":false,"template":"","format":"standard","meta":{"ngg_post_thumbnail":0,"footnotes":""},"categories":[5991,784],"tags":[],"aioseo_notices":[],"_links":{"self":[{"href":"https:\/\/blogsaverroes.juntadeandalucia.es\/cpifpalmeraya\/wp-json\/wp\/v2\/posts\/8804"}],"collection":[{"href":"https:\/\/blogsaverroes.juntadeandalucia.es\/cpifpalmeraya\/wp-json\/wp\/v2\/posts"}],"about":[{"href":"https:\/\/blogsaverroes.juntadeandalucia.es\/cpifpalmeraya\/wp-json\/wp\/v2\/types\/post"}],"author":[{"embeddable":true,"href":"https:\/\/blogsaverroes.juntadeandalucia.es\/cpifpalmeraya\/wp-json\/wp\/v2\/users\/10810"}],"replies":[{"embeddable":true,"href":"https:\/\/blogsaverroes.juntadeandalucia.es\/cpifpalmeraya\/wp-json\/wp\/v2\/comments?post=8804"}],"version-history":[{"count":3,"href":"https:\/\/blogsaverroes.juntadeandalucia.es\/cpifpalmeraya\/wp-json\/wp\/v2\/posts\/8804\/revisions"}],"predecessor-version":[{"id":8812,"href":"https:\/\/blogsaverroes.juntadeandalucia.es\/cpifpalmeraya\/wp-json\/wp\/v2\/posts\/8804\/revisions\/8812"}],"wp:featuredmedia":[{"embeddable":true,"href":"https:\/\/blogsaverroes.juntadeandalucia.es\/cpifpalmeraya\/wp-json\/wp\/v2\/media\/8810"}],"wp:attachment":[{"href":"https:\/\/blogsaverroes.juntadeandalucia.es\/cpifpalmeraya\/wp-json\/wp\/v2\/media?parent=8804"}],"wp:term":[{"taxonomy":"category","embeddable":true,"href":"https:\/\/blogsaverroes.juntadeandalucia.es\/cpifpalmeraya\/wp-json\/wp\/v2\/categories?post=8804"},{"taxonomy":"post_tag","embeddable":true,"href":"https:\/\/blogsaverroes.juntadeandalucia.es\/cpifpalmeraya\/wp-json\/wp\/v2\/tags?post=8804"}],"curies":[{"name":"wp","href":"https:\/\/api.w.org\/{rel}","templated":true}]}}