{"id":8864,"date":"2025-12-15T11:30:34","date_gmt":"2025-12-15T10:30:34","guid":{"rendered":"https:\/\/blogsaverroes.juntadeandalucia.es\/cpifpalmeraya\/?p=8864"},"modified":"2026-02-13T16:33:25","modified_gmt":"2026-02-13T15:33:25","slug":"8864-2","status":"publish","type":"post","link":"https:\/\/blogsaverroes.juntadeandalucia.es\/cpifpalmeraya\/8864-2\/","title":{"rendered":"\ud83d\udce3 Jornadas Formativas 2026 \u2013 CPIFP Almeraya \ud83d\udce3"},"content":{"rendered":"<p><span style=\"font-weight: 400\">Un a\u00f1o m\u00e1s celebramos nuestras <\/span><b>Jornadas Formativas entre Escuelas de Hosteler\u00eda<\/b><span style=\"font-weight: 400\">, un encuentro donde alumnado y profesorado de diferentes centros comparten t\u00e9cnicas culinarias, creatividad, experiencias y mucha pasi\u00f3n por la gastronom\u00eda. \ud83d\udc68\u200d\ud83c\udf73\ud83e\udd1d\ud83d\udc69\u200d\ud83c\udf73<\/span><\/p>\n<p><span style=\"font-weight: 400\">Durante los d\u00edas <\/span><b>10, 11 y 12 de marzo<\/b><span style=\"font-weight: 400\">, tendremos el honor de recibir a tres grandes escuelas que elaborar\u00e1n men\u00fas excepcionales:<\/span><\/p>\n<p><span style=\"font-weight: 400\">\ud83c\udf7d\ufe0f <\/span><b>Martes 10<\/b><span style=\"font-weight: 400\"> \u2013 CIFP Virgen de las Nieves (La Palma)<\/span><span style=\"font-weight: 400\"><br \/>\n<\/span><span style=\"font-weight: 400\"> \ud83c\udf7d\ufe0f <\/span><b>Mi\u00e9rcoles 11<\/b><span style=\"font-weight: 400\"> \u2013 ESHAEX, Escuela Superior de Hosteler\u00eda y Agroturismo de Badajoz<\/span><span style=\"font-weight: 400\"><br \/>\n<\/span><span style=\"font-weight: 400\"> \ud83c\udf7d\ufe0f <\/span><b>Jueves 12<\/b><span style=\"font-weight: 400\"> \u2013 IES La Flota, Escuela de Hosteler\u00eda de Murcia<\/span><\/p>\n<p><span style=\"font-weight: 400\">Unas jornadas que fortalecen la colaboraci\u00f3n entre escuelas y acercan al alumnado a la realidad profesional del sector. \ud83c\udf0d\ud83d\udd25<\/span><\/p>\n<p><span style=\"font-weight: 400\">\ud83d\udcb6 <\/span><i><span style=\"font-weight: 400\">Precio de reposici\u00f3n: 35\u20ac (bebida, caf\u00e9 y cava incluidos).&nbsp;&nbsp;<\/span><\/i><\/p>\n<p><span style=\"font-weight: 400\">\ud83d\udce2 <\/span><b>Ya pueden realizar sus reservas.<\/b><\/p>\n<p><a href=\"https:\/\/blogsaverroes.juntadeandalucia.es\/cpifpalmeraya\/files\/2025\/12\/1-7.png\"><img loading=\"lazy\" decoding=\"async\" class=\"aligncenter size-large wp-image-8869\" src=\"https:\/\/blogsaverroes.juntadeandalucia.es\/cpifpalmeraya\/files\/2025\/12\/1-7-819x1024.png\" alt=\"\" width=\"819\" height=\"1024\" srcset=\"https:\/\/blogsaverroes.juntadeandalucia.es\/cpifpalmeraya\/files\/2025\/12\/1-7-819x1024.png 819w, https:\/\/blogsaverroes.juntadeandalucia.es\/cpifpalmeraya\/files\/2025\/12\/1-7-240x300.png 240w, https:\/\/blogsaverroes.juntadeandalucia.es\/cpifpalmeraya\/files\/2025\/12\/1-7-768x960.png 768w, https:\/\/blogsaverroes.juntadeandalucia.es\/cpifpalmeraya\/files\/2025\/12\/1-7.png 1080w\" sizes=\"(max-width: 819px) 100vw, 819px\" \/><\/a><\/p>\n<p>&nbsp;<\/p>\n<p><a href=\"https:\/\/blogsaverroes.juntadeandalucia.es\/cpifpalmeraya\/files\/2025\/12\/2-6.png\"><img loading=\"lazy\" decoding=\"async\" class=\"aligncenter size-large wp-image-8868\" src=\"https:\/\/blogsaverroes.juntadeandalucia.es\/cpifpalmeraya\/files\/2025\/12\/2-6-819x1024.png\" alt=\"\" width=\"819\" height=\"1024\" srcset=\"https:\/\/blogsaverroes.juntadeandalucia.es\/cpifpalmeraya\/files\/2025\/12\/2-6-819x1024.png 819w, https:\/\/blogsaverroes.juntadeandalucia.es\/cpifpalmeraya\/files\/2025\/12\/2-6-240x300.png 240w, https:\/\/blogsaverroes.juntadeandalucia.es\/cpifpalmeraya\/files\/2025\/12\/2-6-768x960.png 768w, https:\/\/blogsaverroes.juntadeandalucia.es\/cpifpalmeraya\/files\/2025\/12\/2-6.png 1080w\" sizes=\"(max-width: 819px) 100vw, 819px\" \/><\/a><\/p>\n<p><a href=\"https:\/\/blogsaverroes.juntadeandalucia.es\/cpifpalmeraya\/files\/2025\/12\/3.png\"><img loading=\"lazy\" decoding=\"async\" class=\"aligncenter size-large wp-image-9030\" src=\"https:\/\/blogsaverroes.juntadeandalucia.es\/cpifpalmeraya\/files\/2025\/12\/3-576x1024.png\" alt=\"\" width=\"576\" height=\"1024\" srcset=\"https:\/\/blogsaverroes.juntadeandalucia.es\/cpifpalmeraya\/files\/2025\/12\/3-576x1024.png 576w, https:\/\/blogsaverroes.juntadeandalucia.es\/cpifpalmeraya\/files\/2025\/12\/3-169x300.png 169w, https:\/\/blogsaverroes.juntadeandalucia.es\/cpifpalmeraya\/files\/2025\/12\/3-768x1365.png 768w, https:\/\/blogsaverroes.juntadeandalucia.es\/cpifpalmeraya\/files\/2025\/12\/3-864x1536.png 864w, https:\/\/blogsaverroes.juntadeandalucia.es\/cpifpalmeraya\/files\/2025\/12\/3.png 900w\" sizes=\"(max-width: 576px) 100vw, 576px\" \/><\/a><\/p>\n<p><a href=\"https:\/\/blogsaverroes.juntadeandalucia.es\/cpifpalmeraya\/files\/2025\/12\/4-6.png\"><img loading=\"lazy\" decoding=\"async\" class=\"aligncenter size-large wp-image-8866\" src=\"https:\/\/blogsaverroes.juntadeandalucia.es\/cpifpalmeraya\/files\/2025\/12\/4-6-819x1024.png\" alt=\"\" width=\"819\" height=\"1024\" srcset=\"https:\/\/blogsaverroes.juntadeandalucia.es\/cpifpalmeraya\/files\/2025\/12\/4-6-819x1024.png 819w, https:\/\/blogsaverroes.juntadeandalucia.es\/cpifpalmeraya\/files\/2025\/12\/4-6-240x300.png 240w, https:\/\/blogsaverroes.juntadeandalucia.es\/cpifpalmeraya\/files\/2025\/12\/4-6-768x960.png 768w, https:\/\/blogsaverroes.juntadeandalucia.es\/cpifpalmeraya\/files\/2025\/12\/4-6.png 1080w\" sizes=\"(max-width: 819px) 100vw, 819px\" \/><\/a><\/p>\n<p><span style=\"font-weight: 400\">#CPIFPAlmeraya #JornadasFormativas #EscuelasDeHosteler\u00eda #Gastronom\u00eda #Cocina #Restauraci\u00f3n<\/span><\/p>\n","protected":false},"excerpt":{"rendered":"<p>Un a\u00f1o m\u00e1s celebramos nuestras Jornadas Formativas entre Escuelas de Hosteler\u00eda, un encuentro donde alumnado y profesorado de diferentes centros comparten t\u00e9cnicas culinarias, creatividad, experiencias y mucha pasi\u00f3n por la gastronom\u00eda. \ud83d\udc68\u200d\ud83c\udf73\ud83e\udd1d\ud83d\udc69\u200d\ud83c\udf73 Durante los&#46;&#46;&#46;<\/p>\n","protected":false},"author":10810,"featured_media":8865,"comment_status":"closed","ping_status":"closed","sticky":false,"template":"","format":"standard","meta":{"ngg_post_thumbnail":0,"footnotes":""},"categories":[5991,26636],"tags":[],"aioseo_notices":[],"_links":{"self":[{"href":"https:\/\/blogsaverroes.juntadeandalucia.es\/cpifpalmeraya\/wp-json\/wp\/v2\/posts\/8864"}],"collection":[{"href":"https:\/\/blogsaverroes.juntadeandalucia.es\/cpifpalmeraya\/wp-json\/wp\/v2\/posts"}],"about":[{"href":"https:\/\/blogsaverroes.juntadeandalucia.es\/cpifpalmeraya\/wp-json\/wp\/v2\/types\/post"}],"author":[{"embeddable":true,"href":"https:\/\/blogsaverroes.juntadeandalucia.es\/cpifpalmeraya\/wp-json\/wp\/v2\/users\/10810"}],"replies":[{"embeddable":true,"href":"https:\/\/blogsaverroes.juntadeandalucia.es\/cpifpalmeraya\/wp-json\/wp\/v2\/comments?post=8864"}],"version-history":[{"count":3,"href":"https:\/\/blogsaverroes.juntadeandalucia.es\/cpifpalmeraya\/wp-json\/wp\/v2\/posts\/8864\/revisions"}],"predecessor-version":[{"id":9031,"href":"https:\/\/blogsaverroes.juntadeandalucia.es\/cpifpalmeraya\/wp-json\/wp\/v2\/posts\/8864\/revisions\/9031"}],"wp:featuredmedia":[{"embeddable":true,"href":"https:\/\/blogsaverroes.juntadeandalucia.es\/cpifpalmeraya\/wp-json\/wp\/v2\/media\/8865"}],"wp:attachment":[{"href":"https:\/\/blogsaverroes.juntadeandalucia.es\/cpifpalmeraya\/wp-json\/wp\/v2\/media?parent=8864"}],"wp:term":[{"taxonomy":"category","embeddable":true,"href":"https:\/\/blogsaverroes.juntadeandalucia.es\/cpifpalmeraya\/wp-json\/wp\/v2\/categories?post=8864"},{"taxonomy":"post_tag","embeddable":true,"href":"https:\/\/blogsaverroes.juntadeandalucia.es\/cpifpalmeraya\/wp-json\/wp\/v2\/tags?post=8864"}],"curies":[{"name":"wp","href":"https:\/\/api.w.org\/{rel}","templated":true}]}}