{"id":2295,"date":"2017-04-24T15:14:00","date_gmt":"2017-04-24T15:14:00","guid":{"rendered":""},"modified":"2025-04-24T11:14:48","modified_gmt":"2025-04-24T11:14:48","slug":"dia-del-libro-2017","status":"publish","type":"post","link":"https:\/\/blogsaverroes.juntadeandalucia.es\/cpraderan3\/2017\/04\/24\/dia-del-libro-2017\/","title":{"rendered":"\u00abD\u00eda del Libro 2017\u00bb"},"content":{"rendered":"<div style=\"text-align: justify\"><span style=\"font-size: large\">Para conmemorar el \u00abD\u00eda del Libro\u00bb en nuestro centro, este a\u00f1o hemos realizado diversas actividades. Os dejamos una breve descripci\u00f3n e im\u00e1genes de las mismas:<\/span><\/div>\n<div style=\"text-align: justify\"><span style=\"font-size: large\">&nbsp;<\/span><\/div>\n<div style=\"text-align: justify\"><span style=\"font-size: large\"><b>Cuentacuentos<\/b> a cargo de la maestra Mar\u00eda y de padres de la AMPA \u00abPe\u00f1a Maya\u00bb.<\/span><\/div>\n<div style=\"text-align: justify\"><span style=\"font-size: large\">&nbsp;<\/span><\/div>\n<div style=\"clear: both;text-align: center\"><a style=\"margin-left: 1em;margin-right: 1em\" href=\"https:\/\/4.bp.blogspot.com\/-JTIZWK4qLy0\/WP4QuQR6YDI\/AAAAAAAABAg\/8c0tPpYroewfWFZxlXTawQwhqqGBvw7ywCLcB\/s1600\/IMG_2870.JPG\"><span style=\"font-size: large\"><img loading=\"lazy\" decoding=\"async\" src=\"https:\/\/blogsaverroes.juntadeandalucia.es\/cpraderan3\/files\/2017\/04\/IMG_2870-300x169.jpg\" width=\"640\" height=\"360\" border=\"0\"><\/span><\/a><\/div>\n<p>&nbsp;<\/p>\n<div style=\"clear: both;text-align: center\"><a style=\"margin-left: 1em;margin-right: 1em\" href=\"https:\/\/3.bp.blogspot.com\/-aLrQZBD8Vsw\/WP4QtmgrZuI\/AAAAAAAABAY\/6-M43D4Zq8sgjnyL4TgGrYFauxLEvXpoACLcB\/s1600\/IMG_2869.JPG\"><span style=\"font-size: large\"><img loading=\"lazy\" decoding=\"async\" src=\"https:\/\/blogsaverroes.juntadeandalucia.es\/cpraderan3\/files\/2017\/04\/IMG_2869-300x225.jpg\" width=\"640\" height=\"480\" border=\"0\"><\/span><\/a><\/div>\n<p>&nbsp;<\/p>\n<div style=\"clear: both;text-align: center\"><a style=\"margin-left: 1em;margin-right: 1em\" href=\"https:\/\/4.bp.blogspot.com\/-z8isr36PjS0\/WP4QsBta3lI\/AAAAAAAABAQ\/nS5W0zhhvJwyjDMoFhA0P9eZR3UvgLRwACLcB\/s1600\/IMG_2868.JPG\"><span style=\"font-size: large\"><img loading=\"lazy\" decoding=\"async\" src=\"https:\/\/blogsaverroes.juntadeandalucia.es\/cpraderan3\/files\/2017\/04\/IMG_2868-169x300.jpg\" width=\"360\" height=\"640\" border=\"0\"><\/span><\/a><\/div>\n<p>&nbsp;<\/p>\n<div style=\"clear: both;text-align: center\"><a style=\"margin-left: 1em;margin-right: 1em\" href=\"https:\/\/3.bp.blogspot.com\/-o38hdRTxnPY\/WP4QshkuMpI\/AAAAAAAABAU\/ftJjkGm8iDA8y36JktK7N_R5cqWpfHiVwCLcB\/s1600\/IMG_2867.JPG\"><span style=\"font-size: large\"><img loading=\"lazy\" decoding=\"async\" src=\"https:\/\/blogsaverroes.juntadeandalucia.es\/cpraderan3\/files\/2017\/04\/IMG_2867-300x169.jpg\" width=\"640\" height=\"360\" border=\"0\"><\/span><\/a><\/div>\n<p>&nbsp;<\/p>\n<div style=\"clear: both;text-align: center\"><a style=\"margin-left: 1em;margin-right: 1em\" href=\"https:\/\/1.bp.blogspot.com\/-PSz77MWhUQA\/WP4QrFxBp7I\/AAAAAAAABAM\/UvlApEugkvUDgzON3GtxCegpVooYd7d_wCLcB\/s1600\/IMG_2866.JPG\"><span style=\"font-size: large\"><img loading=\"lazy\" decoding=\"async\" src=\"https:\/\/blogsaverroes.juntadeandalucia.es\/cpraderan3\/files\/2017\/04\/IMG_2866-300x169.jpg\" width=\"640\" height=\"360\" border=\"0\"><\/span><\/a><\/div>\n<p>&nbsp;<\/p>\n<div style=\"clear: both;text-align: center\"><a style=\"margin-left: 1em;margin-right: 1em\" href=\"https:\/\/3.bp.blogspot.com\/-YsHG7fUlIxM\/WP4QqktTfpI\/AAAAAAAABAE\/jAJRr23wW6Yr5cYuQhJUjGtCqMEbmyb8wCLcB\/s1600\/IMG_2865.JPG\"><span style=\"font-size: large\"><img loading=\"lazy\" decoding=\"async\" src=\"https:\/\/blogsaverroes.juntadeandalucia.es\/cpraderan3\/files\/2017\/04\/IMG_2865-300x169.jpg\" width=\"640\" height=\"360\" border=\"0\"><\/span><\/a><\/div>\n<p>&nbsp;<\/p>\n<div style=\"clear: both;text-align: center\"><a style=\"margin-left: 1em;margin-right: 1em\" href=\"https:\/\/4.bp.blogspot.com\/-Joz55bB_i1U\/WP4QnH6muOI\/AAAAAAAAA_0\/6zMM8bTjR9oz9lam04PTYH9qYyS6I98MwCLcB\/s1600\/IMG_2751.JPG\"><span style=\"font-size: large\"><img loading=\"lazy\" decoding=\"async\" src=\"https:\/\/blogsaverroes.juntadeandalucia.es\/cpraderan3\/files\/2017\/04\/IMG_2751-300x225.jpg\" width=\"640\" height=\"480\" border=\"0\"><\/span><\/a><\/div>\n<p>&nbsp;<\/p>\n<div style=\"clear: both;text-align: center\"><a style=\"margin-left: 1em;margin-right: 1em\" href=\"https:\/\/1.bp.blogspot.com\/-UWvGRMwnAmo\/WP4Qn3ZzsKI\/AAAAAAAAA_8\/UJ0DmxJfrzMUwjzJsAPgE8n9Y3grmNsdgCLcB\/s1600\/IMG_2752.JPG\"><span style=\"font-size: large\"><img loading=\"lazy\" decoding=\"async\" src=\"https:\/\/blogsaverroes.juntadeandalucia.es\/cpraderan3\/files\/2017\/04\/IMG_2752-300x225.jpg\" width=\"640\" height=\"480\" border=\"0\"><\/span><\/a><\/div>\n<p>&nbsp;<\/p>\n<div style=\"clear: both;text-align: center\"><a style=\"margin-left: 1em;margin-right: 1em\" href=\"https:\/\/3.bp.blogspot.com\/-dHNebo-UZpI\/WP4QnmmHo2I\/AAAAAAAAA_4\/gvJtowz5kRsewX1L-MCzvfTm5NOxYmxBACLcB\/s1600\/IMG_2753.JPG\"><span style=\"font-size: large\"><img loading=\"lazy\" decoding=\"async\" src=\"https:\/\/blogsaverroes.juntadeandalucia.es\/cpraderan3\/files\/2017\/04\/IMG_2753-225x300.jpg\" width=\"480\" height=\"640\" border=\"0\"><\/span><\/a><\/div>\n<p>&nbsp;<\/p>\n<div style=\"clear: both;text-align: center\"><a style=\"margin-left: 1em;margin-right: 1em\" href=\"https:\/\/1.bp.blogspot.com\/-PWwQwKXwa_s\/WP4Qpo5ph-I\/AAAAAAAABAA\/ifqxIy77duEbM3yafaH7beOMcxnkNri6ACLcB\/s1600\/IMG_2754.JPG\"><span style=\"font-size: large\"><img loading=\"lazy\" decoding=\"async\" src=\"https:\/\/blogsaverroes.juntadeandalucia.es\/cpraderan3\/files\/2017\/04\/IMG_2754-225x300.jpg\" width=\"480\" height=\"640\" border=\"0\"><\/span><\/a><\/div>\n<p>&nbsp;<\/p>\n<div style=\"text-align: justify\"><span style=\"font-size: large\"><b>Bibliopatio<\/b>: con el fin de fomentar la lectura, durante la celebraci\u00f3n del \u00abD\u00eda del Libro\u00bb los libros de la biblioteca del centro han salido al recreo.<\/span><\/div>\n<p><span style=\"font-size: large\">&nbsp;<\/span><\/p>\n<div style=\"clear: both;text-align: center\"><a style=\"margin-left: 1em;margin-right: 1em\" href=\"https:\/\/3.bp.blogspot.com\/-R5yv1RSWRMA\/WP4RyCM_UBI\/AAAAAAAABAw\/P5cFNP00HBMX48ZNXln03bIsh9C5Tv7NQCLcB\/s1600\/IMG_2766.JPG\"><span style=\"font-size: large\"><img loading=\"lazy\" decoding=\"async\" src=\"https:\/\/blogsaverroes.juntadeandalucia.es\/cpraderan3\/files\/2017\/04\/IMG_2766-225x300.jpg\" width=\"480\" height=\"640\" border=\"0\"><\/span><\/a><\/div>\n<p>&nbsp;<\/p>\n<div style=\"clear: both;text-align: center\"><a style=\"margin-left: 1em;margin-right: 1em\" href=\"https:\/\/2.bp.blogspot.com\/-McvebGsGToY\/WP4RyB2vsnI\/AAAAAAAABAs\/Fn4UvkfJ-8gdl2wxEz8EVxcz6WUW86xkQCLcB\/s1600\/IMG_2767.JPG\"><span style=\"font-size: large\"><img loading=\"lazy\" decoding=\"async\" src=\"https:\/\/blogsaverroes.juntadeandalucia.es\/cpraderan3\/files\/2017\/04\/IMG_2767-225x300.jpg\" width=\"480\" height=\"640\" border=\"0\"><\/span><\/a><\/div>\n<p>&nbsp;<\/p>\n<div style=\"clear: both;text-align: center\"><a style=\"margin-left: 1em;margin-right: 1em\" href=\"https:\/\/4.bp.blogspot.com\/-G-jayRT_4qk\/WP4RxxEPppI\/AAAAAAAABAo\/y78rH9kBrfwIKY8EhiIabTpu7XPFXTqzwCLcB\/s1600\/IMG_2771.JPG\"><span style=\"font-size: large\"><img loading=\"lazy\" decoding=\"async\" src=\"https:\/\/blogsaverroes.juntadeandalucia.es\/cpraderan3\/files\/2017\/04\/IMG_2771-225x300.jpg\" width=\"480\" height=\"640\" border=\"0\"><\/span><\/a><\/div>\n<p>&nbsp;<\/p>\n<div style=\"clear: both;text-align: center\"><a style=\"margin-left: 1em;margin-right: 1em\" href=\"https:\/\/1.bp.blogspot.com\/-m-BrOlwHfqM\/WP4RzVeCFNI\/AAAAAAAABA0\/-9ruZ3issYIhCRwuaVgioLortSXw8htdgCLcB\/s1600\/IMG_2777.JPG\"><span style=\"font-size: large\"><img loading=\"lazy\" decoding=\"async\" src=\"https:\/\/blogsaverroes.juntadeandalucia.es\/cpraderan3\/files\/2017\/04\/IMG_2777-225x300.jpg\" width=\"480\" height=\"640\" border=\"0\"><\/span><\/a><\/div>\n<p>&nbsp;<\/p>\n<div style=\"clear: both;text-align: center\"><a style=\"margin-left: 1em;margin-right: 1em\" href=\"https:\/\/1.bp.blogspot.com\/-8aOQi5DsycU\/WP4RzjDALLI\/AAAAAAAABA4\/PgolfryFGCgVidaXexTspBc_yX8uPHYAgCLcB\/s1600\/IMG_2778.JPG\"><span style=\"font-size: large\"><img loading=\"lazy\" decoding=\"async\" src=\"https:\/\/blogsaverroes.juntadeandalucia.es\/cpraderan3\/files\/2017\/04\/IMG_2778-300x225.jpg\" width=\"640\" height=\"480\" border=\"0\"><\/span><\/a><\/div>\n<p>&nbsp;<\/p>\n<div style=\"clear: both;text-align: center\"><a style=\"margin-left: 1em;margin-right: 1em\" href=\"https:\/\/4.bp.blogspot.com\/-Pn8xaudzp9Q\/WP4RzxjOD0I\/AAAAAAAABA8\/kZgObrMnvd0Iu_k6e1R8eh7Dkm-qUtMYQCLcB\/s1600\/IMG_2779.JPG\"><span style=\"font-size: large\"><img loading=\"lazy\" decoding=\"async\" src=\"https:\/\/blogsaverroes.juntadeandalucia.es\/cpraderan3\/files\/2017\/04\/IMG_2779-300x225.jpg\" width=\"640\" height=\"480\" border=\"0\"><\/span><\/a><\/div>\n<p>&nbsp;<\/p>\n<div style=\"clear: both;text-align: center\"><a style=\"margin-left: 1em;margin-right: 1em\" href=\"https:\/\/4.bp.blogspot.com\/-qny1D49tsac\/WP4R1fARAHI\/AAAAAAAABBI\/llbVEKwUo6srhKuxFrtjVcIkQFmeIJ1ZACLcB\/s1600\/IMG_2780.JPG\"><span style=\"font-size: large\"><img loading=\"lazy\" decoding=\"async\" src=\"https:\/\/blogsaverroes.juntadeandalucia.es\/cpraderan3\/files\/2017\/04\/IMG_2780-225x300.jpg\" width=\"480\" height=\"640\" border=\"0\"><\/span><\/a><\/div>\n<p>&nbsp;<\/p>\n<div style=\"clear: both;text-align: center\"><a style=\"margin-left: 1em;margin-right: 1em\" href=\"https:\/\/4.bp.blogspot.com\/-wJKTMRUOO1A\/WP4R05FI5UI\/AAAAAAAABBA\/tGjs9ow9Jao8rpj7KtnVsj-8gi2GXQAzACLcB\/s1600\/IMG_2789.JPG\"><span style=\"font-size: large\"><img loading=\"lazy\" decoding=\"async\" src=\"https:\/\/blogsaverroes.juntadeandalucia.es\/cpraderan3\/files\/2017\/04\/IMG_2789-300x225.jpg\" width=\"640\" height=\"480\" border=\"0\"><\/span><\/a><\/div>\n<p>&nbsp;<\/p>\n<div style=\"clear: both;text-align: center\"><a style=\"margin-left: 1em;margin-right: 1em\" href=\"https:\/\/3.bp.blogspot.com\/-1QVh8Sqn3jQ\/WP4R1WTmdVI\/AAAAAAAABBE\/5YofRO5kZggVP0GC7ZbIgFoMadbt7FRKQCLcB\/s1600\/IMG_2791.JPG\"><span style=\"font-size: large\"><img loading=\"lazy\" decoding=\"async\" src=\"https:\/\/blogsaverroes.juntadeandalucia.es\/cpraderan3\/files\/2017\/04\/IMG_2791-300x225.jpg\" width=\"640\" height=\"480\" border=\"0\"><\/span><\/a><\/div>\n<p>&nbsp;<\/p>\n<div style=\"clear: both;text-align: center\"><a style=\"margin-left: 1em;margin-right: 1em\" href=\"https:\/\/4.bp.blogspot.com\/-eH--0YViS3w\/WP4R19MuPYI\/AAAAAAAABBM\/LohPT0yj1iAdePevOJAo_K3RU8v5hWoGwCLcB\/s1600\/IMG_2792.JPG\"><span style=\"font-size: large\"><img loading=\"lazy\" decoding=\"async\" src=\"https:\/\/blogsaverroes.juntadeandalucia.es\/cpraderan3\/files\/2017\/04\/IMG_2792-300x225.jpg\" width=\"640\" height=\"480\" border=\"0\"><\/span><\/a><\/div>\n<p>&nbsp;<\/p>\n<div style=\"clear: both;text-align: center\"><a style=\"margin-left: 1em;margin-right: 1em\" href=\"https:\/\/1.bp.blogspot.com\/-YHG8SExexT8\/WP4R2ghnh2I\/AAAAAAAABBU\/ObrV4y9DgKcM7LWZ7T96wbJb2QEXuByGQCLcB\/s1600\/IMG_2793.JPG\"><span style=\"font-size: large\"><img loading=\"lazy\" decoding=\"async\" src=\"https:\/\/blogsaverroes.juntadeandalucia.es\/cpraderan3\/files\/2017\/04\/IMG_2793-300x225.jpg\" width=\"640\" height=\"480\" border=\"0\"><\/span><\/a><\/div>\n<p>&nbsp;<\/p>\n<div style=\"clear: both;text-align: center\"><a style=\"margin-left: 1em;margin-right: 1em\" href=\"https:\/\/2.bp.blogspot.com\/-65NwaC73Xck\/WP4R2UeS-eI\/AAAAAAAABBQ\/EsKuQpGyx-QYBGf6IiKgb9zUGtmNWcwugCLcB\/s1600\/IMG_2795.JPG\"><span style=\"font-size: large\"><img loading=\"lazy\" decoding=\"async\" src=\"https:\/\/blogsaverroes.juntadeandalucia.es\/cpraderan3\/files\/2017\/04\/IMG_2795-300x225.jpg\" width=\"640\" height=\"480\" border=\"0\"><\/span><\/a><\/div>\n<p>&nbsp;<\/p>\n<div style=\"clear: both;text-align: center\"><a style=\"margin-left: 1em;margin-right: 1em\" href=\"https:\/\/3.bp.blogspot.com\/-hLtxUZ2-TYE\/WP4R3aX2QuI\/AAAAAAAABBY\/fzadRyyCJncLGk5eOG6B6lMWu2d5pA0DwCLcB\/s1600\/IMG_2851.JPG\"><span style=\"font-size: large\"><img loading=\"lazy\" decoding=\"async\" src=\"https:\/\/blogsaverroes.juntadeandalucia.es\/cpraderan3\/files\/2017\/04\/IMG_2851-300x169.jpg\" width=\"640\" height=\"360\" border=\"0\"><\/span><\/a><\/div>\n<p>&nbsp;<\/p>\n<div style=\"clear: both;text-align: center\"><a style=\"margin-left: 1em;margin-right: 1em\" href=\"https:\/\/3.bp.blogspot.com\/-I7d4pBFvjIU\/WP4R37aEV0I\/AAAAAAAABBc\/3TwaTxAy6c4RHxBsMc0FiOuaOAApDkxnQCLcB\/s1600\/IMG_2852.JPG\"><span style=\"font-size: large\"><img loading=\"lazy\" decoding=\"async\" src=\"https:\/\/blogsaverroes.juntadeandalucia.es\/cpraderan3\/files\/2017\/04\/IMG_2852-300x169.jpg\" width=\"640\" height=\"360\" border=\"0\"><\/span><\/a><\/div>\n<p>&nbsp;<\/p>\n<div style=\"clear: both;text-align: center\"><a style=\"margin-left: 1em;margin-right: 1em\" href=\"https:\/\/2.bp.blogspot.com\/-aMz8NNs8Yhg\/WP4R4acHvqI\/AAAAAAAABBg\/xPfhu7osl906xzt75EH-QOnt7avlz1GHACLcB\/s1600\/IMG_2853.JPG\"><span style=\"font-size: large\"><img loading=\"lazy\" decoding=\"async\" src=\"https:\/\/blogsaverroes.juntadeandalucia.es\/cpraderan3\/files\/2017\/04\/IMG_2853-300x169.jpg\" width=\"640\" height=\"360\" border=\"0\"><\/span><\/a><\/div>\n<p>&nbsp;<\/p>\n<div style=\"clear: both;text-align: center\"><a style=\"margin-left: 1em;margin-right: 1em\" href=\"https:\/\/4.bp.blogspot.com\/-oxKnH-0cDvU\/WP4R6DD4evI\/AAAAAAAABBk\/FoESMKNjVHYh4DzbjzACvJK7lchwXmQ8ACLcB\/s1600\/IMG_2854.JPG\"><span style=\"font-size: large\"><img loading=\"lazy\" decoding=\"async\" src=\"https:\/\/blogsaverroes.juntadeandalucia.es\/cpraderan3\/files\/2017\/04\/IMG_2854-300x169.jpg\" width=\"640\" height=\"360\" border=\"0\"><\/span><\/a><\/div>\n<p>&nbsp;<\/p>\n<div style=\"clear: both;text-align: center\"><a style=\"margin-left: 1em;margin-right: 1em\" href=\"https:\/\/1.bp.blogspot.com\/-w0oJccd2DE0\/WP4R6GlIWFI\/AAAAAAAABBo\/tqwnxbB2FQMYgHGUX30x0EEB-_hxk2CuwCLcB\/s1600\/IMG_2855.JPG\"><span style=\"font-size: large\"><img loading=\"lazy\" decoding=\"async\" src=\"https:\/\/blogsaverroes.juntadeandalucia.es\/cpraderan3\/files\/2017\/04\/IMG_2855-300x169.jpg\" width=\"640\" height=\"360\" border=\"0\"><\/span><\/a><\/div>\n<p>&nbsp;<\/p>\n<div style=\"clear: both;text-align: center\"><a style=\"margin-left: 1em;margin-right: 1em\" href=\"https:\/\/2.bp.blogspot.com\/-MGgGOuXLsqs\/WP4R62ZSfaI\/AAAAAAAABBs\/shj3999JA4cj2ky4CpbpdJ5kS_gxFOUSQCLcB\/s1600\/IMG_2859.JPG\"><span style=\"font-size: large\"><img loading=\"lazy\" decoding=\"async\" src=\"https:\/\/blogsaverroes.juntadeandalucia.es\/cpraderan3\/files\/2017\/04\/IMG_2859-300x169.jpg\" width=\"640\" height=\"360\" border=\"0\"><\/span><\/a><\/div>\n<p>&nbsp;<\/p>\n<div style=\"clear: both;text-align: center\"><a style=\"margin-left: 1em;margin-right: 1em\" href=\"https:\/\/2.bp.blogspot.com\/-Nzc7u_MOfc8\/WP4R9L01WgI\/AAAAAAAABB0\/LpK1m7OW39U9lrlLRqGkk6bAAcMpLmKCgCLcB\/s1600\/IMG_2860.JPG\"><span style=\"font-size: large\"><img loading=\"lazy\" decoding=\"async\" src=\"https:\/\/blogsaverroes.juntadeandalucia.es\/cpraderan3\/files\/2017\/04\/IMG_2860-300x225.jpg\" width=\"640\" height=\"480\" border=\"0\"><\/span><\/a><\/div>\n<p>&nbsp;<\/p>\n<div style=\"clear: both;text-align: center\"><a style=\"margin-left: 1em;margin-right: 1em\" href=\"https:\/\/4.bp.blogspot.com\/-hFR3BBFPSpM\/WP4R8C8DTnI\/AAAAAAAABBw\/53hwSE4mDF0sPpA38KGLxWhCJeulCXrfQCLcB\/s1600\/IMG_2861.JPG\"><span style=\"font-size: large\"><img loading=\"lazy\" decoding=\"async\" src=\"https:\/\/blogsaverroes.juntadeandalucia.es\/cpraderan3\/files\/2017\/04\/IMG_2861-169x300.jpg\" width=\"360\" height=\"640\" border=\"0\"><\/span><\/a><\/div>\n<p>&nbsp;<\/p>\n<div style=\"clear: both;text-align: center\"><a style=\"margin-left: 1em;margin-right: 1em\" href=\"https:\/\/4.bp.blogspot.com\/---i2Z1Q8nyg\/WP4R9qsfWpI\/AAAAAAAABB4\/m8NZx-SG4AACRl9pxXrtLBCzmx9KHM6hACLcB\/s1600\/IMG_2862.JPG\"><span style=\"font-size: large\"><img loading=\"lazy\" decoding=\"async\" src=\"https:\/\/blogsaverroes.juntadeandalucia.es\/cpraderan3\/files\/2017\/04\/IMG_2862-300x225.jpg\" width=\"640\" height=\"480\" border=\"0\"><\/span><\/a><\/div>\n<p>&nbsp;<\/p>\n<div style=\"clear: both;text-align: center\"><a style=\"margin-left: 1em;margin-right: 1em\" href=\"https:\/\/2.bp.blogspot.com\/-T0Fjq5rfcZE\/WP4R-GiBLbI\/AAAAAAAABB8\/F5ThTuc_7yUA1OdwsIRPTP0yQ-p7jeHowCLcB\/s1600\/IMG_2864.JPG\"><span style=\"font-size: large\"><img loading=\"lazy\" decoding=\"async\" src=\"https:\/\/blogsaverroes.juntadeandalucia.es\/cpraderan3\/files\/2017\/04\/IMG_2864-300x225.jpg\" width=\"640\" height=\"480\" border=\"0\"><\/span><\/a><\/div>\n<p><span style=\"font-size: large\"><br \/>\n<\/span><span style=\"font-size: large\"><br \/>\n<\/span><\/p>\n<div style=\"text-align: justify\"><span style=\"font-size: large\"><b>\u00abAmigo invisible\u00bb<\/b>: durante este d\u00eda cada ni\u00f1o\/a del centro ha regalado y recibido un libro.<\/span><\/div>\n<p><span style=\"font-size: large\">&nbsp;<\/span><\/p>\n<div style=\"clear: both;text-align: center\"><a style=\"margin-left: 1em;margin-right: 1em\" href=\"https:\/\/2.bp.blogspot.com\/-Ml-dcIcm5dg\/WP4Sfj6KblI\/AAAAAAAABCM\/yD3PdX0iFE0QSKAe2xCb8jW3ZLcJgps1wCLcB\/s1600\/IMG_2770.JPG\"><span style=\"font-size: large\"><img loading=\"lazy\" decoding=\"async\" src=\"https:\/\/blogsaverroes.juntadeandalucia.es\/cpraderan3\/files\/2017\/04\/IMG_2770-300x225.jpg\" width=\"640\" height=\"480\" border=\"0\"><\/span><\/a><\/div>\n<p>&nbsp;<\/p>\n<div style=\"clear: both;text-align: center\"><a style=\"margin-left: 1em;margin-right: 1em\" href=\"https:\/\/4.bp.blogspot.com\/-5DSSusCf0PQ\/WP4SfVDeA9I\/AAAAAAAABCE\/TbLpbqvfa4I-F3l_dQ13gwr5Sx7Fq4TWwCLcB\/s1600\/IMG_2773.JPG\"><span style=\"font-size: large\"><img loading=\"lazy\" decoding=\"async\" src=\"https:\/\/blogsaverroes.juntadeandalucia.es\/cpraderan3\/files\/2017\/04\/IMG_2773-300x225.jpg\" width=\"640\" height=\"480\" border=\"0\"><\/span><\/a><\/div>\n<p>&nbsp;<\/p>\n<div style=\"clear: both;text-align: center\"><a style=\"margin-left: 1em;margin-right: 1em\" href=\"https:\/\/3.bp.blogspot.com\/-wtL86Bjf2Js\/WP4Sfu8XCZI\/AAAAAAAABCI\/GUQdpjUlheQEjZlvgG9lL_zI92LeVbaswCLcB\/s1600\/IMG_2774.JPG\"><span style=\"font-size: large\"><img loading=\"lazy\" decoding=\"async\" src=\"https:\/\/blogsaverroes.juntadeandalucia.es\/cpraderan3\/files\/2017\/04\/IMG_2774-300x225.jpg\" width=\"640\" height=\"480\" border=\"0\"><\/span><\/a><\/div>\n<p>&nbsp;<\/p>\n<div style=\"clear: both;text-align: center\"><a style=\"margin-left: 1em;margin-right: 1em\" href=\"https:\/\/1.bp.blogspot.com\/-N3a-hSjUdvA\/WP4SgpkvTuI\/AAAAAAAABCQ\/PUk8j8vAaBQUVT2aPmHWzvWrhnJ2EjOVgCLcB\/s1600\/IMG_2775.JPG\"><span style=\"font-size: large\"><img loading=\"lazy\" decoding=\"async\" src=\"https:\/\/blogsaverroes.juntadeandalucia.es\/cpraderan3\/files\/2017\/04\/IMG_2775-300x225.jpg\" width=\"640\" height=\"480\" border=\"0\"><\/span><\/a><\/div>\n<p>&nbsp;<\/p>\n<div style=\"clear: both;text-align: center\"><a style=\"margin-left: 1em;margin-right: 1em\" href=\"https:\/\/3.bp.blogspot.com\/-GSvV2asSQTk\/WP4ShSCdXgI\/AAAAAAAABCU\/O_jUpxLPKok7EBtLnzqCRRPjhbqINkf9QCLcB\/s1600\/IMG_2781.JPG\"><span style=\"font-size: large\"><img loading=\"lazy\" decoding=\"async\" src=\"https:\/\/blogsaverroes.juntadeandalucia.es\/cpraderan3\/files\/2017\/04\/IMG_2781-300x225.jpg\" width=\"640\" height=\"480\" border=\"0\"><\/span><\/a><\/div>\n<p>&nbsp;<\/p>\n<div style=\"clear: both;text-align: center\"><a style=\"margin-left: 1em;margin-right: 1em\" href=\"https:\/\/2.bp.blogspot.com\/-JgbQhmydnJE\/WP4SirfNpwI\/AAAAAAAABCY\/lqH35-JKeeouqexlWPw6RzytIKG5sAcbQCLcB\/s1600\/IMG_2782.JPG\"><span style=\"font-size: large\"><img loading=\"lazy\" decoding=\"async\" src=\"https:\/\/blogsaverroes.juntadeandalucia.es\/cpraderan3\/files\/2017\/04\/IMG_2782-300x225.jpg\" width=\"640\" height=\"480\" border=\"0\"><\/span><\/a><\/div>\n<p>&nbsp;<\/p>\n<div style=\"clear: both;text-align: center\"><a style=\"margin-left: 1em;margin-right: 1em\" href=\"https:\/\/1.bp.blogspot.com\/-K6t7b7QfmK8\/WP4SjtJEX_I\/AAAAAAAABCc\/P0WLnXMr4n0fb7_58ne6c0k3nkFra-gQwCLcB\/s1600\/IMG_2783.JPG\"><span style=\"font-size: large\"><img loading=\"lazy\" decoding=\"async\" src=\"https:\/\/blogsaverroes.juntadeandalucia.es\/cpraderan3\/files\/2017\/04\/IMG_2783-300x225.jpg\" width=\"640\" height=\"480\" border=\"0\"><\/span><\/a><\/div>\n<p>&nbsp;<\/p>\n<div style=\"clear: both;text-align: center\">&nbsp;<\/div>\n<p>&nbsp;<\/p>\n<div style=\"clear: both;text-align: center\"><a style=\"margin-left: 1em;margin-right: 1em\" href=\"https:\/\/3.bp.blogspot.com\/-dTnKhgEOtbE\/WP4Sk4YDavI\/AAAAAAAABCk\/rg8iErBWGt42rgTzMu6o2VKF_xlRrF_hwCLcB\/s1600\/IMG_2787.JPG\"><span style=\"font-size: large\"><img loading=\"lazy\" decoding=\"async\" src=\"https:\/\/blogsaverroes.juntadeandalucia.es\/cpraderan3\/files\/2017\/04\/IMG_2787-300x225.jpg\" width=\"640\" height=\"480\" border=\"0\"><\/span><\/a><\/div>\n<p>&nbsp;<\/p>\n<div style=\"clear: both;text-align: center\"><a style=\"margin-left: 1em;margin-right: 1em\" href=\"https:\/\/3.bp.blogspot.com\/-GYKjHeI17JE\/WP4SlAF620I\/AAAAAAAABCo\/i4M_eY39wroR6A33bRDAmp3uYpi8D-5lACLcB\/s1600\/IMG_2788.JPG\"><span style=\"font-size: large\"><img loading=\"lazy\" decoding=\"async\" src=\"https:\/\/blogsaverroes.juntadeandalucia.es\/cpraderan3\/files\/2017\/04\/IMG_2788-300x225.jpg\" width=\"640\" height=\"480\" border=\"0\"><\/span><\/a><\/div>\n<p>&nbsp;<\/p>\n<div style=\"clear: both;text-align: center\"><a style=\"margin-left: 1em;margin-right: 1em\" href=\"https:\/\/4.bp.blogspot.com\/-c_GUhGtM4sI\/WP4SmPI3ekI\/AAAAAAAABCs\/x542Tdn5CjMt-yEPFZNZja2qRUUkj8KowCLcB\/s1600\/IMG_2847%2B%25281%2529.JPG\"><span style=\"font-size: large\"><img loading=\"lazy\" decoding=\"async\" src=\"https:\/\/blogsaverroes.juntadeandalucia.es\/cpraderan3\/files\/2017\/04\/IMG_2847-2B-25281-2529-300x225.jpg\" width=\"640\" height=\"480\" border=\"0\"><\/span><\/a><\/div>\n<p>&nbsp;<\/p>\n<div style=\"clear: both;text-align: center\"><a style=\"margin-left: 1em;margin-right: 1em\" href=\"https:\/\/3.bp.blogspot.com\/-cgpJ3lD4rTQ\/WP4SnpZL5nI\/AAAAAAAABCw\/bflvkko_bA4MAbGooMauNLe2AjjSzjFPwCLcB\/s1600\/IMG_2847.JPG\"><span style=\"font-size: large\"><img loading=\"lazy\" decoding=\"async\" src=\"https:\/\/blogsaverroes.juntadeandalucia.es\/cpraderan3\/files\/2017\/04\/IMG_2847-300x225.jpg\" width=\"640\" height=\"480\" border=\"0\"><\/span><\/a><\/div>\n<p>&nbsp;<\/p>\n<div style=\"clear: both;text-align: center\"><a style=\"margin-left: 1em;margin-right: 1em\" href=\"https:\/\/2.bp.blogspot.com\/-LgWrvHgbr4w\/WP4Sn1sFpmI\/AAAAAAAABC0\/cP41oQSWgAEFUDC5T8DHpSJZtdJdWhxQgCLcB\/s1600\/IMG_2848.JPG\"><span style=\"font-size: large\"><img loading=\"lazy\" decoding=\"async\" src=\"https:\/\/blogsaverroes.juntadeandalucia.es\/cpraderan3\/files\/2017\/04\/IMG_2848-300x225.jpg\" width=\"640\" height=\"480\" border=\"0\"><\/span><\/a><\/div>\n<p>&nbsp;<\/p>\n<div style=\"clear: both;text-align: center\"><a style=\"margin-left: 1em;margin-right: 1em\" href=\"https:\/\/4.bp.blogspot.com\/-15tDamGmpOY\/WP4SoSBNYfI\/AAAAAAAABC4\/isdl1bgAdQcnxyCoPAQGFDFXkoThmYdEgCLcB\/s1600\/IMG_2850.JPG\"><span style=\"font-size: large\"><img loading=\"lazy\" decoding=\"async\" src=\"https:\/\/blogsaverroes.juntadeandalucia.es\/cpraderan3\/files\/2017\/04\/IMG_2850-300x225.jpg\" width=\"640\" height=\"480\" border=\"0\"><\/span><\/a><\/div>\n<p><span style=\"font-size: large\"><br \/>\n<\/span><span style=\"font-size: large\"><br \/>\n<\/span><\/p>\n<div style=\"text-align: justify\"><b><span style=\"font-size: large\">Entrega de premios a los\/las mejores lectores\/as de Ed. Primaria de la biblioteca escolar durante el segundo trimestre:<\/span><\/b><\/div>\n<div style=\"text-align: justify\"><span style=\"font-size: large\">&nbsp;<\/span><\/div>\n<div style=\"text-align: justify\"><span style=\"font-size: large\">Los\/as ganadores\/as en la localidad de <u>San Silvestre de Guzm\u00e1n<\/u> han sido:<\/span><\/div>\n<div style=\"text-align: justify\"><span style=\"font-size: large\">&nbsp;<\/span><\/div>\n<div style=\"text-align: justify\"><span style=\"font-size: large\">&#8211; Primer ciclo de Educaci\u00f3n Primaria: <i>Mateo Alhaja Caranca<\/i><\/span><\/div>\n<div style=\"clear: both;text-align: center\">&nbsp;<\/div>\n<p>&nbsp;<\/p>\n<div style=\"clear: both;text-align: center\">&nbsp;<\/div>\n<p>&nbsp;<\/p>\n<div style=\"clear: both;text-align: center\"><a style=\"margin-left: 1em;margin-right: 1em\" href=\"https:\/\/2.bp.blogspot.com\/-Ae_NBcGdorM\/WP4TkztWo2I\/AAAAAAAABDA\/NSXY6XeyhVkHxeEtTz_YeuXckFbzMG15gCLcB\/s1600\/IMG_2785.JPG\"><span style=\"font-size: large\"><img loading=\"lazy\" decoding=\"async\" src=\"https:\/\/blogsaverroes.juntadeandalucia.es\/cpraderan3\/files\/2017\/04\/IMG_2785-225x300.jpg\" width=\"480\" height=\"640\" border=\"0\"><\/span><\/a><\/div>\n<p>&nbsp;<\/p>\n<div style=\"clear: both;text-align: center\">&nbsp;<\/div>\n<p>&nbsp;<\/p>\n<div style=\"clear: both;text-align: center\">&nbsp;<\/div>\n<div style=\"text-align: justify\"><span style=\"font-size: large\">&#8211; Segundo ciclo de Educaci\u00f3n Primaria: <i>Manuel Jes\u00fas Palma G\u00f3mez<\/i><\/span><\/div>\n<p><span style=\"font-size: large\">&nbsp;<\/span><\/p>\n<div style=\"clear: both;text-align: center\"><a style=\"margin-left: 1em;margin-right: 1em\" href=\"https:\/\/2.bp.blogspot.com\/-9w4HOtMM5sY\/WP4TmCKtPBI\/AAAAAAAABDM\/fphdwisymrEMli8TipGiNejhNlVePsp7ACEw\/s1600\/IMG_2790.JPG\"><span style=\"font-size: large\"><img loading=\"lazy\" decoding=\"async\" src=\"https:\/\/blogsaverroes.juntadeandalucia.es\/cpraderan3\/files\/2017\/04\/IMG_2790-225x300.jpg\" width=\"480\" height=\"640\" border=\"0\"><\/span><\/a><\/div>\n<p><span style=\"font-size: large\"><br \/>\n<\/span><span style=\"font-size: large\"><br \/>\n<\/span><span style=\"font-size: large\">&#8211; Tercer ciclo de Ed. Primaria: <i>Elena Gonz\u00e1lez Alfonso<\/i><\/span><br \/>\n<span style=\"font-size: large\"><br \/>\n<\/span><\/p>\n<div style=\"clear: both;text-align: center\"><a style=\"margin-left: 1em;margin-right: 1em\" href=\"https:\/\/3.bp.blogspot.com\/-9OTDn1_BeXk\/WP4TlRO8jCI\/AAAAAAAABDE\/2Nki_vqYYC0Ut5OdVIUNjLBQ9BuE8-GwACEw\/s1600\/IMG_2772.JPG\"><span style=\"font-size: large\"><img loading=\"lazy\" decoding=\"async\" src=\"https:\/\/blogsaverroes.juntadeandalucia.es\/cpraderan3\/files\/2017\/04\/IMG_2772-225x300.jpg\" width=\"480\" height=\"640\" border=\"0\"><\/span><\/a><\/div>\n<p><span style=\"font-size: large\"><br \/>\n<\/span><span style=\"font-size: large\"><br \/>\n<\/span><span style=\"font-size: large\"><br \/>\n<\/span><\/p>\n<div style=\"clear: both;text-align: center\"><a style=\"margin-left: 1em;margin-right: 1em\" href=\"https:\/\/2.bp.blogspot.com\/-PeQ8qwd-em0\/WP4TlqdUB3I\/AAAAAAAABDI\/sFiECE-oOZUD28VU3-7_dTRF-2na-G0VQCEw\/s1600\/IMG_2776.JPG\"><span style=\"font-size: large\"><img loading=\"lazy\" decoding=\"async\" src=\"https:\/\/blogsaverroes.juntadeandalucia.es\/cpraderan3\/files\/2017\/04\/IMG_2776-300x225.jpg\" width=\"640\" height=\"480\" border=\"0\"><\/span><\/a><\/div>\n<p><span style=\"font-size: large\"><br \/>\n<\/span><span style=\"font-size: large\"><br \/>\n<\/span><span style=\"font-size: large\">Los\/as ganadores\/as en la localidad de <u>El Almendro<\/u> han sido:<\/span><br \/>\n<span style=\"font-size: large\"><br \/>\n<\/span><span style=\"font-size: large\">&#8211; Primer ciclo de Educaci\u00f3n Primaria: <i>Juan Carlos Hald\u00f3n Rodr\u00edguez<\/i><\/span><br \/>\n<span style=\"font-size: large\"><br \/>\n<\/span><\/p>\n<div style=\"clear: both;text-align: center\"><a style=\"margin-left: 1em;margin-right: 1em\" href=\"https:\/\/3.bp.blogspot.com\/-ZFRymtW9gWA\/WP4Tnzc0hUI\/AAAAAAAABDg\/XViA6JzjhY0ydL64H7tqqPTPQSB28wbLACEw\/s1600\/IMG_2873.JPG\"><span style=\"font-size: large\"><img loading=\"lazy\" decoding=\"async\" src=\"https:\/\/blogsaverroes.juntadeandalucia.es\/cpraderan3\/files\/2017\/04\/IMG_2873-169x300.jpg\" width=\"360\" height=\"640\" border=\"0\"><\/span><\/a><\/div>\n<div style=\"clear: both;text-align: center\"><span style=\"font-size: large\">&nbsp;<\/span><\/div>\n<div style=\"clear: both;text-align: center\"><span style=\"font-size: large\">&nbsp;<\/span><\/div>\n<p><span style=\"font-size: large\">&#8211; Segundo ciclo de Educaci\u00f3n Primaria: <i>Angy Daniela G\u00f3mez Garc\u00eda<\/i><\/span><br \/>\n<span style=\"font-size: large\"><br \/>\n<\/span><span style=\"font-size: large\"><br \/>\n<\/span><\/p>\n<div style=\"clear: both;text-align: center\"><a style=\"margin-left: 1em;margin-right: 1em\" href=\"https:\/\/4.bp.blogspot.com\/-dBu54Sn6WZU\/WP4TostSmyI\/AAAAAAAABDg\/e1I6mULfx4sGg4GsdVl5_005-PQSbqS3gCEw\/s1600\/IMG_2874.JPG\"><span style=\"font-size: large\"><img loading=\"lazy\" decoding=\"async\" src=\"https:\/\/blogsaverroes.juntadeandalucia.es\/cpraderan3\/files\/2017\/04\/IMG_2874-169x300.jpg\" width=\"360\" height=\"640\" border=\"0\"><\/span><\/a><\/div>\n<p><span style=\"font-size: large\"><br \/>\n<\/span><span style=\"font-size: large\"><br \/>\n<\/span><span style=\"font-size: large\">&#8211; Tercer ciclo de Educaci\u00f3n Primaria: <i>Carmen G\u00f3mez G\u00f3mez<\/i><\/span><br \/>\n<span style=\"font-size: large\"><br \/>\n<\/span><\/p>\n<div style=\"clear: both;text-align: center\"><a style=\"margin-left: 1em;margin-right: 1em\" href=\"https:\/\/4.bp.blogspot.com\/-oOVVM7yznQ0\/WP4To5AN_mI\/AAAAAAAABDg\/uvA0F-kAEUEosz813yEVlJb7nQXsqQvTgCEw\/s1600\/IMG_2875.JPG\"><span style=\"font-size: large\"><img loading=\"lazy\" decoding=\"async\" src=\"https:\/\/blogsaverroes.juntadeandalucia.es\/cpraderan3\/files\/2017\/04\/IMG_2875-169x300.jpg\" width=\"360\" height=\"640\" border=\"0\"><\/span><\/a><\/div>\n<p>&nbsp;<\/p>\n","protected":false},"excerpt":{"rendered":"<p>Para conmemorar el \u00abD\u00eda del Libro\u00bb en nuestro centro, este a\u00f1o hemos realizado diversas actividades. Os dejamos una breve descripci\u00f3n e im\u00e1genes de las mismas:&hellip;<\/p>\n","protected":false},"author":1,"featured_media":2406,"comment_status":"open","ping_status":"open","sticky":false,"template":"","format":"standard","meta":{"ngg_post_thumbnail":0,"footnotes":""},"categories":[1250063,9327,11909],"tags":[],"aioseo_notices":[],"_links":{"self":[{"href":"https:\/\/blogsaverroes.juntadeandalucia.es\/cpraderan3\/wp-json\/wp\/v2\/posts\/2295"}],"collection":[{"href":"https:\/\/blogsaverroes.juntadeandalucia.es\/cpraderan3\/wp-json\/wp\/v2\/posts"}],"about":[{"href":"https:\/\/blogsaverroes.juntadeandalucia.es\/cpraderan3\/wp-json\/wp\/v2\/types\/post"}],"author":[{"embeddable":true,"href":"https:\/\/blogsaverroes.juntadeandalucia.es\/cpraderan3\/wp-json\/wp\/v2\/users\/1"}],"replies":[{"embeddable":true,"href":"https:\/\/blogsaverroes.juntadeandalucia.es\/cpraderan3\/wp-json\/wp\/v2\/comments?post=2295"}],"version-history":[{"count":3,"href":"https:\/\/blogsaverroes.juntadeandalucia.es\/cpraderan3\/wp-json\/wp\/v2\/posts\/2295\/revisions"}],"predecessor-version":[{"id":2670,"href":"https:\/\/blogsaverroes.juntadeandalucia.es\/cpraderan3\/wp-json\/wp\/v2\/posts\/2295\/revisions\/2670"}],"wp:featuredmedia":[{"embeddable":true,"href":"https:\/\/blogsaverroes.juntadeandalucia.es\/cpraderan3\/wp-json\/wp\/v2\/media\/2406"}],"wp:attachment":[{"href":"https:\/\/blogsaverroes.juntadeandalucia.es\/cpraderan3\/wp-json\/wp\/v2\/media?parent=2295"}],"wp:term":[{"taxonomy":"category","embeddable":true,"href":"https:\/\/blogsaverroes.juntadeandalucia.es\/cpraderan3\/wp-json\/wp\/v2\/categories?post=2295"},{"taxonomy":"post_tag","embeddable":true,"href":"https:\/\/blogsaverroes.juntadeandalucia.es\/cpraderan3\/wp-json\/wp\/v2\/tags?post=2295"}],"curies":[{"name":"wp","href":"https:\/\/api.w.org\/{rel}","templated":true}]}}