{"id":2310,"date":"2016-11-03T12:25:00","date_gmt":"2016-11-03T12:25:00","guid":{"rendered":"http:\/\/blogsaverroes.juntadeandalucia.es\/cpraderan3\/2016\/11\/03\/halloween-2016\/"},"modified":"2016-11-03T12:25:00","modified_gmt":"2016-11-03T12:25:00","slug":"halloween-2016","status":"publish","type":"post","link":"https:\/\/blogsaverroes.juntadeandalucia.es\/cpraderan3\/2016\/11\/03\/halloween-2016\/","title":{"rendered":"Halloween 2016"},"content":{"rendered":"<div style=\"text-align: center\">\n<div style=\"text-align: justify\">Os dejamos varios v\u00eddeos resumiendo la celebraci\u00f3n del D\u00eda de Halloween en nuestras dos sedes: San Silvestre de Guzm\u00e1n y El Almendro. <\/div>\n<p><a href=\"https:\/\/youtu.be\/Unlafudq3KM\" target=\"_blank\">Actividades en San Silvestre de Guzm\u00e1n<\/a><\/div>\n<div style=\"text-align: center\">[youtube https:\/\/www.youtube.com\/watch?v=Unlafudq3KM]<\/div>\n<div style=\"text-align: center\"><\/div>\n<div style=\"text-align: center\"><\/div>\n<div style=\"clear: both;text-align: center\"><object height=\"266\" width=\"320\"><\/object>&nbsp; <\/div>\n<div style=\"text-align: center\"><\/div>\n<div style=\"text-align: center\"><\/div>\n<div style=\"text-align: center\"><a href=\"https:\/\/www.youtube.com\/watch?edit=vd&amp;v=Rc7kxXRVy8Q\" target=\"_blank\">Actividades en El Almendro<\/a><\/p>\n<\/div>\n<div style=\"text-align: center\">[youtube https:\/\/www.youtube.com\/watch?v=Rc7kxXRVy8Q]<\/div>\n","protected":false},"excerpt":{"rendered":"<p>Os dejamos varios v\u00eddeos resumiendo la celebraci\u00f3n del D\u00eda de Halloween en nuestras dos sedes: San Silvestre de Guzm\u00e1n y El Almendro. Actividades en San&hellip;<\/p>\n","protected":false},"author":1,"featured_media":0,"comment_status":"open","ping_status":"open","sticky":false,"template":"","format":"standard","meta":{"ngg_post_thumbnail":0,"footnotes":""},"categories":[9327,826636,11909],"tags":[],"aioseo_notices":[],"_links":{"self":[{"href":"https:\/\/blogsaverroes.juntadeandalucia.es\/cpraderan3\/wp-json\/wp\/v2\/posts\/2310"}],"collection":[{"href":"https:\/\/blogsaverroes.juntadeandalucia.es\/cpraderan3\/wp-json\/wp\/v2\/posts"}],"about":[{"href":"https:\/\/blogsaverroes.juntadeandalucia.es\/cpraderan3\/wp-json\/wp\/v2\/types\/post"}],"author":[{"embeddable":true,"href":"https:\/\/blogsaverroes.juntadeandalucia.es\/cpraderan3\/wp-json\/wp\/v2\/users\/1"}],"replies":[{"embeddable":true,"href":"https:\/\/blogsaverroes.juntadeandalucia.es\/cpraderan3\/wp-json\/wp\/v2\/comments?post=2310"}],"version-history":[{"count":0,"href":"https:\/\/blogsaverroes.juntadeandalucia.es\/cpraderan3\/wp-json\/wp\/v2\/posts\/2310\/revisions"}],"wp:attachment":[{"href":"https:\/\/blogsaverroes.juntadeandalucia.es\/cpraderan3\/wp-json\/wp\/v2\/media?parent=2310"}],"wp:term":[{"taxonomy":"category","embeddable":true,"href":"https:\/\/blogsaverroes.juntadeandalucia.es\/cpraderan3\/wp-json\/wp\/v2\/categories?post=2310"},{"taxonomy":"post_tag","embeddable":true,"href":"https:\/\/blogsaverroes.juntadeandalucia.es\/cpraderan3\/wp-json\/wp\/v2\/tags?post=2310"}],"curies":[{"name":"wp","href":"https:\/\/api.w.org\/{rel}","templated":true}]}}