{"id":3744,"date":"2020-03-04T17:13:36","date_gmt":"2020-03-04T15:13:36","guid":{"rendered":"https:\/\/blogsaverroes.juntadeandalucia.es\/cpralmijara\/?p=3744"},"modified":"2020-03-04T17:33:14","modified_gmt":"2020-03-04T15:33:14","slug":"celebracion-dia-andalucia-2","status":"publish","type":"post","link":"https:\/\/blogsaverroes.juntadeandalucia.es\/cpralmijara\/2020\/03\/04\/celebracion-dia-andalucia-2\/","title":{"rendered":"Celebraci\u00f3n d\u00eda Andaluc\u00eda"},"content":{"rendered":"<p>El pasado viernes 21 de febrero, celebramos en la localidad de Sedella el d\u00eda de Andaluc\u00eda.<\/p>\n<p>Aqu\u00ed os dejamos un v\u00eddeo con algunos momentos de ese d\u00eda:<\/p>\n<p><iframe loading=\"lazy\" title=\"D\u00eda Andaluc\u00eda en Sedella. CPR Almijara\" width=\"500\" height=\"281\" src=\"https:\/\/www.youtube.com\/embed\/aF2I_if3JLQ?feature=oembed&#038;wmode=opaque\" frameborder=\"0\" allow=\"accelerometer; autoplay; clipboard-write; encrypted-media; gyroscope; picture-in-picture\" allowfullscreen><\/iframe><\/p>\n<p>&nbsp;<\/p>\n","protected":false},"excerpt":{"rendered":"<p>El pasado viernes 21 de febrero, celebramos en la localidad de Sedella el d\u00eda de Andaluc\u00eda. Aqu\u00ed os dejamos un v\u00eddeo&#46;&#46;&#46;<\/p>\n","protected":false},"author":4940,"featured_media":3745,"comment_status":"closed","ping_status":"open","sticky":false,"template":"","format":"standard","meta":{"ngg_post_thumbnail":0,"footnotes":""},"categories":[325454],"tags":[],"aioseo_notices":[],"_links":{"self":[{"href":"https:\/\/blogsaverroes.juntadeandalucia.es\/cpralmijara\/wp-json\/wp\/v2\/posts\/3744"}],"collection":[{"href":"https:\/\/blogsaverroes.juntadeandalucia.es\/cpralmijara\/wp-json\/wp\/v2\/posts"}],"about":[{"href":"https:\/\/blogsaverroes.juntadeandalucia.es\/cpralmijara\/wp-json\/wp\/v2\/types\/post"}],"author":[{"embeddable":true,"href":"https:\/\/blogsaverroes.juntadeandalucia.es\/cpralmijara\/wp-json\/wp\/v2\/users\/4940"}],"replies":[{"embeddable":true,"href":"https:\/\/blogsaverroes.juntadeandalucia.es\/cpralmijara\/wp-json\/wp\/v2\/comments?post=3744"}],"version-history":[{"count":3,"href":"https:\/\/blogsaverroes.juntadeandalucia.es\/cpralmijara\/wp-json\/wp\/v2\/posts\/3744\/revisions"}],"predecessor-version":[{"id":3748,"href":"https:\/\/blogsaverroes.juntadeandalucia.es\/cpralmijara\/wp-json\/wp\/v2\/posts\/3744\/revisions\/3748"}],"wp:featuredmedia":[{"embeddable":true,"href":"https:\/\/blogsaverroes.juntadeandalucia.es\/cpralmijara\/wp-json\/wp\/v2\/media\/3745"}],"wp:attachment":[{"href":"https:\/\/blogsaverroes.juntadeandalucia.es\/cpralmijara\/wp-json\/wp\/v2\/media?parent=3744"}],"wp:term":[{"taxonomy":"category","embeddable":true,"href":"https:\/\/blogsaverroes.juntadeandalucia.es\/cpralmijara\/wp-json\/wp\/v2\/categories?post=3744"},{"taxonomy":"post_tag","embeddable":true,"href":"https:\/\/blogsaverroes.juntadeandalucia.es\/cpralmijara\/wp-json\/wp\/v2\/tags?post=3744"}],"curies":[{"name":"wp","href":"https:\/\/api.w.org\/{rel}","templated":true}]}}