{"id":4847,"date":"2021-04-26T19:39:41","date_gmt":"2021-04-26T17:39:41","guid":{"rendered":"https:\/\/blogsaverroes.juntadeandalucia.es\/cpralmijara\/?p=4847"},"modified":"2021-04-27T12:48:34","modified_gmt":"2021-04-27T10:48:34","slug":"dia-de-libro-2021","status":"publish","type":"post","link":"https:\/\/blogsaverroes.juntadeandalucia.es\/cpralmijara\/2021\/04\/26\/dia-de-libro-2021\/","title":{"rendered":"D\u00eda de libro 2021"},"content":{"rendered":"<p>Estimadas familias:<\/p>\n<p>Estamos muy nerviosos y emocionados y deseando que pod\u00e1is disfrutar de la historia que ha creado todo el alumnado del CPR Almijara. S\u00ed, s\u00ed, hab\u00e9is le\u00eddo bien \u00a1<strong>TODO EL ALUMNADO<\/strong>! desde Infantil hasta 6\u00ba de Primaria.<\/p>\n<p style=\"text-align: justify\">Con motivo de la <strong>celebraci\u00f3n del d\u00eda del libro<\/strong>, el 23 de abril, hemos estado trabajando durante las semana previas la realizaci\u00f3n de&nbsp; una <strong>historia colaborativa<\/strong>. Y&#8230; os preguntareis, \u00bfuna historia colaborativa? \u00bfEso qu\u00e9 es? Brevemente, una historia colaborativa o colectiva es aquella escrita por varias personas. Pues&#8230; imaginad la historia que hemos escrito participando todas las clases del colegio, ni m\u00e1s ni menos que 18 clases. \u00a1Ha sido todo un reto!<\/p>\n<p>Ninguno de nosotros pod\u00eda imaginar el final que pod\u00eda tener la historia. \u00a1SORPRESA!<\/p>\n<p style=\"text-align: justify\">Escribir de este modo puede ser muy enriquecedor. El trabajo en equipo nos obliga a coordinarnos con nuestros compa\u00f1eros y compa\u00f1eras y aceptar sus relatos e ideas.<\/p>\n<p>Por fin, el d\u00eda 23 de abril, estuvo la historia terminada. Ese d\u00eda lo dedicamos a leerla y a ilustrar la parte de la historia que cada clase hab\u00eda escrito, por lo que los dibujos que ver\u00e9is son originales del alumnado del centro. \u00a1SON UNOS ARTISTAS!<\/p>\n<p>\u00a1Esperamos que disfrut\u00e9is de la historia tanto como nosotros lo hemos hecho cre\u00e1ndola!<\/p>\n<p style=\"text-align: center\"><strong>AQU\u00cd OS DEJAMOS EL RESULTADO FINAL&#8230;&#8230;&#8230;&#8230;&#8230;&#8230;&#8230;&#8230;&#8230;..<\/strong><\/p>\n<p>&nbsp;<\/p>\n<p><a href=\"https:\/\/blogsaverroes.juntadeandalucia.es\/cpralmijara\/3d-flip-book\/4859\/\" target=\"_blank\" rel=\"noopener noreferrer\"><img loading=\"lazy\" decoding=\"async\" class=\"aligncenter size-full wp-image-4862\" src=\"https:\/\/blogsaverroes.juntadeandalucia.es\/cpralmijara\/files\/2021\/04\/portada.jpg\" alt=\"\" width=\"497\" height=\"691\" srcset=\"https:\/\/blogsaverroes.juntadeandalucia.es\/cpralmijara\/files\/2021\/04\/portada.jpg 497w, https:\/\/blogsaverroes.juntadeandalucia.es\/cpralmijara\/files\/2021\/04\/portada-216x300.jpg 216w\" sizes=\"(max-width: 497px) 100vw, 497px\" \/><\/a><\/p>\n<p style=\"text-align: center\"><a href=\"https:\/\/blogsaverroes.juntadeandalucia.es\/cpralmijara\/3d-flip-book\/4859\/\" target=\"_blank\" rel=\"noopener noreferrer\">Descubrimiento en el CPR Almijara<\/a><\/p>\n<p>&nbsp;<\/p>\n<p>&nbsp;<\/p>\n<p>&nbsp;<\/p>\n","protected":false},"excerpt":{"rendered":"<p>Estimadas familias: Estamos muy nerviosos y emocionados y deseando que pod\u00e1is disfrutar de la historia que ha creado todo el alumnado&#46;&#46;&#46;<\/p>\n","protected":false},"author":4940,"featured_media":4849,"comment_status":"closed","ping_status":"open","sticky":false,"template":"","format":"standard","meta":{"ngg_post_thumbnail":0,"footnotes":""},"categories":[854,1332923],"tags":[],"aioseo_notices":[],"_links":{"self":[{"href":"https:\/\/blogsaverroes.juntadeandalucia.es\/cpralmijara\/wp-json\/wp\/v2\/posts\/4847"}],"collection":[{"href":"https:\/\/blogsaverroes.juntadeandalucia.es\/cpralmijara\/wp-json\/wp\/v2\/posts"}],"about":[{"href":"https:\/\/blogsaverroes.juntadeandalucia.es\/cpralmijara\/wp-json\/wp\/v2\/types\/post"}],"author":[{"embeddable":true,"href":"https:\/\/blogsaverroes.juntadeandalucia.es\/cpralmijara\/wp-json\/wp\/v2\/users\/4940"}],"replies":[{"embeddable":true,"href":"https:\/\/blogsaverroes.juntadeandalucia.es\/cpralmijara\/wp-json\/wp\/v2\/comments?post=4847"}],"version-history":[{"count":7,"href":"https:\/\/blogsaverroes.juntadeandalucia.es\/cpralmijara\/wp-json\/wp\/v2\/posts\/4847\/revisions"}],"predecessor-version":[{"id":4863,"href":"https:\/\/blogsaverroes.juntadeandalucia.es\/cpralmijara\/wp-json\/wp\/v2\/posts\/4847\/revisions\/4863"}],"wp:featuredmedia":[{"embeddable":true,"href":"https:\/\/blogsaverroes.juntadeandalucia.es\/cpralmijara\/wp-json\/wp\/v2\/media\/4849"}],"wp:attachment":[{"href":"https:\/\/blogsaverroes.juntadeandalucia.es\/cpralmijara\/wp-json\/wp\/v2\/media?parent=4847"}],"wp:term":[{"taxonomy":"category","embeddable":true,"href":"https:\/\/blogsaverroes.juntadeandalucia.es\/cpralmijara\/wp-json\/wp\/v2\/categories?post=4847"},{"taxonomy":"post_tag","embeddable":true,"href":"https:\/\/blogsaverroes.juntadeandalucia.es\/cpralmijara\/wp-json\/wp\/v2\/tags?post=4847"}],"curies":[{"name":"wp","href":"https:\/\/api.w.org\/{rel}","templated":true}]}}