{"id":5890,"date":"2025-06-16T10:33:40","date_gmt":"2025-06-16T08:33:40","guid":{"rendered":"https:\/\/blogsaverroes.juntadeandalucia.es\/cpralmijara\/?p=5890"},"modified":"2025-06-16T10:33:40","modified_gmt":"2025-06-16T08:33:40","slug":"calendario-escolar-para-el-curso-escolar-2025-2026","status":"publish","type":"post","link":"https:\/\/blogsaverroes.juntadeandalucia.es\/cpralmijara\/2025\/06\/16\/calendario-escolar-para-el-curso-escolar-2025-2026\/","title":{"rendered":"Calendario escolar para el curso escolar 2025-2026"},"content":{"rendered":"<p>Resoluci\u00f3n de 22 de mayo de 2025 de la Delegaci\u00f3n Territorial de Desarrollo Educativo y Formaci\u00f3n Profesional y de Universidad, Investigaci\u00f3n e Innovaci\u00f3n en M\u00e1laga por la que se dictan las normas que han de regir el <strong>calendario escolar<\/strong> para el curso escolar <strong>2025\/2026<\/strong> en todos los centros docentes p\u00fablicos y privados a excepci\u00f3n de los universitarios.<\/p>\n<p><a href=\"https:\/\/blogsaverroes.juntadeandalucia.es\/cpralmijara\/files\/2025\/06\/Calendario-Escolar-20025-26-Malaga.pdf\">Calendario Escolar 20025-26 M\u00e1laga<\/a><\/p>\n","protected":false},"excerpt":{"rendered":"<p>Resoluci\u00f3n de 22 de mayo de 2025 de la Delegaci\u00f3n Territorial de Desarrollo Educativo y Formaci\u00f3n Profesional y de Universidad, Investigaci\u00f3n&#46;&#46;&#46;<\/p>\n","protected":false},"author":4940,"featured_media":5892,"comment_status":"closed","ping_status":"open","sticky":false,"template":"","format":"standard","meta":{"ngg_post_thumbnail":0,"footnotes":""},"categories":[526,1332925],"tags":[],"aioseo_notices":[],"_links":{"self":[{"href":"https:\/\/blogsaverroes.juntadeandalucia.es\/cpralmijara\/wp-json\/wp\/v2\/posts\/5890"}],"collection":[{"href":"https:\/\/blogsaverroes.juntadeandalucia.es\/cpralmijara\/wp-json\/wp\/v2\/posts"}],"about":[{"href":"https:\/\/blogsaverroes.juntadeandalucia.es\/cpralmijara\/wp-json\/wp\/v2\/types\/post"}],"author":[{"embeddable":true,"href":"https:\/\/blogsaverroes.juntadeandalucia.es\/cpralmijara\/wp-json\/wp\/v2\/users\/4940"}],"replies":[{"embeddable":true,"href":"https:\/\/blogsaverroes.juntadeandalucia.es\/cpralmijara\/wp-json\/wp\/v2\/comments?post=5890"}],"version-history":[{"count":1,"href":"https:\/\/blogsaverroes.juntadeandalucia.es\/cpralmijara\/wp-json\/wp\/v2\/posts\/5890\/revisions"}],"predecessor-version":[{"id":5893,"href":"https:\/\/blogsaverroes.juntadeandalucia.es\/cpralmijara\/wp-json\/wp\/v2\/posts\/5890\/revisions\/5893"}],"wp:featuredmedia":[{"embeddable":true,"href":"https:\/\/blogsaverroes.juntadeandalucia.es\/cpralmijara\/wp-json\/wp\/v2\/media\/5892"}],"wp:attachment":[{"href":"https:\/\/blogsaverroes.juntadeandalucia.es\/cpralmijara\/wp-json\/wp\/v2\/media?parent=5890"}],"wp:term":[{"taxonomy":"category","embeddable":true,"href":"https:\/\/blogsaverroes.juntadeandalucia.es\/cpralmijara\/wp-json\/wp\/v2\/categories?post=5890"},{"taxonomy":"post_tag","embeddable":true,"href":"https:\/\/blogsaverroes.juntadeandalucia.es\/cpralmijara\/wp-json\/wp\/v2\/tags?post=5890"}],"curies":[{"name":"wp","href":"https:\/\/api.w.org\/{rel}","templated":true}]}}