{"id":2782,"date":"2022-03-07T10:29:09","date_gmt":"2022-03-07T10:29:09","guid":{"rendered":"https:\/\/blogsaverroes.juntadeandalucia.es\/cpraltogenal\/?p=2782"},"modified":"2022-03-07T10:36:52","modified_gmt":"2022-03-07T10:36:52","slug":"2782","status":"publish","type":"post","link":"https:\/\/blogsaverroes.juntadeandalucia.es\/cpraltogenal\/2022\/03\/07\/2782\/","title":{"rendered":"Coreograf\u00eda del D\u00eda de la Paz."},"content":{"rendered":"<p>Hola familias, aqu\u00ed os dejamos un v\u00eddeo de la coreograf\u00eda que hemos montado desde el \u00e1rea de Educaci\u00f3n F\u00edsica para celebrar el D\u00eda de la Paz.<\/p>\n<p>\u00a1\u00a1\u00a1\u00a1Esperamos que os guste!!!!<\/p>\n<p style=\"text-align: center\"><a href=\"https:\/\/youtu.be\/BJjeuJnfpGo\"><br \/>\n<\/a><a href=\"https:\/\/youtu.be\/BJjeuJnfpGo\"><img loading=\"lazy\" decoding=\"async\" class=\"size-medium wp-image-2783 aligncenter\" src=\"https:\/\/blogsaverroes.juntadeandalucia.es\/cpraltogenal\/files\/2022\/03\/dia-dla-paz-300x140.jpg\" alt=\"\" width=\"300\" height=\"140\" srcset=\"https:\/\/blogsaverroes.juntadeandalucia.es\/cpraltogenal\/files\/2022\/03\/dia-dla-paz-300x140.jpg 300w, https:\/\/blogsaverroes.juntadeandalucia.es\/cpraltogenal\/files\/2022\/03\/dia-dla-paz.jpg 640w\" sizes=\"(max-width: 300px) 100vw, 300px\" \/><\/a>PINCHA EN LA IMAGEN PARA SU VISUALIZACI\u00d3N.<\/p>\n","protected":false},"excerpt":{"rendered":"<p>Hola familias, aqu\u00ed os dejamos un v\u00eddeo de la coreograf\u00eda que hemos montado desde el \u00e1rea de Educaci\u00f3n F\u00edsica para celebrar el D\u00eda de la Paz. \u00a1\u00a1\u00a1\u00a1Esperamos que os guste!!!! PINCHA EN LA IMAGEN PARA SU VISUALIZACI\u00d3N.<\/p>\n","protected":false},"author":8244,"featured_media":0,"comment_status":"open","ping_status":"open","sticky":false,"template":"","format":"standard","meta":{"ngg_post_thumbnail":0,"footnotes":""},"categories":[11909],"tags":[],"aioseo_notices":[],"_links":{"self":[{"href":"https:\/\/blogsaverroes.juntadeandalucia.es\/cpraltogenal\/wp-json\/wp\/v2\/posts\/2782"}],"collection":[{"href":"https:\/\/blogsaverroes.juntadeandalucia.es\/cpraltogenal\/wp-json\/wp\/v2\/posts"}],"about":[{"href":"https:\/\/blogsaverroes.juntadeandalucia.es\/cpraltogenal\/wp-json\/wp\/v2\/types\/post"}],"author":[{"embeddable":true,"href":"https:\/\/blogsaverroes.juntadeandalucia.es\/cpraltogenal\/wp-json\/wp\/v2\/users\/8244"}],"replies":[{"embeddable":true,"href":"https:\/\/blogsaverroes.juntadeandalucia.es\/cpraltogenal\/wp-json\/wp\/v2\/comments?post=2782"}],"version-history":[{"count":4,"href":"https:\/\/blogsaverroes.juntadeandalucia.es\/cpraltogenal\/wp-json\/wp\/v2\/posts\/2782\/revisions"}],"predecessor-version":[{"id":2788,"href":"https:\/\/blogsaverroes.juntadeandalucia.es\/cpraltogenal\/wp-json\/wp\/v2\/posts\/2782\/revisions\/2788"}],"wp:attachment":[{"href":"https:\/\/blogsaverroes.juntadeandalucia.es\/cpraltogenal\/wp-json\/wp\/v2\/media?parent=2782"}],"wp:term":[{"taxonomy":"category","embeddable":true,"href":"https:\/\/blogsaverroes.juntadeandalucia.es\/cpraltogenal\/wp-json\/wp\/v2\/categories?post=2782"},{"taxonomy":"post_tag","embeddable":true,"href":"https:\/\/blogsaverroes.juntadeandalucia.es\/cpraltogenal\/wp-json\/wp\/v2\/tags?post=2782"}],"curies":[{"name":"wp","href":"https:\/\/api.w.org\/{rel}","templated":true}]}}