{"id":247429,"date":"2023-03-21T09:48:23","date_gmt":"2023-03-21T08:48:23","guid":{"rendered":"https:\/\/blogsaverroes.juntadeandalucia.es\/cpranadecharpentier\/?p=247429"},"modified":"2023-03-22T09:54:26","modified_gmt":"2023-03-22T08:54:26","slug":"excursion-a-la-granja-escuela","status":"publish","type":"post","link":"https:\/\/blogsaverroes.juntadeandalucia.es\/cpranadecharpentier\/2023\/03\/21\/excursion-a-la-granja-escuela\/","title":{"rendered":"Excursi\u00f3n a la granja escuela"},"content":{"rendered":"<p>Este lunes los ni\u00f1os y ni\u00f1as de Infantil y Primer Ciclo han visitado la Granja Escuela Cabri\u00f1ana y han podido disfrutar de muchas actividades: elaboraci\u00f3n de pan, plantaci\u00f3n en el huerto, paseo en pony, tiro con arco&#8230;.<\/p>\n<p>\u00a1\u00a1Tamb\u00ed\u00e9n han podido ver muchos animales de granja y comer macarrones!!<\/p>\n<p>Aqu\u00ed se pueden ver algunas im\u00e1genes y hay muchas m\u00e1s en la Galer\u00eda <a href=\"https:\/\/www.flickr.com\/photos\/116983126@N06\/albums\">(Visita la Galer\u00eda)<\/a><\/p>\n<p><a href=\"https:\/\/www.flickr.com\/photos\/116983126@N06\/52759648671\/in\/album-72177720306853627\/\"><img loading=\"lazy\" decoding=\"async\" src=\"https:\/\/live.staticflickr.com\/65535\/52759648671_755fa31788_b.jpg\" alt=\"20230320_121839\" width=\"1024\" height=\"768\" \/><\/a><\/p>\n<p><a href=\"https:\/\/www.flickr.com\/photos\/116983126@N06\/52760052905\/in\/album-72177720306853627\/\"><img loading=\"lazy\" decoding=\"async\" src=\"https:\/\/live.staticflickr.com\/65535\/52760052905_16e2a71b96_b.jpg\" alt=\"20230320_120710\" width=\"1024\" height=\"768\" \/><\/a><\/p>\n<p><a href=\"https:\/\/www.flickr.com\/photos\/116983126@N06\/52760135838\/in\/album-72177720306853627\/\"><img loading=\"lazy\" decoding=\"async\" src=\"https:\/\/live.staticflickr.com\/65535\/52760135838_0b7127040f_b.jpg\" alt=\"20230320_125313\" width=\"1024\" height=\"768\" \/><\/a><\/p>\n<p><a href=\"https:\/\/www.flickr.com\/photos\/116983126@N06\/52760058040\/in\/album-72177720306853627\/\"><img loading=\"lazy\" decoding=\"async\" src=\"https:\/\/live.staticflickr.com\/65535\/52760058040_134c410a75_b.jpg\" alt=\"20230320_132933\" width=\"1024\" height=\"768\" \/><\/a><\/p>\n<p>&nbsp;<\/p>\n","protected":false},"excerpt":{"rendered":"<p>Este lunes los ni\u00f1os y ni\u00f1as de Infantil y Primer Ciclo han visitado la Granja Escuela Cabri\u00f1ana y han podido disfrutar de muchas actividades: elaboraci\u00f3n de pan, plantaci\u00f3n en el huerto, paseo en pony, tiro con arco&#8230;. \u00a1\u00a1Tamb\u00ed\u00e9n han podido ver muchos animales de granja y comer macarrones!! Aqu\u00ed se pueden ver algunas im\u00e1genes y [&hellip;]<\/p>\n","protected":false},"author":15738,"featured_media":247430,"comment_status":"open","ping_status":"closed","sticky":false,"template":"","format":"standard","meta":{"_et_pb_use_builder":"","_et_pb_old_content":"","_et_gb_content_width":"","ngg_post_thumbnail":0,"footnotes":""},"categories":[26],"tags":[],"aioseo_notices":[],"_links":{"self":[{"href":"https:\/\/blogsaverroes.juntadeandalucia.es\/cpranadecharpentier\/wp-json\/wp\/v2\/posts\/247429"}],"collection":[{"href":"https:\/\/blogsaverroes.juntadeandalucia.es\/cpranadecharpentier\/wp-json\/wp\/v2\/posts"}],"about":[{"href":"https:\/\/blogsaverroes.juntadeandalucia.es\/cpranadecharpentier\/wp-json\/wp\/v2\/types\/post"}],"author":[{"embeddable":true,"href":"https:\/\/blogsaverroes.juntadeandalucia.es\/cpranadecharpentier\/wp-json\/wp\/v2\/users\/15738"}],"replies":[{"embeddable":true,"href":"https:\/\/blogsaverroes.juntadeandalucia.es\/cpranadecharpentier\/wp-json\/wp\/v2\/comments?post=247429"}],"version-history":[{"count":1,"href":"https:\/\/blogsaverroes.juntadeandalucia.es\/cpranadecharpentier\/wp-json\/wp\/v2\/posts\/247429\/revisions"}],"predecessor-version":[{"id":247431,"href":"https:\/\/blogsaverroes.juntadeandalucia.es\/cpranadecharpentier\/wp-json\/wp\/v2\/posts\/247429\/revisions\/247431"}],"wp:featuredmedia":[{"embeddable":true,"href":"https:\/\/blogsaverroes.juntadeandalucia.es\/cpranadecharpentier\/wp-json\/wp\/v2\/media\/247430"}],"wp:attachment":[{"href":"https:\/\/blogsaverroes.juntadeandalucia.es\/cpranadecharpentier\/wp-json\/wp\/v2\/media?parent=247429"}],"wp:term":[{"taxonomy":"category","embeddable":true,"href":"https:\/\/blogsaverroes.juntadeandalucia.es\/cpranadecharpentier\/wp-json\/wp\/v2\/categories?post=247429"},{"taxonomy":"post_tag","embeddable":true,"href":"https:\/\/blogsaverroes.juntadeandalucia.es\/cpranadecharpentier\/wp-json\/wp\/v2\/tags?post=247429"}],"curies":[{"name":"wp","href":"https:\/\/api.w.org\/{rel}","templated":true}]}}