{"id":247948,"date":"2024-05-13T14:42:17","date_gmt":"2024-05-13T13:42:17","guid":{"rendered":"https:\/\/blogsaverroes.juntadeandalucia.es\/cpranadecharpentier\/?p=247948"},"modified":"2024-05-16T10:47:18","modified_gmt":"2024-05-16T09:47:18","slug":"excursion-al-circo","status":"publish","type":"post","link":"https:\/\/blogsaverroes.juntadeandalucia.es\/cpranadecharpentier\/2024\/05\/13\/excursion-al-circo\/","title":{"rendered":"Excursi\u00f3n al circo"},"content":{"rendered":"<p>\u00a1Hoy hemos ido el circo!<\/p>\n<p>Todo el alumnado de todas las aldeas que conforman el CPR Ana de Charpentier han podido disfrutar del espect\u00e1culo del Circo Alaska, que estos d\u00edas para en C\u00f3rdoba capital.<\/p>\n<p>El espect\u00e1culo, basado en el cuento de Aladino, ha estado lleno de m\u00fasica, baile, malabares, acrobacias&#8230;<\/p>\n<p>Aqu\u00ed dejamos algunas fotos y hay algunas m\u00e1s en la carpeta &#8220;Excursiones&#8221; de nuestra galer\u00eda.<\/p>\n<p>\u00a1Viva el circo!<\/p>\n<p><a href=\"https:\/\/www.flickr.com\/photos\/116983126@N06\/53724877356\/in\/dateposted-public\/\"><img loading=\"lazy\" decoding=\"async\" src=\"https:\/\/live.staticflickr.com\/65535\/53724877356_b67323c4a4_b.jpg\" alt=\"Circo (2)\" width=\"1024\" height=\"768\" \/><\/a><\/p>\n<p><a href=\"https:\/\/www.flickr.com\/photos\/116983126@N06\/53725090638\/in\/dateposted-public\/\"><img loading=\"lazy\" decoding=\"async\" src=\"https:\/\/live.staticflickr.com\/65535\/53725090638_51c75fd4eb_b.jpg\" alt=\"Circo (5)\" width=\"1024\" height=\"768\" \/><\/a><\/p>\n<p><a href=\"https:\/\/www.flickr.com\/photos\/116983126@N06\/53725224144\/in\/dateposted-public\/\"><img loading=\"lazy\" decoding=\"async\" src=\"https:\/\/live.staticflickr.com\/65535\/53725224144_37ae71cd22_b.jpg\" alt=\"Circo (7)\" width=\"1024\" height=\"768\" \/><\/a><\/p>\n<p><a href=\"https:\/\/www.flickr.com\/photos\/116983126@N06\/53723976487\/in\/dateposted-public\/\"><img loading=\"lazy\" decoding=\"async\" src=\"https:\/\/live.staticflickr.com\/65535\/53723976487_955e44c7b7_b.jpg\" alt=\"Circo (9)\" width=\"1024\" height=\"768\" \/><\/a><\/p>\n<p><a href=\"https:\/\/www.flickr.com\/photos\/116983126@N06\/53725314425\/in\/dateposted-public\/\"><img loading=\"lazy\" decoding=\"async\" src=\"https:\/\/live.staticflickr.com\/65535\/53725314425_4700928b1c_b.jpg\" alt=\"Circo (6)\" width=\"1024\" height=\"768\" \/><\/a><\/p>\n<p>&nbsp;<\/p>\n","protected":false},"excerpt":{"rendered":"<p>\u00a1Hoy hemos ido el circo! Todo el alumnado de todas las aldeas que conforman el CPR Ana de Charpentier han podido disfrutar del espect\u00e1culo del Circo Alaska, que estos d\u00edas para en C\u00f3rdoba capital. El espect\u00e1culo, basado en el cuento de Aladino, ha estado lleno de m\u00fasica, baile, malabares, acrobacias&#8230; Aqu\u00ed dejamos algunas fotos y [&hellip;]<\/p>\n","protected":false},"author":15738,"featured_media":247949,"comment_status":"open","ping_status":"closed","sticky":false,"template":"","format":"standard","meta":{"_et_pb_use_builder":"","_et_pb_old_content":"","_et_gb_content_width":"","ngg_post_thumbnail":0,"footnotes":""},"categories":[1],"tags":[],"aioseo_notices":[],"_links":{"self":[{"href":"https:\/\/blogsaverroes.juntadeandalucia.es\/cpranadecharpentier\/wp-json\/wp\/v2\/posts\/247948"}],"collection":[{"href":"https:\/\/blogsaverroes.juntadeandalucia.es\/cpranadecharpentier\/wp-json\/wp\/v2\/posts"}],"about":[{"href":"https:\/\/blogsaverroes.juntadeandalucia.es\/cpranadecharpentier\/wp-json\/wp\/v2\/types\/post"}],"author":[{"embeddable":true,"href":"https:\/\/blogsaverroes.juntadeandalucia.es\/cpranadecharpentier\/wp-json\/wp\/v2\/users\/15738"}],"replies":[{"embeddable":true,"href":"https:\/\/blogsaverroes.juntadeandalucia.es\/cpranadecharpentier\/wp-json\/wp\/v2\/comments?post=247948"}],"version-history":[{"count":2,"href":"https:\/\/blogsaverroes.juntadeandalucia.es\/cpranadecharpentier\/wp-json\/wp\/v2\/posts\/247948\/revisions"}],"predecessor-version":[{"id":247951,"href":"https:\/\/blogsaverroes.juntadeandalucia.es\/cpranadecharpentier\/wp-json\/wp\/v2\/posts\/247948\/revisions\/247951"}],"wp:featuredmedia":[{"embeddable":true,"href":"https:\/\/blogsaverroes.juntadeandalucia.es\/cpranadecharpentier\/wp-json\/wp\/v2\/media\/247949"}],"wp:attachment":[{"href":"https:\/\/blogsaverroes.juntadeandalucia.es\/cpranadecharpentier\/wp-json\/wp\/v2\/media?parent=247948"}],"wp:term":[{"taxonomy":"category","embeddable":true,"href":"https:\/\/blogsaverroes.juntadeandalucia.es\/cpranadecharpentier\/wp-json\/wp\/v2\/categories?post=247948"},{"taxonomy":"post_tag","embeddable":true,"href":"https:\/\/blogsaverroes.juntadeandalucia.es\/cpranadecharpentier\/wp-json\/wp\/v2\/tags?post=247948"}],"curies":[{"name":"wp","href":"https:\/\/api.w.org\/{rel}","templated":true}]}}