{"id":248468,"date":"2025-11-06T13:38:28","date_gmt":"2025-11-06T12:38:28","guid":{"rendered":"https:\/\/blogsaverroes.juntadeandalucia.es\/cpranadecharpentier\/?p=248468"},"modified":"2025-11-14T13:41:04","modified_gmt":"2025-11-14T12:41:04","slug":"nos-vamos-de-excursion","status":"publish","type":"post","link":"https:\/\/blogsaverroes.juntadeandalucia.es\/cpranadecharpentier\/2025\/11\/06\/nos-vamos-de-excursion\/","title":{"rendered":"Nos vamos de excursi\u00f3n"},"content":{"rendered":"<p>El pasado 6 de noviembre los alumnos y alumnas de primer y tercer ciclo disfrutaron respectivamente de una excursi\u00f3n a C\u00f3rdoba para conocer y disfrutar de la actividad LA CASITA (organizada por la UCO) y a la granja-escuela Aljara, donde pudieron realizar m\u00faltiples actividades.<\/p>\n<p>Aqu\u00ed se pueden ver algunas im\u00e1genes:<\/p>\n<p><a href=\"https:\/\/www.flickr.com\/photos\/116983126@N06\/54922978596\/in\/dateposted-public\/\"><img loading=\"lazy\" decoding=\"async\" src=\"https:\/\/live.staticflickr.com\/65535\/54922978596_ec064ed7e3_c.jpg\" alt=\"Aljara (2)\" width=\"600\" height=\"800\" \/><\/a><\/p>\n<p><a href=\"https:\/\/www.flickr.com\/photos\/116983126@N06\/54923185073\/in\/dateposted-public\/\"><img loading=\"lazy\" decoding=\"async\" src=\"https:\/\/live.staticflickr.com\/65535\/54923185073_6631ed50e6_c.jpg\" alt=\"Aljara (1)\" width=\"600\" height=\"800\" \/><\/a><\/p>\n<p><a href=\"https:\/\/www.flickr.com\/photos\/116983126@N06\/54923287910\/in\/dateposted-public\/\"><img loading=\"lazy\" decoding=\"async\" src=\"https:\/\/live.staticflickr.com\/65535\/54923287910_9645074813_c.jpg\" alt=\"Aljara (4)\" width=\"600\" height=\"800\" \/><\/a><\/p>\n<p><a href=\"https:\/\/www.flickr.com\/photos\/116983126@N06\/54921957291\/in\/dateposted-public\/\"><img loading=\"lazy\" decoding=\"async\" src=\"https:\/\/live.staticflickr.com\/65535\/54921957291_98b4171e9b_b.jpg\" alt=\"IMG-20251106-WA0081\" width=\"1024\" height=\"768\" \/><\/a><\/p>\n<p><a href=\"https:\/\/www.flickr.com\/photos\/116983126@N06\/54921092012\/in\/dateposted-public\/\"><img loading=\"lazy\" decoding=\"async\" src=\"https:\/\/live.staticflickr.com\/65535\/54921092012_8755650b3e_c.jpg\" alt=\"IMG-20251106-WA0066\" width=\"600\" height=\"800\" \/><\/a><\/p>\n<p><a href=\"https:\/\/www.flickr.com\/photos\/116983126@N06\/54922262085\/in\/dateposted-public\/\"><img loading=\"lazy\" decoding=\"async\" src=\"https:\/\/live.staticflickr.com\/65535\/54922262085_38bc6e72d1_c.jpg\" alt=\"IMG-20251106-WA0050\" width=\"600\" height=\"800\" \/><\/a><\/p>\n<p><a href=\"https:\/\/www.flickr.com\/photos\/116983126@N06\/albums\">Hay m\u00e1s im\u00e1genes en la Galer\u00eda<\/a><\/p>\n<p>&nbsp;<\/p>\n<p>&nbsp;<\/p>\n<p>&nbsp;<\/p>\n<p>&nbsp;<\/p>\n<p>&nbsp;<\/p>\n","protected":false},"excerpt":{"rendered":"<p>El pasado 6 de noviembre los alumnos y alumnas de primer y tercer ciclo disfrutaron respectivamente de una excursi\u00f3n a C\u00f3rdoba para conocer y disfrutar de la actividad LA CASITA (organizada por la UCO) y a la granja-escuela Aljara, donde pudieron realizar m\u00faltiples actividades. Aqu\u00ed se pueden ver algunas im\u00e1genes: Hay m\u00e1s im\u00e1genes en la [&hellip;]<\/p>\n","protected":false},"author":15738,"featured_media":248469,"comment_status":"open","ping_status":"closed","sticky":false,"template":"","format":"standard","meta":{"_et_pb_use_builder":"","_et_pb_old_content":"","_et_gb_content_width":"","ngg_post_thumbnail":0,"footnotes":""},"categories":[1],"tags":[],"aioseo_notices":[],"_links":{"self":[{"href":"https:\/\/blogsaverroes.juntadeandalucia.es\/cpranadecharpentier\/wp-json\/wp\/v2\/posts\/248468"}],"collection":[{"href":"https:\/\/blogsaverroes.juntadeandalucia.es\/cpranadecharpentier\/wp-json\/wp\/v2\/posts"}],"about":[{"href":"https:\/\/blogsaverroes.juntadeandalucia.es\/cpranadecharpentier\/wp-json\/wp\/v2\/types\/post"}],"author":[{"embeddable":true,"href":"https:\/\/blogsaverroes.juntadeandalucia.es\/cpranadecharpentier\/wp-json\/wp\/v2\/users\/15738"}],"replies":[{"embeddable":true,"href":"https:\/\/blogsaverroes.juntadeandalucia.es\/cpranadecharpentier\/wp-json\/wp\/v2\/comments?post=248468"}],"version-history":[{"count":1,"href":"https:\/\/blogsaverroes.juntadeandalucia.es\/cpranadecharpentier\/wp-json\/wp\/v2\/posts\/248468\/revisions"}],"predecessor-version":[{"id":248472,"href":"https:\/\/blogsaverroes.juntadeandalucia.es\/cpranadecharpentier\/wp-json\/wp\/v2\/posts\/248468\/revisions\/248472"}],"wp:featuredmedia":[{"embeddable":true,"href":"https:\/\/blogsaverroes.juntadeandalucia.es\/cpranadecharpentier\/wp-json\/wp\/v2\/media\/248469"}],"wp:attachment":[{"href":"https:\/\/blogsaverroes.juntadeandalucia.es\/cpranadecharpentier\/wp-json\/wp\/v2\/media?parent=248468"}],"wp:term":[{"taxonomy":"category","embeddable":true,"href":"https:\/\/blogsaverroes.juntadeandalucia.es\/cpranadecharpentier\/wp-json\/wp\/v2\/categories?post=248468"},{"taxonomy":"post_tag","embeddable":true,"href":"https:\/\/blogsaverroes.juntadeandalucia.es\/cpranadecharpentier\/wp-json\/wp\/v2\/tags?post=248468"}],"curies":[{"name":"wp","href":"https:\/\/api.w.org\/{rel}","templated":true}]}}