{"id":3628,"date":"2021-03-07T22:45:47","date_gmt":"2021-03-07T21:45:47","guid":{"rendered":"https:\/\/blogsaverroes.juntadeandalucia.es\/cprcampodelrey\/?p=3628"},"modified":"2021-03-08T16:31:26","modified_gmt":"2021-03-08T15:31:26","slug":"we-can-do-it-8m","status":"publish","type":"post","link":"https:\/\/blogsaverroes.juntadeandalucia.es\/cprcampodelrey\/we-can-do-it-8m\/","title":{"rendered":"We can do it! 8M"},"content":{"rendered":"<p style=\"text-align: justify\">Para conmemorar el 8 de marzo, nos propusimos actividades que relacionan nuestro proyecto de igualdad con otros que tambi\u00e9n desarrollamos en el centro. En esta ocasi\u00f3n hemos realizado un estudio de investigaci\u00f3n por parte del alumnado sobre el por qu\u00e9 se celebra este d\u00eda.&nbsp;<\/p>\n<p style=\"text-align: justify\"><strong>\u00bfA qu\u00e9 conclusiones llegaron?<\/strong><\/p>\n<p id=\"m91-90-92\" class=\"paragraph \" style=\"text-align: justify\">Pues que cada 8 de marzo se conmemora la lucha de las mujeres por la igualdad de derechos. Un d\u00eda, que no es solo para reivindicar sino tambien para recordar todos los avances y que a\u00fan queda por hacer ante las desigualdades que contin\u00faan produci\u00e9ndose entre hombres y mujeres en todo el mundo.&nbsp;<\/p>\n<p id=\"m96-95-97\" class=\"paragraph \" style=\"text-align: justify\"><strong>\u00bf Qu\u00e9 hecho les llamo m\u00e1s la atenci\u00f3n?<\/strong><\/p>\n<p class=\"paragraph \" style=\"text-align: justify\">En 1942 la empresa&nbsp;Westinghouse Electric &amp; Manufacturing Company solicit\u00f3 al artista&nbsp;J. Howard Miller que creara una imagen que incentivara el trabajo. Esta fue una iniciativa privada cuyo objetivo era que un grupo acotado de trabajadores lo viera por tiempo limitado, no fue una campa\u00f1a masiva.<\/p>\n<p class=\"paragraph \" style=\"text-align: justify\">Si bien naci\u00f3 de la necesidad de llamar a m\u00e1s mujeres a trabajar en las industrias mientras los hombres tomaban las armas en la guerra, ten\u00eda por segundo objetivo el mantener motivados a los empleados y empleadas durante sus labores.<\/p>\n<p style=\"text-align: justify\">Con la guerra solo en la memoria de quienes la vivieron, esta imagen fue adquiriendo una connotaci\u00f3n feminista, entendiendo la frase \u00abPodemos hacerlo\u00bb como una invitaci\u00f3n a luchar en conjunto por lo que se quiere y&nbsp;demostrando que las mujeres tambi\u00e9n son fuertes.<\/p>\n<p><a href=\"https:\/\/blogsaverroes.juntadeandalucia.es\/cprcampodelrey\/files\/2021\/03\/We_Can_Do_It-960-fragmento.jpg\"><img fetchpriority=\"high\" decoding=\"async\" class=\"aligncenter wp-image-3629\" src=\"https:\/\/blogsaverroes.juntadeandalucia.es\/cprcampodelrey\/files\/2021\/03\/We_Can_Do_It-960-fragmento.jpg\" alt=\"\" width=\"398\" height=\"349\" srcset=\"https:\/\/blogsaverroes.juntadeandalucia.es\/cprcampodelrey\/files\/2021\/03\/We_Can_Do_It-960-fragmento.jpg 960w, https:\/\/blogsaverroes.juntadeandalucia.es\/cprcampodelrey\/files\/2021\/03\/We_Can_Do_It-960-fragmento-300x263.jpg 300w, https:\/\/blogsaverroes.juntadeandalucia.es\/cprcampodelrey\/files\/2021\/03\/We_Can_Do_It-960-fragmento-768x674.jpg 768w\" sizes=\"(max-width: 398px) 100vw, 398px\" \/><\/a><\/p>\n<p><strong>\u00bf&nbsp;Como lo&nbsp;trabajaron?<\/strong><\/p>\n<p><a href=\"https:\/\/blogsaverroes.juntadeandalucia.es\/cprcampodelrey\/files\/2021\/03\/Noem\u00ed-Parker_page-0001.jpg\"><img decoding=\"async\" class=\"wp-image-3630 aligncenter\" src=\"https:\/\/blogsaverroes.juntadeandalucia.es\/cprcampodelrey\/files\/2021\/03\/Noem\u00ed-Parker_page-0001.jpg\" alt=\"\" width=\"500\" height=\"705\"><\/a> <a href=\"https:\/\/blogsaverroes.juntadeandalucia.es\/cprcampodelrey\/files\/2021\/03\/Noem\u00ed-Parker_page-0002.jpg\"><img decoding=\"async\" class=\"wp-image-3631 aligncenter\" src=\"https:\/\/blogsaverroes.juntadeandalucia.es\/cprcampodelrey\/files\/2021\/03\/Noem\u00ed-Parker_page-0002.jpg\" alt=\"\" width=\"502\" height=\"710\" srcset=\"https:\/\/blogsaverroes.juntadeandalucia.es\/cprcampodelrey\/files\/2021\/03\/Noem\u00ed-Parker_page-0002.jpg 1131w, https:\/\/blogsaverroes.juntadeandalucia.es\/cprcampodelrey\/files\/2021\/03\/Noem\u00ed-Parker_page-0002-212x300.jpg 212w, https:\/\/blogsaverroes.juntadeandalucia.es\/cprcampodelrey\/files\/2021\/03\/Noem\u00ed-Parker_page-0002-724x1024.jpg 724w, https:\/\/blogsaverroes.juntadeandalucia.es\/cprcampodelrey\/files\/2021\/03\/Noem\u00ed-Parker_page-0002-768x1086.jpg 768w, https:\/\/blogsaverroes.juntadeandalucia.es\/cprcampodelrey\/files\/2021\/03\/Noem\u00ed-Parker_page-0002-1086x1536.jpg 1086w\" sizes=\"(max-width: 502px) 100vw, 502px\" \/><\/a> <a href=\"https:\/\/blogsaverroes.juntadeandalucia.es\/cprcampodelrey\/files\/2021\/03\/Noem\u00ed-Parker_page-0003.jpg\"><img loading=\"lazy\" decoding=\"async\" class=\"wp-image-3632 aligncenter\" src=\"https:\/\/blogsaverroes.juntadeandalucia.es\/cprcampodelrey\/files\/2021\/03\/Noem\u00ed-Parker_page-0003.jpg\" alt=\"\" width=\"501\" height=\"708\" srcset=\"https:\/\/blogsaverroes.juntadeandalucia.es\/cprcampodelrey\/files\/2021\/03\/Noem\u00ed-Parker_page-0003.jpg 1131w, https:\/\/blogsaverroes.juntadeandalucia.es\/cprcampodelrey\/files\/2021\/03\/Noem\u00ed-Parker_page-0003-212x300.jpg 212w, https:\/\/blogsaverroes.juntadeandalucia.es\/cprcampodelrey\/files\/2021\/03\/Noem\u00ed-Parker_page-0003-724x1024.jpg 724w, https:\/\/blogsaverroes.juntadeandalucia.es\/cprcampodelrey\/files\/2021\/03\/Noem\u00ed-Parker_page-0003-768x1086.jpg 768w, https:\/\/blogsaverroes.juntadeandalucia.es\/cprcampodelrey\/files\/2021\/03\/Noem\u00ed-Parker_page-0003-1086x1536.jpg 1086w\" sizes=\"(max-width: 501px) 100vw, 501px\" \/><\/a> <a href=\"https:\/\/blogsaverroes.juntadeandalucia.es\/cprcampodelrey\/files\/2021\/03\/Noem\u00ed-Parker_page-0004.jpg\"><br \/>\n<img loading=\"lazy\" decoding=\"async\" class=\"wp-image-3633 aligncenter\" src=\"https:\/\/blogsaverroes.juntadeandalucia.es\/cprcampodelrey\/files\/2021\/03\/Noem\u00ed-Parker_page-0004.jpg\" alt=\"\" width=\"502\" height=\"356\" srcset=\"https:\/\/blogsaverroes.juntadeandalucia.es\/cprcampodelrey\/files\/2021\/03\/Noem\u00ed-Parker_page-0004.jpg 1600w, https:\/\/blogsaverroes.juntadeandalucia.es\/cprcampodelrey\/files\/2021\/03\/Noem\u00ed-Parker_page-0004-300x212.jpg 300w, https:\/\/blogsaverroes.juntadeandalucia.es\/cprcampodelrey\/files\/2021\/03\/Noem\u00ed-Parker_page-0004-1024x724.jpg 1024w, https:\/\/blogsaverroes.juntadeandalucia.es\/cprcampodelrey\/files\/2021\/03\/Noem\u00ed-Parker_page-0004-768x543.jpg 768w, https:\/\/blogsaverroes.juntadeandalucia.es\/cprcampodelrey\/files\/2021\/03\/Noem\u00ed-Parker_page-0004-1536x1086.jpg 1536w\" sizes=\"(max-width: 502px) 100vw, 502px\" \/><\/a><\/p>\n<p>Para dejar inmortalizado nuestro trabajo decidimos recrear el cartel de We can do it! y dejarlo inmortalizado en nuestro centro. \u00a1Este fue el resultado!<\/p>\n<p><a href=\"https:\/\/blogsaverroes.juntadeandalucia.es\/cprcampodelrey\/files\/2021\/03\/8-de-marzo-de-2021-redes-sociales_page-0001-scaled.jpg\"><img loading=\"lazy\" decoding=\"async\" class=\"aligncenter size-full wp-image-3634\" src=\"https:\/\/blogsaverroes.juntadeandalucia.es\/cprcampodelrey\/files\/2021\/03\/8-de-marzo-de-2021-redes-sociales_page-0001-scaled.jpg\" alt=\"\" width=\"1131\" height=\"1600\" srcset=\"https:\/\/blogsaverroes.juntadeandalucia.es\/cprcampodelrey\/files\/2021\/03\/8-de-marzo-de-2021-redes-sociales_page-0001-scaled.jpg 1131w, https:\/\/blogsaverroes.juntadeandalucia.es\/cprcampodelrey\/files\/2021\/03\/8-de-marzo-de-2021-redes-sociales_page-0001-212x300.jpg 212w, https:\/\/blogsaverroes.juntadeandalucia.es\/cprcampodelrey\/files\/2021\/03\/8-de-marzo-de-2021-redes-sociales_page-0001-724x1024.jpg 724w, https:\/\/blogsaverroes.juntadeandalucia.es\/cprcampodelrey\/files\/2021\/03\/8-de-marzo-de-2021-redes-sociales_page-0001-768x1086.jpg 768w, https:\/\/blogsaverroes.juntadeandalucia.es\/cprcampodelrey\/files\/2021\/03\/8-de-marzo-de-2021-redes-sociales_page-0001-1086x1536.jpg 1086w, https:\/\/blogsaverroes.juntadeandalucia.es\/cprcampodelrey\/files\/2021\/03\/8-de-marzo-de-2021-redes-sociales_page-0001-1448x2048.jpg 1448w\" sizes=\"(max-width: 1131px) 100vw, 1131px\" \/><\/a><\/p>\n","protected":false},"excerpt":{"rendered":"<p>Para conmemorar el 8 de marzo, nos propusimos actividades que relacionan nuestro proyecto de igualdad con otros que tambi\u00e9n desarrollamos en el centro. En esta ocasi\u00f3n hemos realizado un estudio de investigaci\u00f3n por parte&#46;&#46;&#46;<\/p>\n","protected":false},"author":6086,"featured_media":3629,"comment_status":"open","ping_status":"open","sticky":false,"template":"","format":"standard","meta":{"ngg_post_thumbnail":0,"footnotes":""},"categories":[1559714,1559730,1559716,1559712,1559720],"tags":[1559715,1559731,1559717,1559713,1559721],"aioseo_notices":[],"_links":{"self":[{"href":"https:\/\/blogsaverroes.juntadeandalucia.es\/cprcampodelrey\/wp-json\/wp\/v2\/posts\/3628"}],"collection":[{"href":"https:\/\/blogsaverroes.juntadeandalucia.es\/cprcampodelrey\/wp-json\/wp\/v2\/posts"}],"about":[{"href":"https:\/\/blogsaverroes.juntadeandalucia.es\/cprcampodelrey\/wp-json\/wp\/v2\/types\/post"}],"author":[{"embeddable":true,"href":"https:\/\/blogsaverroes.juntadeandalucia.es\/cprcampodelrey\/wp-json\/wp\/v2\/users\/6086"}],"replies":[{"embeddable":true,"href":"https:\/\/blogsaverroes.juntadeandalucia.es\/cprcampodelrey\/wp-json\/wp\/v2\/comments?post=3628"}],"version-history":[{"count":3,"href":"https:\/\/blogsaverroes.juntadeandalucia.es\/cprcampodelrey\/wp-json\/wp\/v2\/posts\/3628\/revisions"}],"predecessor-version":[{"id":3637,"href":"https:\/\/blogsaverroes.juntadeandalucia.es\/cprcampodelrey\/wp-json\/wp\/v2\/posts\/3628\/revisions\/3637"}],"wp:featuredmedia":[{"embeddable":true,"href":"https:\/\/blogsaverroes.juntadeandalucia.es\/cprcampodelrey\/wp-json\/wp\/v2\/media\/3629"}],"wp:attachment":[{"href":"https:\/\/blogsaverroes.juntadeandalucia.es\/cprcampodelrey\/wp-json\/wp\/v2\/media?parent=3628"}],"wp:term":[{"taxonomy":"category","embeddable":true,"href":"https:\/\/blogsaverroes.juntadeandalucia.es\/cprcampodelrey\/wp-json\/wp\/v2\/categories?post=3628"},{"taxonomy":"post_tag","embeddable":true,"href":"https:\/\/blogsaverroes.juntadeandalucia.es\/cprcampodelrey\/wp-json\/wp\/v2\/tags?post=3628"}],"curies":[{"name":"wp","href":"https:\/\/api.w.org\/{rel}","templated":true}]}}