{"id":11107,"date":"2020-02-28T20:21:43","date_gmt":"2020-02-28T20:21:43","guid":{"rendered":"https:\/\/blogsaverroes.juntadeandalucia.es\/cprfedericogarcialorca\/?p=11107"},"modified":"2020-02-28T20:21:43","modified_gmt":"2020-02-28T20:21:43","slug":"iv-semana-cultural-3-26-02-2020","status":"publish","type":"post","link":"https:\/\/blogsaverroes.juntadeandalucia.es\/cprfedericogarcialorca\/2020\/02\/28\/iv-semana-cultural-3-26-02-2020\/","title":{"rendered":"IV SEMANA CULTURAL (3). 26-02-2020"},"content":{"rendered":"<p style=\"text-align: justify\">Durante el mi\u00e9rcoles d\u00eda 26 de febrero de 2020, la tem\u00e1tica a trabajar es el \u00abDeporte Paral\u00edmpico\u00bb. El alumnado de educaci\u00f3n primaria de Los Ba\u00f1os y Graena se ha desplazado a Bejar\u00edn para realizar las actividades propuestas para este d\u00eda:<\/p>\n<p style=\"text-align: justify\"><strong><u>Charla deportista discapacitado<\/u><\/strong><\/p>\n<p style=\"text-align: justify\">El deportista discapacitado de Purullena Jos\u00e9 Rojas Clares, nos ha dado una charla sobre los diferentes aspectos y\/o dificultades que han encontrado en su pr\u00e1ctica deportiva.<\/p>\n<p style=\"text-align: justify\"><strong><u>Gymkana sobre \u00abD\u00eda Andaluc\u00eda\u00bb &#8211; Solidaria contra la Leucemia<\/u><\/strong><strong><u>.<\/u><\/strong><\/p>\n<p style=\"text-align: justify\">La comunidad educativa realiza una Gymkana con diferentes pruebas por la calles de Bejar\u00edn, con la tem\u00e1tica central son los deportistas ol\u00edmpicos andaluces.<\/p>\n<p style=\"text-align: justify\">Se aprovecha esta actividad para&nbsp; incluir la propuesta realizada por el A.M.P.A., donde cada participante en la prueba pone un euro voluntariamente con la finalidad de recaudar fondos para luchar contra la leucemia infantil.<\/p>\n<p style=\"text-align: justify\">Para finalizar el d\u00eda se realiza una serie de juegos\/deportes preparados para vivenciar los deportes adaptados.<\/p>\nngg_shortcode_0_placeholder\n<p style=\"text-align: justify\">&nbsp;<\/p>\n","protected":false},"excerpt":{"rendered":"<p>Durante el mi\u00e9rcoles d\u00eda 26 de febrero de 2020, la tem\u00e1tica a trabajar es el \u00abDeporte Paral\u00edmpico\u00bb. El alumnado de educaci\u00f3n primaria de Los Ba\u00f1os y Graena se ha desplazado a Bejar\u00edn para realizar&#46;&#46;&#46;<\/p>\n","protected":false},"author":4911,"featured_media":10897,"comment_status":"open","ping_status":"open","sticky":false,"template":"","format":"standard","meta":{"ngg_post_thumbnail":0,"footnotes":""},"categories":[32,166,26636,25490,1073196,1072566,1072826,11909,1071377,19,526,1121616],"tags":[],"aioseo_notices":[],"_links":{"self":[{"href":"https:\/\/blogsaverroes.juntadeandalucia.es\/cprfedericogarcialorca\/wp-json\/wp\/v2\/posts\/11107"}],"collection":[{"href":"https:\/\/blogsaverroes.juntadeandalucia.es\/cprfedericogarcialorca\/wp-json\/wp\/v2\/posts"}],"about":[{"href":"https:\/\/blogsaverroes.juntadeandalucia.es\/cprfedericogarcialorca\/wp-json\/wp\/v2\/types\/post"}],"author":[{"embeddable":true,"href":"https:\/\/blogsaverroes.juntadeandalucia.es\/cprfedericogarcialorca\/wp-json\/wp\/v2\/users\/4911"}],"replies":[{"embeddable":true,"href":"https:\/\/blogsaverroes.juntadeandalucia.es\/cprfedericogarcialorca\/wp-json\/wp\/v2\/comments?post=11107"}],"version-history":[{"count":1,"href":"https:\/\/blogsaverroes.juntadeandalucia.es\/cprfedericogarcialorca\/wp-json\/wp\/v2\/posts\/11107\/revisions"}],"predecessor-version":[{"id":11108,"href":"https:\/\/blogsaverroes.juntadeandalucia.es\/cprfedericogarcialorca\/wp-json\/wp\/v2\/posts\/11107\/revisions\/11108"}],"wp:featuredmedia":[{"embeddable":true,"href":"https:\/\/blogsaverroes.juntadeandalucia.es\/cprfedericogarcialorca\/wp-json\/wp\/v2\/media\/10897"}],"wp:attachment":[{"href":"https:\/\/blogsaverroes.juntadeandalucia.es\/cprfedericogarcialorca\/wp-json\/wp\/v2\/media?parent=11107"}],"wp:term":[{"taxonomy":"category","embeddable":true,"href":"https:\/\/blogsaverroes.juntadeandalucia.es\/cprfedericogarcialorca\/wp-json\/wp\/v2\/categories?post=11107"},{"taxonomy":"post_tag","embeddable":true,"href":"https:\/\/blogsaverroes.juntadeandalucia.es\/cprfedericogarcialorca\/wp-json\/wp\/v2\/tags?post=11107"}],"curies":[{"name":"wp","href":"https:\/\/api.w.org\/{rel}","templated":true}]}}