{"id":12370,"date":"2020-09-07T17:49:17","date_gmt":"2020-09-07T17:49:17","guid":{"rendered":"https:\/\/blogsaverroes.juntadeandalucia.es\/cprfedericogarcialorca\/?p=12370"},"modified":"2020-09-07T17:53:41","modified_gmt":"2020-09-07T17:53:41","slug":"incio-curso-escolar-2020-2021","status":"publish","type":"post","link":"https:\/\/blogsaverroes.juntadeandalucia.es\/cprfedericogarcialorca\/2020\/09\/07\/incio-curso-escolar-2020-2021\/","title":{"rendered":"INCIO CURSO ESCOLAR 2020\/2021"},"content":{"rendered":"<p style=\"text-align: justify\">Estimada Comunidad Educativa del Colegio Federico Garc\u00eda Lorca:<\/p>\n<p style=\"text-align: justify\">Deseando que est\u00e9is todo\/as bien de salud, tengo el honor de dirigirme a vosotros\/as para saludaros y daros la bienvenida a este nuevo curso, desearos lo mejor para el mismo y agradeceros como siempre la confianza depositada al compartir con nosotros algo tan importante como es la educaci\u00f3n de vuestros hijos.<\/p>\n<p style=\"text-align: justify\">Comienza un nuevo curso y me pongo a vuestro servicio. Transmitiros mi m\u00e1s sincero prop\u00f3sito de apoyo en todo aquello que&nbsp;est\u00e9 en mi mano y, a la vez, pediros vuestra colaboraci\u00f3n para seguir construyendo, entre todos\/as, un modelo de colegio tolerante, culto, plural, abierto y moderno.<\/p>\n<p style=\"text-align: justify\">La educaci\u00f3n, un mundo cada vez m\u00e1s complejo para todos\/as, es una tarea compartida Colegio\/Familia y Familia\/Colegio y mi deseo es que ambos nos encontremos preparados para emprender con ilusi\u00f3n y ganas la aventura de un nuevo curso escolar que seguro estar\u00e1 lleno de nuevos desaf\u00edos y de renovadas esperanzas.<\/p>\n<p style=\"text-align: justify\">En espera de tener la oportunidad de saludaros personalmente, recibid un cordial saludo y mi deseo de un feliz curso para todos\/as.<\/p>\n<p style=\"text-align: justify\">Juan Jos\u00e9 Praena Fern\u00e1ndez (Director)<\/p>\n<p style=\"text-align: justify\">El primer d\u00eda de clase, para recepci\u00f3n del alumnado, ser\u00e1 el pr\u00f3ximo <strong>JUEVES 10 de septiembre<\/strong>, entrando a las 11.30 y saliendo a las 14.00 horas.<\/p>\n<p style=\"text-align: justify\">&nbsp;<\/p>\n<p><a href=\"https:\/\/blogsaverroes.juntadeandalucia.es\/cprfedericogarcialorca\/files\/2020\/09\/Cartel-INICIO-CURSO_001.jpg\"><img loading=\"lazy\" decoding=\"async\" class=\"size-medium wp-image-12372 aligncenter\" src=\"https:\/\/blogsaverroes.juntadeandalucia.es\/cprfedericogarcialorca\/files\/2020\/09\/Cartel-INICIO-CURSO_001-212x300.jpg\" alt=\"\" width=\"212\" height=\"300\" srcset=\"https:\/\/blogsaverroes.juntadeandalucia.es\/cprfedericogarcialorca\/files\/2020\/09\/Cartel-INICIO-CURSO_001-212x300.jpg 212w, https:\/\/blogsaverroes.juntadeandalucia.es\/cprfedericogarcialorca\/files\/2020\/09\/Cartel-INICIO-CURSO_001-724x1024.jpg 724w, https:\/\/blogsaverroes.juntadeandalucia.es\/cprfedericogarcialorca\/files\/2020\/09\/Cartel-INICIO-CURSO_001-768x1086.jpg 768w, https:\/\/blogsaverroes.juntadeandalucia.es\/cprfedericogarcialorca\/files\/2020\/09\/Cartel-INICIO-CURSO_001-17x24.jpg 17w, https:\/\/blogsaverroes.juntadeandalucia.es\/cprfedericogarcialorca\/files\/2020\/09\/Cartel-INICIO-CURSO_001-25x36.jpg 25w, https:\/\/blogsaverroes.juntadeandalucia.es\/cprfedericogarcialorca\/files\/2020\/09\/Cartel-INICIO-CURSO_001-34x48.jpg 34w, https:\/\/blogsaverroes.juntadeandalucia.es\/cprfedericogarcialorca\/files\/2020\/09\/Cartel-INICIO-CURSO_001.jpg 842w\" sizes=\"(max-width: 212px) 100vw, 212px\" \/><\/a><\/p>\n","protected":false},"excerpt":{"rendered":"<p>Estimada Comunidad Educativa del Colegio Federico Garc\u00eda Lorca: Deseando que est\u00e9is todo\/as bien de salud, tengo el honor de dirigirme a vosotros\/as para saludaros y daros la bienvenida a este nuevo curso, desearos lo&#46;&#46;&#46;<\/p>\n","protected":false},"author":4911,"featured_media":10283,"comment_status":"open","ping_status":"open","sticky":false,"template":"","format":"standard","meta":{"ngg_post_thumbnail":0,"footnotes":""},"categories":[166,26636,25490,1073196,1072566,1072826],"tags":[],"aioseo_notices":[],"_links":{"self":[{"href":"https:\/\/blogsaverroes.juntadeandalucia.es\/cprfedericogarcialorca\/wp-json\/wp\/v2\/posts\/12370"}],"collection":[{"href":"https:\/\/blogsaverroes.juntadeandalucia.es\/cprfedericogarcialorca\/wp-json\/wp\/v2\/posts"}],"about":[{"href":"https:\/\/blogsaverroes.juntadeandalucia.es\/cprfedericogarcialorca\/wp-json\/wp\/v2\/types\/post"}],"author":[{"embeddable":true,"href":"https:\/\/blogsaverroes.juntadeandalucia.es\/cprfedericogarcialorca\/wp-json\/wp\/v2\/users\/4911"}],"replies":[{"embeddable":true,"href":"https:\/\/blogsaverroes.juntadeandalucia.es\/cprfedericogarcialorca\/wp-json\/wp\/v2\/comments?post=12370"}],"version-history":[{"count":4,"href":"https:\/\/blogsaverroes.juntadeandalucia.es\/cprfedericogarcialorca\/wp-json\/wp\/v2\/posts\/12370\/revisions"}],"predecessor-version":[{"id":12375,"href":"https:\/\/blogsaverroes.juntadeandalucia.es\/cprfedericogarcialorca\/wp-json\/wp\/v2\/posts\/12370\/revisions\/12375"}],"wp:featuredmedia":[{"embeddable":true,"href":"https:\/\/blogsaverroes.juntadeandalucia.es\/cprfedericogarcialorca\/wp-json\/wp\/v2\/media\/10283"}],"wp:attachment":[{"href":"https:\/\/blogsaverroes.juntadeandalucia.es\/cprfedericogarcialorca\/wp-json\/wp\/v2\/media?parent=12370"}],"wp:term":[{"taxonomy":"category","embeddable":true,"href":"https:\/\/blogsaverroes.juntadeandalucia.es\/cprfedericogarcialorca\/wp-json\/wp\/v2\/categories?post=12370"},{"taxonomy":"post_tag","embeddable":true,"href":"https:\/\/blogsaverroes.juntadeandalucia.es\/cprfedericogarcialorca\/wp-json\/wp\/v2\/tags?post=12370"}],"curies":[{"name":"wp","href":"https:\/\/api.w.org\/{rel}","templated":true}]}}