{"id":13618,"date":"2021-03-04T15:09:47","date_gmt":"2021-03-04T15:09:47","guid":{"rendered":"https:\/\/blogsaverroes.juntadeandalucia.es\/cprfedericogarcialorca\/?p=13618"},"modified":"2021-03-04T15:09:47","modified_gmt":"2021-03-04T15:09:47","slug":"programa-de-radio-04-03-2021","status":"publish","type":"post","link":"https:\/\/blogsaverroes.juntadeandalucia.es\/cprfedericogarcialorca\/2021\/03\/04\/programa-de-radio-04-03-2021\/","title":{"rendered":"PROGRAMA DE RADIO (04\/03\/2021)"},"content":{"rendered":"<p style=\"text-align: justify\"><strong><u>El alumnado de Bejar\u00edn dedica su programa de radio a la semana cultural.<\/u><\/strong><\/p>\n<p style=\"text-align: justify\">Una vez terminada la semana cultural, el alumnado de Bejar\u00edn ha realizado su programa mensual de radio dedicado a las actividades realizadas en el \u00faltimo mes, destacando la semana cultural realizada en la \u00faltima semana de febrero.<\/p>\n<p style=\"text-align: justify\">Os adjuntamos el enlace para que pod\u00e1is escucharlo:<\/p>\n<p><iframe loading=\"lazy\" title=\"Programa5_2021 by Onda Bejar\u00edn\" width=\"500\" height=\"400\" scrolling=\"no\" frameborder=\"no\" src=\"https:\/\/w.soundcloud.com\/player\/?visual=true&#038;url=https%3A%2F%2Fapi.soundcloud.com%2Ftracks%2F998426527&#038;show_artwork=true&#038;maxheight=750&#038;maxwidth=500\"><\/iframe><\/p>\n","protected":false},"excerpt":{"rendered":"<p>El alumnado de Bejar\u00edn dedica su programa de radio a la semana cultural. Una vez terminada la semana cultural, el alumnado de Bejar\u00edn ha realizado su programa mensual de radio dedicado a las actividades&#46;&#46;&#46;<\/p>\n","protected":false},"author":4911,"featured_media":13619,"comment_status":"open","ping_status":"open","sticky":false,"template":"","format":"standard","meta":{"ngg_post_thumbnail":0,"footnotes":""},"categories":[32,213,166,26636,25490,1073196,1072566,1072826,1071377,19],"tags":[],"aioseo_notices":[],"_links":{"self":[{"href":"https:\/\/blogsaverroes.juntadeandalucia.es\/cprfedericogarcialorca\/wp-json\/wp\/v2\/posts\/13618"}],"collection":[{"href":"https:\/\/blogsaverroes.juntadeandalucia.es\/cprfedericogarcialorca\/wp-json\/wp\/v2\/posts"}],"about":[{"href":"https:\/\/blogsaverroes.juntadeandalucia.es\/cprfedericogarcialorca\/wp-json\/wp\/v2\/types\/post"}],"author":[{"embeddable":true,"href":"https:\/\/blogsaverroes.juntadeandalucia.es\/cprfedericogarcialorca\/wp-json\/wp\/v2\/users\/4911"}],"replies":[{"embeddable":true,"href":"https:\/\/blogsaverroes.juntadeandalucia.es\/cprfedericogarcialorca\/wp-json\/wp\/v2\/comments?post=13618"}],"version-history":[{"count":1,"href":"https:\/\/blogsaverroes.juntadeandalucia.es\/cprfedericogarcialorca\/wp-json\/wp\/v2\/posts\/13618\/revisions"}],"predecessor-version":[{"id":13620,"href":"https:\/\/blogsaverroes.juntadeandalucia.es\/cprfedericogarcialorca\/wp-json\/wp\/v2\/posts\/13618\/revisions\/13620"}],"wp:featuredmedia":[{"embeddable":true,"href":"https:\/\/blogsaverroes.juntadeandalucia.es\/cprfedericogarcialorca\/wp-json\/wp\/v2\/media\/13619"}],"wp:attachment":[{"href":"https:\/\/blogsaverroes.juntadeandalucia.es\/cprfedericogarcialorca\/wp-json\/wp\/v2\/media?parent=13618"}],"wp:term":[{"taxonomy":"category","embeddable":true,"href":"https:\/\/blogsaverroes.juntadeandalucia.es\/cprfedericogarcialorca\/wp-json\/wp\/v2\/categories?post=13618"},{"taxonomy":"post_tag","embeddable":true,"href":"https:\/\/blogsaverroes.juntadeandalucia.es\/cprfedericogarcialorca\/wp-json\/wp\/v2\/tags?post=13618"}],"curies":[{"name":"wp","href":"https:\/\/api.w.org\/{rel}","templated":true}]}}