{"id":14021,"date":"2021-06-03T11:57:40","date_gmt":"2021-06-03T11:57:40","guid":{"rendered":"https:\/\/blogsaverroes.juntadeandalucia.es\/cprfedericogarcialorca\/?p=14021"},"modified":"2021-06-03T11:57:40","modified_gmt":"2021-06-03T11:57:40","slug":"dia-de-las-familias-15-05-2021","status":"publish","type":"post","link":"https:\/\/blogsaverroes.juntadeandalucia.es\/cprfedericogarcialorca\/2021\/06\/03\/dia-de-las-familias-15-05-2021\/","title":{"rendered":"D\u00cdA DE LAS FAMILIAS (15\/05\/2021)"},"content":{"rendered":"<p style=\"text-align: justify\">Para el d\u00eda de las familias se realizaron en el centro distintas actividades que han sido muy bien acogidas por los ni\u00f1os y ni\u00f1as.<\/p>\n<p style=\"text-align: justify\">Hemos visto canciones y v\u00eddeos sobre los distintos tipos de familias, crucigramas alusivos a los miembros de la familia, dibujos sobre cada familia, los peque\u00f1os realizaron un \u00e1rbol geneal\u00f3gico para presentarnos a sus familias, los mayores, ayudados de las nuevas tecnolog\u00edas, prepararon un power point con su familia y se lo presentaron a sus compa\u00f1eros\/as.<\/p>\n<p style=\"text-align: justify\">Por \u00faltimo, realizaron una manualidad, un marco de goma Eva para colocar una foto familiar.<\/p>\n<p style=\"text-align: justify\">El resultado c\u00f3mo podemos ver fue fabuloso, y sobre todo quedo claro y patente lo m\u00e1s importante:<\/p>\n<p style=\"text-align: center\">\u00abUna familia son, varias personas y amor \u00ab.<\/p>\nngg_shortcode_0_placeholder\n","protected":false},"excerpt":{"rendered":"<p>Para el d\u00eda de las familias se realizaron en el centro distintas actividades que han sido muy bien acogidas por los ni\u00f1os y ni\u00f1as. Hemos visto canciones y v\u00eddeos sobre los distintos tipos de&#46;&#46;&#46;<\/p>\n","protected":false},"author":4911,"featured_media":14020,"comment_status":"open","ping_status":"open","sticky":false,"template":"","format":"standard","meta":{"ngg_post_thumbnail":0,"footnotes":""},"categories":[32,213,166,26636,25490,1073196,1072566,1072826,19,526],"tags":[],"aioseo_notices":[],"_links":{"self":[{"href":"https:\/\/blogsaverroes.juntadeandalucia.es\/cprfedericogarcialorca\/wp-json\/wp\/v2\/posts\/14021"}],"collection":[{"href":"https:\/\/blogsaverroes.juntadeandalucia.es\/cprfedericogarcialorca\/wp-json\/wp\/v2\/posts"}],"about":[{"href":"https:\/\/blogsaverroes.juntadeandalucia.es\/cprfedericogarcialorca\/wp-json\/wp\/v2\/types\/post"}],"author":[{"embeddable":true,"href":"https:\/\/blogsaverroes.juntadeandalucia.es\/cprfedericogarcialorca\/wp-json\/wp\/v2\/users\/4911"}],"replies":[{"embeddable":true,"href":"https:\/\/blogsaverroes.juntadeandalucia.es\/cprfedericogarcialorca\/wp-json\/wp\/v2\/comments?post=14021"}],"version-history":[{"count":1,"href":"https:\/\/blogsaverroes.juntadeandalucia.es\/cprfedericogarcialorca\/wp-json\/wp\/v2\/posts\/14021\/revisions"}],"predecessor-version":[{"id":14022,"href":"https:\/\/blogsaverroes.juntadeandalucia.es\/cprfedericogarcialorca\/wp-json\/wp\/v2\/posts\/14021\/revisions\/14022"}],"wp:featuredmedia":[{"embeddable":true,"href":"https:\/\/blogsaverroes.juntadeandalucia.es\/cprfedericogarcialorca\/wp-json\/wp\/v2\/media\/14020"}],"wp:attachment":[{"href":"https:\/\/blogsaverroes.juntadeandalucia.es\/cprfedericogarcialorca\/wp-json\/wp\/v2\/media?parent=14021"}],"wp:term":[{"taxonomy":"category","embeddable":true,"href":"https:\/\/blogsaverroes.juntadeandalucia.es\/cprfedericogarcialorca\/wp-json\/wp\/v2\/categories?post=14021"},{"taxonomy":"post_tag","embeddable":true,"href":"https:\/\/blogsaverroes.juntadeandalucia.es\/cprfedericogarcialorca\/wp-json\/wp\/v2\/tags?post=14021"}],"curies":[{"name":"wp","href":"https:\/\/api.w.org\/{rel}","templated":true}]}}