{"id":14695,"date":"2023-02-03T09:50:16","date_gmt":"2023-02-03T09:50:16","guid":{"rendered":"https:\/\/blogsaverroes.juntadeandalucia.es\/cprfedericogarcialorca\/?p=14695"},"modified":"2023-02-03T09:58:47","modified_gmt":"2023-02-03T09:58:47","slug":"14695","status":"publish","type":"post","link":"https:\/\/blogsaverroes.juntadeandalucia.es\/cprfedericogarcialorca\/2023\/02\/03\/14695\/","title":{"rendered":"D\u00eda de la Paz"},"content":{"rendered":"<p style=\"text-align: justify\">\u00a1Feliz d\u00eda de la paz!<br \/>\nComo ya sabr\u00e9is familias, el d\u00eda 30 de enero se celebra el d\u00eda internacional de la paz. Desde nuestro centro C.P.R Federico Garc\u00eda Lorca hemos realizado diferentes actividades para conmemorar este d\u00eda. Aunque tenemos muy presente, qu\u00e9 la paz se consigue con trabajo y esfuerzo diario, educando en valores tales como el respeto, la empat\u00eda, la igualdad\u2026<\/p>\n<p>Por ello adem\u00e1s de estas fotos que recogen algunas de las actividades realizadas os dejamos un video que hemos realizado en conjunto con el \u00e1rea de Franc\u00e9s, donde dejamos claro las cosas que nos gustan en este centro y las que no, para mantener una convivencia pac\u00edfica.<br \/>\nEsperemos que os gusten, tanto como a nosotros hacerlo.<\/p>\n<p><iframe loading=\"lazy\" title=\"D\u00eda de la paz 2023\" width=\"500\" height=\"281\" src=\"https:\/\/www.youtube.com\/embed\/Kg2IWGj0T8A?feature=oembed&#038;wmode=opaque\" frameborder=\"0\" allow=\"accelerometer; autoplay; clipboard-write; encrypted-media; gyroscope; picture-in-picture; web-share\" referrerpolicy=\"strict-origin-when-cross-origin\" allowfullscreen><\/iframe><\/p>\nngg_shortcode_0_placeholder\n","protected":false},"excerpt":{"rendered":"<p>\u00a1Feliz d\u00eda de la paz! Como ya sabr\u00e9is familias, el d\u00eda 30 de enero se celebra el d\u00eda internacional de la paz. Desde nuestro centro C.P.R Federico Garc\u00eda Lorca hemos realizado diferentes actividades para&#46;&#46;&#46;<\/p>\n","protected":false},"author":13626,"featured_media":14713,"comment_status":"open","ping_status":"open","sticky":false,"template":"","format":"standard","meta":{"ngg_post_thumbnail":0,"footnotes":""},"categories":[11909],"tags":[],"aioseo_notices":[],"_links":{"self":[{"href":"https:\/\/blogsaverroes.juntadeandalucia.es\/cprfedericogarcialorca\/wp-json\/wp\/v2\/posts\/14695"}],"collection":[{"href":"https:\/\/blogsaverroes.juntadeandalucia.es\/cprfedericogarcialorca\/wp-json\/wp\/v2\/posts"}],"about":[{"href":"https:\/\/blogsaverroes.juntadeandalucia.es\/cprfedericogarcialorca\/wp-json\/wp\/v2\/types\/post"}],"author":[{"embeddable":true,"href":"https:\/\/blogsaverroes.juntadeandalucia.es\/cprfedericogarcialorca\/wp-json\/wp\/v2\/users\/13626"}],"replies":[{"embeddable":true,"href":"https:\/\/blogsaverroes.juntadeandalucia.es\/cprfedericogarcialorca\/wp-json\/wp\/v2\/comments?post=14695"}],"version-history":[{"count":5,"href":"https:\/\/blogsaverroes.juntadeandalucia.es\/cprfedericogarcialorca\/wp-json\/wp\/v2\/posts\/14695\/revisions"}],"predecessor-version":[{"id":14714,"href":"https:\/\/blogsaverroes.juntadeandalucia.es\/cprfedericogarcialorca\/wp-json\/wp\/v2\/posts\/14695\/revisions\/14714"}],"wp:featuredmedia":[{"embeddable":true,"href":"https:\/\/blogsaverroes.juntadeandalucia.es\/cprfedericogarcialorca\/wp-json\/wp\/v2\/media\/14713"}],"wp:attachment":[{"href":"https:\/\/blogsaverroes.juntadeandalucia.es\/cprfedericogarcialorca\/wp-json\/wp\/v2\/media?parent=14695"}],"wp:term":[{"taxonomy":"category","embeddable":true,"href":"https:\/\/blogsaverroes.juntadeandalucia.es\/cprfedericogarcialorca\/wp-json\/wp\/v2\/categories?post=14695"},{"taxonomy":"post_tag","embeddable":true,"href":"https:\/\/blogsaverroes.juntadeandalucia.es\/cprfedericogarcialorca\/wp-json\/wp\/v2\/tags?post=14695"}],"curies":[{"name":"wp","href":"https:\/\/api.w.org\/{rel}","templated":true}]}}