{"id":15336,"date":"2023-05-09T11:44:32","date_gmt":"2023-05-09T11:44:32","guid":{"rendered":"https:\/\/blogsaverroes.juntadeandalucia.es\/cprfedericogarcialorca\/?p=15336"},"modified":"2023-05-09T11:45:31","modified_gmt":"2023-05-09T11:45:31","slug":"finalizacion-pale-2023","status":"publish","type":"post","link":"https:\/\/blogsaverroes.juntadeandalucia.es\/cprfedericogarcialorca\/2023\/05\/09\/finalizacion-pale-2023\/","title":{"rendered":"Finalizaci\u00f3n PALE 2023"},"content":{"rendered":"<p>Durante el curso 2002\/23 hemos disfrutado en las localidades de Graena y Los Ba\u00f1os del programa de acompa\u00f1amiento en Lengua extranjera.<\/p>\n<p>Esta actividad extraescolar, sufragada con fondos europeos, se dirige al alumnado de 1\u00ba a 3\u00ba y tiene como finalidad ofrecer apoyo al alumnado en Ingl\u00e9s.<\/p>\n<p>Desde el centro queremos agradecer la labor de Sara Rabaneda como mentora en el desarrollo de esta actividad y como ha motivado al alumnado para ocupar sus tiempos fuera del horario escolar en actividades educativa.<\/p>\n<p>Os dejamos una peque\u00f1a muestra de fotos del \u00faltimo d\u00eda de este curso.<\/p>\nngg_shortcode_0_placeholder\n","protected":false},"excerpt":{"rendered":"<p>Durante el curso 2002\/23 hemos disfrutado en las localidades de Graena y Los Ba\u00f1os del programa de acompa\u00f1amiento en Lengua extranjera. Esta actividad extraescolar, sufragada con fondos europeos, se dirige al alumnado de 1\u00ba&#46;&#46;&#46;<\/p>\n","protected":false},"author":13626,"featured_media":15347,"comment_status":"open","ping_status":"open","sticky":false,"template":"","format":"standard","meta":{"ngg_post_thumbnail":0,"footnotes":""},"categories":[11909],"tags":[],"aioseo_notices":[],"_links":{"self":[{"href":"https:\/\/blogsaverroes.juntadeandalucia.es\/cprfedericogarcialorca\/wp-json\/wp\/v2\/posts\/15336"}],"collection":[{"href":"https:\/\/blogsaverroes.juntadeandalucia.es\/cprfedericogarcialorca\/wp-json\/wp\/v2\/posts"}],"about":[{"href":"https:\/\/blogsaverroes.juntadeandalucia.es\/cprfedericogarcialorca\/wp-json\/wp\/v2\/types\/post"}],"author":[{"embeddable":true,"href":"https:\/\/blogsaverroes.juntadeandalucia.es\/cprfedericogarcialorca\/wp-json\/wp\/v2\/users\/13626"}],"replies":[{"embeddable":true,"href":"https:\/\/blogsaverroes.juntadeandalucia.es\/cprfedericogarcialorca\/wp-json\/wp\/v2\/comments?post=15336"}],"version-history":[{"count":1,"href":"https:\/\/blogsaverroes.juntadeandalucia.es\/cprfedericogarcialorca\/wp-json\/wp\/v2\/posts\/15336\/revisions"}],"predecessor-version":[{"id":15345,"href":"https:\/\/blogsaverroes.juntadeandalucia.es\/cprfedericogarcialorca\/wp-json\/wp\/v2\/posts\/15336\/revisions\/15345"}],"wp:featuredmedia":[{"embeddable":true,"href":"https:\/\/blogsaverroes.juntadeandalucia.es\/cprfedericogarcialorca\/wp-json\/wp\/v2\/media\/15347"}],"wp:attachment":[{"href":"https:\/\/blogsaverroes.juntadeandalucia.es\/cprfedericogarcialorca\/wp-json\/wp\/v2\/media?parent=15336"}],"wp:term":[{"taxonomy":"category","embeddable":true,"href":"https:\/\/blogsaverroes.juntadeandalucia.es\/cprfedericogarcialorca\/wp-json\/wp\/v2\/categories?post=15336"},{"taxonomy":"post_tag","embeddable":true,"href":"https:\/\/blogsaverroes.juntadeandalucia.es\/cprfedericogarcialorca\/wp-json\/wp\/v2\/tags?post=15336"}],"curies":[{"name":"wp","href":"https:\/\/api.w.org\/{rel}","templated":true}]}}