{"id":15412,"date":"2023-05-12T10:39:17","date_gmt":"2023-05-12T10:39:17","guid":{"rendered":"https:\/\/blogsaverroes.juntadeandalucia.es\/cprfedericogarcialorca\/?p=15412"},"modified":"2023-05-12T10:41:05","modified_gmt":"2023-05-12T10:41:05","slug":"15412","status":"publish","type":"post","link":"https:\/\/blogsaverroes.juntadeandalucia.es\/cprfedericogarcialorca\/2023\/05\/12\/15412\/","title":{"rendered":"A un metro de&#8230;"},"content":{"rendered":"<p>Durante esta semana se ha desarrollado en nuestro centro el plan \u00abA un metro de&#8230; una ciudad m\u00e1s limpia\u00bb, donde el t\u00e9cnico Pedro ha desarrollado diversas actividades para concienciarnos de lo importante que es la labor individual de cada ciudadano para el mantenimiento de nuestras localidades.<\/p>\n<p>El alumnado ha podido realizar varias manualidades, destacando la elaboraci\u00f3n de un monedero utilizando un cart\u00f3n de leche y un dispensador de bolsas para recoger residuos usando un cart\u00f3n del papel higi\u00e9nico.<\/p>\n<p>Despu\u00e9s hicieron un repaso a los contenedores de reciclaje y los materiales que van en cada uno de ellos. Dentro de este reciclaje hicieron alusi\u00f3n a los tiempos que los materiales tardan en desintegrarse.<\/p>\n<p>Por \u00faltimo, realizaron una serie de juegos relacionados con conductas c\u00edvicas, como la eliminaci\u00f3n de residuos en el entorno urbano y situaci\u00f3n l\u00fadicas con material reciclado.<\/p>\nngg_shortcode_0_placeholder\n","protected":false},"excerpt":{"rendered":"<p>Durante esta semana se ha desarrollado en nuestro centro el plan \u00abA un metro de&#8230; una ciudad m\u00e1s limpia\u00bb, donde el t\u00e9cnico Pedro ha desarrollado diversas actividades para concienciarnos de lo importante que es&#46;&#46;&#46;<\/p>\n","protected":false},"author":13626,"featured_media":15442,"comment_status":"open","ping_status":"open","sticky":false,"template":"","format":"standard","meta":{"ngg_post_thumbnail":0,"footnotes":""},"categories":[11909],"tags":[],"aioseo_notices":[],"_links":{"self":[{"href":"https:\/\/blogsaverroes.juntadeandalucia.es\/cprfedericogarcialorca\/wp-json\/wp\/v2\/posts\/15412"}],"collection":[{"href":"https:\/\/blogsaverroes.juntadeandalucia.es\/cprfedericogarcialorca\/wp-json\/wp\/v2\/posts"}],"about":[{"href":"https:\/\/blogsaverroes.juntadeandalucia.es\/cprfedericogarcialorca\/wp-json\/wp\/v2\/types\/post"}],"author":[{"embeddable":true,"href":"https:\/\/blogsaverroes.juntadeandalucia.es\/cprfedericogarcialorca\/wp-json\/wp\/v2\/users\/13626"}],"replies":[{"embeddable":true,"href":"https:\/\/blogsaverroes.juntadeandalucia.es\/cprfedericogarcialorca\/wp-json\/wp\/v2\/comments?post=15412"}],"version-history":[{"count":2,"href":"https:\/\/blogsaverroes.juntadeandalucia.es\/cprfedericogarcialorca\/wp-json\/wp\/v2\/posts\/15412\/revisions"}],"predecessor-version":[{"id":15441,"href":"https:\/\/blogsaverroes.juntadeandalucia.es\/cprfedericogarcialorca\/wp-json\/wp\/v2\/posts\/15412\/revisions\/15441"}],"wp:featuredmedia":[{"embeddable":true,"href":"https:\/\/blogsaverroes.juntadeandalucia.es\/cprfedericogarcialorca\/wp-json\/wp\/v2\/media\/15442"}],"wp:attachment":[{"href":"https:\/\/blogsaverroes.juntadeandalucia.es\/cprfedericogarcialorca\/wp-json\/wp\/v2\/media?parent=15412"}],"wp:term":[{"taxonomy":"category","embeddable":true,"href":"https:\/\/blogsaverroes.juntadeandalucia.es\/cprfedericogarcialorca\/wp-json\/wp\/v2\/categories?post=15412"},{"taxonomy":"post_tag","embeddable":true,"href":"https:\/\/blogsaverroes.juntadeandalucia.es\/cprfedericogarcialorca\/wp-json\/wp\/v2\/tags?post=15412"}],"curies":[{"name":"wp","href":"https:\/\/api.w.org\/{rel}","templated":true}]}}