{"id":6398,"date":"2025-12-04T15:52:46","date_gmt":"2025-12-04T13:52:46","guid":{"rendered":"https:\/\/blogsaverroes.juntadeandalucia.es\/cprjosegarcialainez\/?p=6398"},"modified":"2025-12-04T15:52:46","modified_gmt":"2025-12-04T13:52:46","slug":"construimos-derechos-derribando-fronteras-un-colegio-ideal","status":"publish","type":"post","link":"https:\/\/blogsaverroes.juntadeandalucia.es\/cprjosegarcialainez\/construimos-derechos-derribando-fronteras-un-colegio-ideal\/","title":{"rendered":"CONSTRUIMOS DERECHOS, DERRIBANDO FRONTERAS: Un colegio ideal"},"content":{"rendered":"<p><a href=\"https:\/\/blogsaverroes.juntadeandalucia.es\/cprjosegarcialainez\/files\/2025\/12\/IMG_5320.jpg\"><img fetchpriority=\"high\" decoding=\"async\" class=\"alignnone size-large wp-image-6400\" src=\"https:\/\/blogsaverroes.juntadeandalucia.es\/cprjosegarcialainez\/files\/2025\/12\/IMG_5320-1024x493.jpg\" alt=\"\" width=\"843\" height=\"406\" srcset=\"https:\/\/blogsaverroes.juntadeandalucia.es\/cprjosegarcialainez\/files\/2025\/12\/IMG_5320-1024x493.jpg 1024w, https:\/\/blogsaverroes.juntadeandalucia.es\/cprjosegarcialainez\/files\/2025\/12\/IMG_5320-300x145.jpg 300w, https:\/\/blogsaverroes.juntadeandalucia.es\/cprjosegarcialainez\/files\/2025\/12\/IMG_5320-768x370.jpg 768w, https:\/\/blogsaverroes.juntadeandalucia.es\/cprjosegarcialainez\/files\/2025\/12\/IMG_5320-1536x740.jpg 1536w, https:\/\/blogsaverroes.juntadeandalucia.es\/cprjosegarcialainez\/files\/2025\/12\/IMG_5320-2048x987.jpg 2048w, https:\/\/blogsaverroes.juntadeandalucia.es\/cprjosegarcialainez\/files\/2025\/12\/IMG_5320.jpg 1600w\" sizes=\"(max-width: 843px) 100vw, 843px\" \/><\/a><\/p>\n<p style=\"text-align: justify\"><span style=\"font-weight: 400\">Los d\u00edas <\/span><b>3 y 4 de diciembre<\/b><span style=\"font-weight: 400\">, los alumnos y alumnas del CPR JOS\u00c9 GARC\u00cdA L\u00c1INEZ, realizaron una actividad muy divertida y educativa en la que trabajaron <\/span><b>tres efem\u00e9rides<\/b><span style=\"font-weight: 400\">: el <\/span><b>D\u00eda de la Infancia<\/b><span style=\"font-weight: 400\">, el <\/span><b>D\u00eda de las Personas con Discapacidad<\/b><span style=\"font-weight: 400\"> y el <\/span><b>D\u00eda de la Constituci\u00f3n<\/b><span style=\"font-weight: 400\">.<\/span><\/p>\n<p style=\"text-align: justify\"><span style=\"font-weight: 400\">Primero, vimos v\u00eddeos y trabajamos cuentos sobre los <\/span><b>derechos de los ni\u00f1os y ni\u00f1as<\/b><span style=\"font-weight: 400\">, las <\/span><b>discapacidades<\/b><span style=\"font-weight: 400\"> y la <\/span><b>Constituci\u00f3n Espa\u00f1ola<\/b><span style=\"font-weight: 400\">, para aprender y motivarnos para lo que ven\u00eda m\u00e1s tarde.&nbsp;<\/span><\/p>\n<p style=\"text-align: justify\"><span style=\"font-weight: 400\">El alumnado <\/span><b>empatiz\u00f3 y simul\u00f3 distintas discapacidades<\/b><span style=\"font-weight: 400\">, como la <\/span><b>visual, auditiva, mot\u00f3rica<\/b><span style=\"font-weight: 400\">, y tambi\u00e9n <\/span><b>dificultades de aprendizaje<\/b><span style=\"font-weight: 400\">, como la <\/span><b>dislexia<\/b><span style=\"font-weight: 400\">. Vivieron <\/span><b>experiencias de primera mano<\/b><span style=\"font-weight: 400\">, enfrent\u00e1ndose a <\/span><b>barreras de acceso<\/b><span style=\"font-weight: 400\">, problemas para <\/span><b>comprender mensajes<\/b><span style=\"font-weight: 400\"> o situaciones que muestran c\u00f3mo algunas personas se sienten excluidas. Adem\u00e1s, analizaron <\/span><b>conflictos que surgen en el patio, fomentando los juegos inclusivos,<\/b><span style=\"font-weight: 400\"> y buscaron soluciones para que todos nos sintamos incluidos.<\/span><\/p>\n<p style=\"text-align: justify\"><span style=\"font-weight: 400\">Posteriormente, cada grupo reflexion\u00f3 sobre la experiencia, las dificultades encontradas y qu\u00e9 pod\u00edamos hacer para mejorar. Al final, cada uno de ellos, escribi\u00f3 <\/span><b>art\u00edculos para defenderlos en el Senado, para su posterior votaci\u00f3n y aprobaci\u00f3n, <\/b><span style=\"font-weight: 400\">y as\u00ed a\u00f1adirlos a nuestra <\/span><b>mini-constituci\u00f3n del cole<\/b><span style=\"font-weight: 400\">, para la b\u00fasqueda de un <\/span><b>colegio ideal.<\/b><\/p>\n<p style=\"text-align: justify\"><span style=\"font-weight: 400\">Como actividad final del d\u00eda elaboramos un <\/span><b>mural colaborativo<\/b><span style=\"font-weight: 400\">, donde se incluyeron algunos art\u00edculos de la Constituci\u00f3n Espa\u00f1ola: Igualdad (art.14), educaci\u00f3n (art.27), y diversidad(art.49). Tambi\u00e9n se ha expuesto la Mini- constituci\u00f3n elaborada, y se ha a\u00f1adido un trabajo realizado por el alumnado de la ESO, quienes han analizado los distintos derechos de la infancia, pero interrelacionados con las personas con discapacidad.<\/span><\/p>\n<p style=\"text-align: justify\"><span style=\"font-weight: 400\">Con esta actividad aprendimos que todos tenemos <\/span><b>derechos<\/b><span style=\"font-weight: 400\">, que debemos <\/span><b>respetar a los dem\u00e1s<\/b><span style=\"font-weight: 400\"> y que <\/span><b>podemos mejorar nuestro colegio<\/b><span style=\"font-weight: 400\"> entre todos.<\/span><\/p>\n<p>Os dejamos algunas fotos del proceso:<\/p>\n<p><a href=\"https:\/\/blogsaverroes.juntadeandalucia.es\/cprjosegarcialainez\/files\/2025\/12\/IMG_5289-1.jpg\"><img decoding=\"async\" class=\"alignnone size-large wp-image-6401\" src=\"https:\/\/blogsaverroes.juntadeandalucia.es\/cprjosegarcialainez\/files\/2025\/12\/IMG_5289-1-1024x768.jpg\" alt=\"\" width=\"843\" height=\"632\" srcset=\"https:\/\/blogsaverroes.juntadeandalucia.es\/cprjosegarcialainez\/files\/2025\/12\/IMG_5289-1-1024x768.jpg 1024w, https:\/\/blogsaverroes.juntadeandalucia.es\/cprjosegarcialainez\/files\/2025\/12\/IMG_5289-1-300x225.jpg 300w, https:\/\/blogsaverroes.juntadeandalucia.es\/cprjosegarcialainez\/files\/2025\/12\/IMG_5289-1-768x576.jpg 768w, https:\/\/blogsaverroes.juntadeandalucia.es\/cprjosegarcialainez\/files\/2025\/12\/IMG_5289-1-1536x1152.jpg 1536w, https:\/\/blogsaverroes.juntadeandalucia.es\/cprjosegarcialainez\/files\/2025\/12\/IMG_5289-1-2048x1536.jpg 2048w\" sizes=\"(max-width: 843px) 100vw, 843px\" \/><\/a> <a href=\"https:\/\/blogsaverroes.juntadeandalucia.es\/cprjosegarcialainez\/files\/2025\/12\/IMG_5298-rotated.jpg\"><img decoding=\"async\" class=\"alignnone size-large wp-image-6402\" src=\"https:\/\/blogsaverroes.juntadeandalucia.es\/cprjosegarcialainez\/files\/2025\/12\/IMG_5298-768x1024.jpg\" alt=\"\" width=\"768\" height=\"1024\" srcset=\"https:\/\/blogsaverroes.juntadeandalucia.es\/cprjosegarcialainez\/files\/2025\/12\/IMG_5298-768x1024.jpg 768w, https:\/\/blogsaverroes.juntadeandalucia.es\/cprjosegarcialainez\/files\/2025\/12\/IMG_5298-225x300.jpg 225w, https:\/\/blogsaverroes.juntadeandalucia.es\/cprjosegarcialainez\/files\/2025\/12\/IMG_5298-1152x1536.jpg 1152w, https:\/\/blogsaverroes.juntadeandalucia.es\/cprjosegarcialainez\/files\/2025\/12\/IMG_5298-1536x2048.jpg 1536w, https:\/\/blogsaverroes.juntadeandalucia.es\/cprjosegarcialainez\/files\/2025\/12\/IMG_5298-rotated.jpg 1200w\" sizes=\"(max-width: 768px) 100vw, 768px\" \/><\/a> <a href=\"https:\/\/blogsaverroes.juntadeandalucia.es\/cprjosegarcialainez\/files\/2025\/12\/IMG_5299.jpg\"><img loading=\"lazy\" decoding=\"async\" class=\"alignnone size-large wp-image-6403\" src=\"https:\/\/blogsaverroes.juntadeandalucia.es\/cprjosegarcialainez\/files\/2025\/12\/IMG_5299-1024x768.jpg\" alt=\"\" width=\"843\" height=\"632\" srcset=\"https:\/\/blogsaverroes.juntadeandalucia.es\/cprjosegarcialainez\/files\/2025\/12\/IMG_5299-1024x768.jpg 1024w, https:\/\/blogsaverroes.juntadeandalucia.es\/cprjosegarcialainez\/files\/2025\/12\/IMG_5299-300x225.jpg 300w, https:\/\/blogsaverroes.juntadeandalucia.es\/cprjosegarcialainez\/files\/2025\/12\/IMG_5299-768x576.jpg 768w, https:\/\/blogsaverroes.juntadeandalucia.es\/cprjosegarcialainez\/files\/2025\/12\/IMG_5299-1536x1152.jpg 1536w, https:\/\/blogsaverroes.juntadeandalucia.es\/cprjosegarcialainez\/files\/2025\/12\/IMG_5299-2048x1536.jpg 2048w, https:\/\/blogsaverroes.juntadeandalucia.es\/cprjosegarcialainez\/files\/2025\/12\/IMG_5299.jpg 1600w\" sizes=\"(max-width: 843px) 100vw, 843px\" \/><\/a> <a href=\"https:\/\/blogsaverroes.juntadeandalucia.es\/cprjosegarcialainez\/files\/2025\/12\/IMG_5304.jpg\"><img loading=\"lazy\" decoding=\"async\" class=\"alignnone size-large wp-image-6404\" src=\"https:\/\/blogsaverroes.juntadeandalucia.es\/cprjosegarcialainez\/files\/2025\/12\/IMG_5304-1024x768.jpg\" alt=\"\" width=\"843\" height=\"632\" srcset=\"https:\/\/blogsaverroes.juntadeandalucia.es\/cprjosegarcialainez\/files\/2025\/12\/IMG_5304-1024x768.jpg 1024w, https:\/\/blogsaverroes.juntadeandalucia.es\/cprjosegarcialainez\/files\/2025\/12\/IMG_5304-300x225.jpg 300w, https:\/\/blogsaverroes.juntadeandalucia.es\/cprjosegarcialainez\/files\/2025\/12\/IMG_5304-768x576.jpg 768w, https:\/\/blogsaverroes.juntadeandalucia.es\/cprjosegarcialainez\/files\/2025\/12\/IMG_5304-1536x1152.jpg 1536w, https:\/\/blogsaverroes.juntadeandalucia.es\/cprjosegarcialainez\/files\/2025\/12\/IMG_5304-2048x1536.jpg 2048w\" sizes=\"(max-width: 843px) 100vw, 843px\" \/><\/a> <a href=\"https:\/\/blogsaverroes.juntadeandalucia.es\/cprjosegarcialainez\/files\/2025\/12\/IMG_5311.jpg\"><img loading=\"lazy\" decoding=\"async\" class=\"alignnone size-large wp-image-6405\" src=\"https:\/\/blogsaverroes.juntadeandalucia.es\/cprjosegarcialainez\/files\/2025\/12\/IMG_5311-1024x768.jpg\" alt=\"\" width=\"843\" height=\"632\" srcset=\"https:\/\/blogsaverroes.juntadeandalucia.es\/cprjosegarcialainez\/files\/2025\/12\/IMG_5311-1024x768.jpg 1024w, https:\/\/blogsaverroes.juntadeandalucia.es\/cprjosegarcialainez\/files\/2025\/12\/IMG_5311-300x225.jpg 300w, https:\/\/blogsaverroes.juntadeandalucia.es\/cprjosegarcialainez\/files\/2025\/12\/IMG_5311-768x576.jpg 768w, https:\/\/blogsaverroes.juntadeandalucia.es\/cprjosegarcialainez\/files\/2025\/12\/IMG_5311-1536x1152.jpg 1536w, https:\/\/blogsaverroes.juntadeandalucia.es\/cprjosegarcialainez\/files\/2025\/12\/IMG_5311-2048x1536.jpg 2048w, https:\/\/blogsaverroes.juntadeandalucia.es\/cprjosegarcialainez\/files\/2025\/12\/IMG_5311.jpg 1600w\" sizes=\"(max-width: 843px) 100vw, 843px\" \/><\/a> <a href=\"https:\/\/blogsaverroes.juntadeandalucia.es\/cprjosegarcialainez\/files\/2025\/12\/IMG_20251203_103804.jpg\"><img loading=\"lazy\" decoding=\"async\" class=\"alignnone size-large wp-image-6406\" src=\"https:\/\/blogsaverroes.juntadeandalucia.es\/cprjosegarcialainez\/files\/2025\/12\/IMG_20251203_103804-1024x769.jpg\" alt=\"\" width=\"843\" height=\"633\" srcset=\"https:\/\/blogsaverroes.juntadeandalucia.es\/cprjosegarcialainez\/files\/2025\/12\/IMG_20251203_103804-1024x769.jpg 1024w, https:\/\/blogsaverroes.juntadeandalucia.es\/cprjosegarcialainez\/files\/2025\/12\/IMG_20251203_103804-300x225.jpg 300w, https:\/\/blogsaverroes.juntadeandalucia.es\/cprjosegarcialainez\/files\/2025\/12\/IMG_20251203_103804-768x577.jpg 768w, https:\/\/blogsaverroes.juntadeandalucia.es\/cprjosegarcialainez\/files\/2025\/12\/IMG_20251203_103804-1536x1153.jpg 1536w, https:\/\/blogsaverroes.juntadeandalucia.es\/cprjosegarcialainez\/files\/2025\/12\/IMG_20251203_103804-2048x1538.jpg 2048w, https:\/\/blogsaverroes.juntadeandalucia.es\/cprjosegarcialainez\/files\/2025\/12\/IMG_20251203_103804.jpg 1600w\" sizes=\"(max-width: 843px) 100vw, 843px\" \/><\/a> <a href=\"https:\/\/blogsaverroes.juntadeandalucia.es\/cprjosegarcialainez\/files\/2025\/12\/IMG_20251203_105131.jpg\"><img loading=\"lazy\" decoding=\"async\" class=\"alignnone size-large wp-image-6407\" src=\"https:\/\/blogsaverroes.juntadeandalucia.es\/cprjosegarcialainez\/files\/2025\/12\/IMG_20251203_105131-1024x769.jpg\" alt=\"\" width=\"843\" height=\"633\" srcset=\"https:\/\/blogsaverroes.juntadeandalucia.es\/cprjosegarcialainez\/files\/2025\/12\/IMG_20251203_105131-1024x769.jpg 1024w, https:\/\/blogsaverroes.juntadeandalucia.es\/cprjosegarcialainez\/files\/2025\/12\/IMG_20251203_105131-300x225.jpg 300w, https:\/\/blogsaverroes.juntadeandalucia.es\/cprjosegarcialainez\/files\/2025\/12\/IMG_20251203_105131-768x577.jpg 768w, https:\/\/blogsaverroes.juntadeandalucia.es\/cprjosegarcialainez\/files\/2025\/12\/IMG_20251203_105131-1536x1153.jpg 1536w, https:\/\/blogsaverroes.juntadeandalucia.es\/cprjosegarcialainez\/files\/2025\/12\/IMG_20251203_105131-2048x1538.jpg 2048w\" sizes=\"(max-width: 843px) 100vw, 843px\" \/><\/a> <a href=\"https:\/\/blogsaverroes.juntadeandalucia.es\/cprjosegarcialainez\/files\/2025\/12\/IMG_20251203_105826.jpg\"><img loading=\"lazy\" decoding=\"async\" class=\"alignnone size-large wp-image-6408\" src=\"https:\/\/blogsaverroes.juntadeandalucia.es\/cprjosegarcialainez\/files\/2025\/12\/IMG_20251203_105826-1024x769.jpg\" alt=\"\" width=\"843\" height=\"633\" srcset=\"https:\/\/blogsaverroes.juntadeandalucia.es\/cprjosegarcialainez\/files\/2025\/12\/IMG_20251203_105826-1024x769.jpg 1024w, https:\/\/blogsaverroes.juntadeandalucia.es\/cprjosegarcialainez\/files\/2025\/12\/IMG_20251203_105826-300x225.jpg 300w, https:\/\/blogsaverroes.juntadeandalucia.es\/cprjosegarcialainez\/files\/2025\/12\/IMG_20251203_105826-768x577.jpg 768w, https:\/\/blogsaverroes.juntadeandalucia.es\/cprjosegarcialainez\/files\/2025\/12\/IMG_20251203_105826-1536x1153.jpg 1536w, https:\/\/blogsaverroes.juntadeandalucia.es\/cprjosegarcialainez\/files\/2025\/12\/IMG_20251203_105826-2048x1538.jpg 2048w, https:\/\/blogsaverroes.juntadeandalucia.es\/cprjosegarcialainez\/files\/2025\/12\/IMG_20251203_105826.jpg 1600w\" sizes=\"(max-width: 843px) 100vw, 843px\" \/><\/a> <a href=\"https:\/\/blogsaverroes.juntadeandalucia.es\/cprjosegarcialainez\/files\/2025\/12\/IMG_20251203_111735.jpg\"><img loading=\"lazy\" decoding=\"async\" class=\"alignnone size-large wp-image-6409\" src=\"https:\/\/blogsaverroes.juntadeandalucia.es\/cprjosegarcialainez\/files\/2025\/12\/IMG_20251203_111735-1024x769.jpg\" alt=\"\" width=\"843\" height=\"633\" srcset=\"https:\/\/blogsaverroes.juntadeandalucia.es\/cprjosegarcialainez\/files\/2025\/12\/IMG_20251203_111735-1024x769.jpg 1024w, https:\/\/blogsaverroes.juntadeandalucia.es\/cprjosegarcialainez\/files\/2025\/12\/IMG_20251203_111735-300x225.jpg 300w, https:\/\/blogsaverroes.juntadeandalucia.es\/cprjosegarcialainez\/files\/2025\/12\/IMG_20251203_111735-768x577.jpg 768w, https:\/\/blogsaverroes.juntadeandalucia.es\/cprjosegarcialainez\/files\/2025\/12\/IMG_20251203_111735-1536x1153.jpg 1536w, https:\/\/blogsaverroes.juntadeandalucia.es\/cprjosegarcialainez\/files\/2025\/12\/IMG_20251203_111735-2048x1538.jpg 2048w, https:\/\/blogsaverroes.juntadeandalucia.es\/cprjosegarcialainez\/files\/2025\/12\/IMG_20251203_111735.jpg 1600w\" sizes=\"(max-width: 843px) 100vw, 843px\" \/><\/a> <a href=\"https:\/\/blogsaverroes.juntadeandalucia.es\/cprjosegarcialainez\/files\/2025\/12\/IMG_20251203_115938.jpg\"><img loading=\"lazy\" decoding=\"async\" class=\"alignnone size-large wp-image-6410\" src=\"https:\/\/blogsaverroes.juntadeandalucia.es\/cprjosegarcialainez\/files\/2025\/12\/IMG_20251203_115938-1024x769.jpg\" alt=\"\" width=\"843\" height=\"633\" srcset=\"https:\/\/blogsaverroes.juntadeandalucia.es\/cprjosegarcialainez\/files\/2025\/12\/IMG_20251203_115938-1024x769.jpg 1024w, https:\/\/blogsaverroes.juntadeandalucia.es\/cprjosegarcialainez\/files\/2025\/12\/IMG_20251203_115938-300x225.jpg 300w, https:\/\/blogsaverroes.juntadeandalucia.es\/cprjosegarcialainez\/files\/2025\/12\/IMG_20251203_115938-768x577.jpg 768w, https:\/\/blogsaverroes.juntadeandalucia.es\/cprjosegarcialainez\/files\/2025\/12\/IMG_20251203_115938-1536x1153.jpg 1536w, https:\/\/blogsaverroes.juntadeandalucia.es\/cprjosegarcialainez\/files\/2025\/12\/IMG_20251203_115938-2048x1538.jpg 2048w, https:\/\/blogsaverroes.juntadeandalucia.es\/cprjosegarcialainez\/files\/2025\/12\/IMG_20251203_115938.jpg 1600w\" sizes=\"(max-width: 843px) 100vw, 843px\" \/><\/a> <a href=\"https:\/\/blogsaverroes.juntadeandalucia.es\/cprjosegarcialainez\/files\/2025\/12\/WhatsApp-Image-2025-12-03-at-19.13.16.jpeg\"><img loading=\"lazy\" decoding=\"async\" class=\"alignnone size-large wp-image-6411\" src=\"https:\/\/blogsaverroes.juntadeandalucia.es\/cprjosegarcialainez\/files\/2025\/12\/WhatsApp-Image-2025-12-03-at-19.13.16-768x1024.jpeg\" alt=\"\" width=\"768\" height=\"1024\" srcset=\"https:\/\/blogsaverroes.juntadeandalucia.es\/cprjosegarcialainez\/files\/2025\/12\/WhatsApp-Image-2025-12-03-at-19.13.16-768x1024.jpeg 768w, https:\/\/blogsaverroes.juntadeandalucia.es\/cprjosegarcialainez\/files\/2025\/12\/WhatsApp-Image-2025-12-03-at-19.13.16-225x300.jpeg 225w, https:\/\/blogsaverroes.juntadeandalucia.es\/cprjosegarcialainez\/files\/2025\/12\/WhatsApp-Image-2025-12-03-at-19.13.16-1152x1536.jpeg 1152w, https:\/\/blogsaverroes.juntadeandalucia.es\/cprjosegarcialainez\/files\/2025\/12\/WhatsApp-Image-2025-12-03-at-19.13.16.jpeg 1200w\" sizes=\"(max-width: 768px) 100vw, 768px\" \/><\/a> <a href=\"https:\/\/blogsaverroes.juntadeandalucia.es\/cprjosegarcialainez\/files\/2025\/12\/WhatsApp-Image-2025-12-03-at-19.13.26.jpeg\"><img loading=\"lazy\" decoding=\"async\" class=\"alignnone size-large wp-image-6412\" src=\"https:\/\/blogsaverroes.juntadeandalucia.es\/cprjosegarcialainez\/files\/2025\/12\/WhatsApp-Image-2025-12-03-at-19.13.26-768x1024.jpeg\" alt=\"\" width=\"768\" height=\"1024\" srcset=\"https:\/\/blogsaverroes.juntadeandalucia.es\/cprjosegarcialainez\/files\/2025\/12\/WhatsApp-Image-2025-12-03-at-19.13.26-768x1024.jpeg 768w, https:\/\/blogsaverroes.juntadeandalucia.es\/cprjosegarcialainez\/files\/2025\/12\/WhatsApp-Image-2025-12-03-at-19.13.26-225x300.jpeg 225w, https:\/\/blogsaverroes.juntadeandalucia.es\/cprjosegarcialainez\/files\/2025\/12\/WhatsApp-Image-2025-12-03-at-19.13.26-1152x1536.jpeg 1152w, https:\/\/blogsaverroes.juntadeandalucia.es\/cprjosegarcialainez\/files\/2025\/12\/WhatsApp-Image-2025-12-03-at-19.13.26.jpeg 1200w\" sizes=\"(max-width: 768px) 100vw, 768px\" \/><\/a> <a href=\"https:\/\/blogsaverroes.juntadeandalucia.es\/cprjosegarcialainez\/files\/2025\/12\/WhatsApp-Image-2025-12-03-at-19.13.37-1.jpeg\"><img loading=\"lazy\" decoding=\"async\" class=\"alignnone size-large wp-image-6413\" src=\"https:\/\/blogsaverroes.juntadeandalucia.es\/cprjosegarcialainez\/files\/2025\/12\/WhatsApp-Image-2025-12-03-at-19.13.37-1-1024x768.jpeg\" alt=\"\" width=\"843\" height=\"632\" srcset=\"https:\/\/blogsaverroes.juntadeandalucia.es\/cprjosegarcialainez\/files\/2025\/12\/WhatsApp-Image-2025-12-03-at-19.13.37-1-1024x768.jpeg 1024w, https:\/\/blogsaverroes.juntadeandalucia.es\/cprjosegarcialainez\/files\/2025\/12\/WhatsApp-Image-2025-12-03-at-19.13.37-1-300x225.jpeg 300w, https:\/\/blogsaverroes.juntadeandalucia.es\/cprjosegarcialainez\/files\/2025\/12\/WhatsApp-Image-2025-12-03-at-19.13.37-1-768x576.jpeg 768w, https:\/\/blogsaverroes.juntadeandalucia.es\/cprjosegarcialainez\/files\/2025\/12\/WhatsApp-Image-2025-12-03-at-19.13.37-1-1536x1152.jpeg 1536w, https:\/\/blogsaverroes.juntadeandalucia.es\/cprjosegarcialainez\/files\/2025\/12\/WhatsApp-Image-2025-12-03-at-19.13.37-1.jpeg 1600w\" sizes=\"(max-width: 843px) 100vw, 843px\" \/><\/a> <a href=\"https:\/\/blogsaverroes.juntadeandalucia.es\/cprjosegarcialainez\/files\/2025\/12\/WhatsApp-Image-2025-12-03-at-19.13.38-1.jpeg\"><img loading=\"lazy\" decoding=\"async\" class=\"alignnone size-large wp-image-6414\" src=\"https:\/\/blogsaverroes.juntadeandalucia.es\/cprjosegarcialainez\/files\/2025\/12\/WhatsApp-Image-2025-12-03-at-19.13.38-1-1024x768.jpeg\" alt=\"\" width=\"843\" height=\"632\" srcset=\"https:\/\/blogsaverroes.juntadeandalucia.es\/cprjosegarcialainez\/files\/2025\/12\/WhatsApp-Image-2025-12-03-at-19.13.38-1-1024x768.jpeg 1024w, https:\/\/blogsaverroes.juntadeandalucia.es\/cprjosegarcialainez\/files\/2025\/12\/WhatsApp-Image-2025-12-03-at-19.13.38-1-300x225.jpeg 300w, https:\/\/blogsaverroes.juntadeandalucia.es\/cprjosegarcialainez\/files\/2025\/12\/WhatsApp-Image-2025-12-03-at-19.13.38-1-768x576.jpeg 768w, https:\/\/blogsaverroes.juntadeandalucia.es\/cprjosegarcialainez\/files\/2025\/12\/WhatsApp-Image-2025-12-03-at-19.13.38-1-1536x1152.jpeg 1536w, https:\/\/blogsaverroes.juntadeandalucia.es\/cprjosegarcialainez\/files\/2025\/12\/WhatsApp-Image-2025-12-03-at-19.13.38-1.jpeg 1600w\" sizes=\"(max-width: 843px) 100vw, 843px\" \/><\/a> <a href=\"https:\/\/blogsaverroes.juntadeandalucia.es\/cprjosegarcialainez\/files\/2025\/12\/WhatsApp-Image-2025-12-03-at-19.13.38-2.jpeg\"><img loading=\"lazy\" decoding=\"async\" class=\"alignnone size-large wp-image-6415\" src=\"https:\/\/blogsaverroes.juntadeandalucia.es\/cprjosegarcialainez\/files\/2025\/12\/WhatsApp-Image-2025-12-03-at-19.13.38-2-1024x768.jpeg\" alt=\"\" width=\"843\" height=\"632\" srcset=\"https:\/\/blogsaverroes.juntadeandalucia.es\/cprjosegarcialainez\/files\/2025\/12\/WhatsApp-Image-2025-12-03-at-19.13.38-2-1024x768.jpeg 1024w, https:\/\/blogsaverroes.juntadeandalucia.es\/cprjosegarcialainez\/files\/2025\/12\/WhatsApp-Image-2025-12-03-at-19.13.38-2-300x225.jpeg 300w, https:\/\/blogsaverroes.juntadeandalucia.es\/cprjosegarcialainez\/files\/2025\/12\/WhatsApp-Image-2025-12-03-at-19.13.38-2-768x576.jpeg 768w, https:\/\/blogsaverroes.juntadeandalucia.es\/cprjosegarcialainez\/files\/2025\/12\/WhatsApp-Image-2025-12-03-at-19.13.38-2-1536x1152.jpeg 1536w, https:\/\/blogsaverroes.juntadeandalucia.es\/cprjosegarcialainez\/files\/2025\/12\/WhatsApp-Image-2025-12-03-at-19.13.38-2.jpeg 1600w\" sizes=\"(max-width: 843px) 100vw, 843px\" \/><\/a> <a href=\"https:\/\/blogsaverroes.juntadeandalucia.es\/cprjosegarcialainez\/files\/2025\/12\/WhatsApp-Image-2025-12-03-at-19.13.38-3.jpeg\"><img loading=\"lazy\" decoding=\"async\" class=\"alignnone size-large wp-image-6416\" src=\"https:\/\/blogsaverroes.juntadeandalucia.es\/cprjosegarcialainez\/files\/2025\/12\/WhatsApp-Image-2025-12-03-at-19.13.38-3-1024x768.jpeg\" alt=\"\" width=\"843\" height=\"632\" srcset=\"https:\/\/blogsaverroes.juntadeandalucia.es\/cprjosegarcialainez\/files\/2025\/12\/WhatsApp-Image-2025-12-03-at-19.13.38-3-1024x768.jpeg 1024w, https:\/\/blogsaverroes.juntadeandalucia.es\/cprjosegarcialainez\/files\/2025\/12\/WhatsApp-Image-2025-12-03-at-19.13.38-3-300x225.jpeg 300w, https:\/\/blogsaverroes.juntadeandalucia.es\/cprjosegarcialainez\/files\/2025\/12\/WhatsApp-Image-2025-12-03-at-19.13.38-3-768x576.jpeg 768w, https:\/\/blogsaverroes.juntadeandalucia.es\/cprjosegarcialainez\/files\/2025\/12\/WhatsApp-Image-2025-12-03-at-19.13.38-3-1536x1152.jpeg 1536w, https:\/\/blogsaverroes.juntadeandalucia.es\/cprjosegarcialainez\/files\/2025\/12\/WhatsApp-Image-2025-12-03-at-19.13.38-3.jpeg 1600w\" sizes=\"(max-width: 843px) 100vw, 843px\" \/><\/a> <a href=\"https:\/\/blogsaverroes.juntadeandalucia.es\/cprjosegarcialainez\/files\/2025\/12\/WhatsApp-Image-2025-12-03-at-19.13.39-2.jpeg\"><img loading=\"lazy\" decoding=\"async\" class=\"alignnone size-large wp-image-6417\" src=\"https:\/\/blogsaverroes.juntadeandalucia.es\/cprjosegarcialainez\/files\/2025\/12\/WhatsApp-Image-2025-12-03-at-19.13.39-2-1024x768.jpeg\" alt=\"\" width=\"843\" height=\"632\" srcset=\"https:\/\/blogsaverroes.juntadeandalucia.es\/cprjosegarcialainez\/files\/2025\/12\/WhatsApp-Image-2025-12-03-at-19.13.39-2-1024x768.jpeg 1024w, https:\/\/blogsaverroes.juntadeandalucia.es\/cprjosegarcialainez\/files\/2025\/12\/WhatsApp-Image-2025-12-03-at-19.13.39-2-300x225.jpeg 300w, https:\/\/blogsaverroes.juntadeandalucia.es\/cprjosegarcialainez\/files\/2025\/12\/WhatsApp-Image-2025-12-03-at-19.13.39-2-768x576.jpeg 768w, https:\/\/blogsaverroes.juntadeandalucia.es\/cprjosegarcialainez\/files\/2025\/12\/WhatsApp-Image-2025-12-03-at-19.13.39-2-1536x1152.jpeg 1536w, https:\/\/blogsaverroes.juntadeandalucia.es\/cprjosegarcialainez\/files\/2025\/12\/WhatsApp-Image-2025-12-03-at-19.13.39-2.jpeg 1600w\" sizes=\"(max-width: 843px) 100vw, 843px\" \/><\/a> <a href=\"https:\/\/blogsaverroes.juntadeandalucia.es\/cprjosegarcialainez\/files\/2025\/12\/WhatsApp-Image-2025-12-03-at-19.13.41.jpeg\"><img loading=\"lazy\" decoding=\"async\" class=\"alignnone size-large wp-image-6418\" src=\"https:\/\/blogsaverroes.juntadeandalucia.es\/cprjosegarcialainez\/files\/2025\/12\/WhatsApp-Image-2025-12-03-at-19.13.41-1024x768.jpeg\" alt=\"\" width=\"843\" height=\"632\" srcset=\"https:\/\/blogsaverroes.juntadeandalucia.es\/cprjosegarcialainez\/files\/2025\/12\/WhatsApp-Image-2025-12-03-at-19.13.41-1024x768.jpeg 1024w, https:\/\/blogsaverroes.juntadeandalucia.es\/cprjosegarcialainez\/files\/2025\/12\/WhatsApp-Image-2025-12-03-at-19.13.41-300x225.jpeg 300w, https:\/\/blogsaverroes.juntadeandalucia.es\/cprjosegarcialainez\/files\/2025\/12\/WhatsApp-Image-2025-12-03-at-19.13.41-768x576.jpeg 768w, https:\/\/blogsaverroes.juntadeandalucia.es\/cprjosegarcialainez\/files\/2025\/12\/WhatsApp-Image-2025-12-03-at-19.13.41-1536x1152.jpeg 1536w, https:\/\/blogsaverroes.juntadeandalucia.es\/cprjosegarcialainez\/files\/2025\/12\/WhatsApp-Image-2025-12-03-at-19.13.41.jpeg 1600w\" sizes=\"(max-width: 843px) 100vw, 843px\" \/><\/a><\/p>\n","protected":false},"excerpt":{"rendered":"<p>Los d\u00edas 3 y 4 de diciembre, los alumnos y alumnas del CPR JOS\u00c9 GARC\u00cdA L\u00c1INEZ, realizaron una actividad muy divertida y educativa en la&hellip;<\/p>\n","protected":false},"author":6061,"featured_media":6399,"comment_status":"open","ping_status":"open","sticky":false,"template":"","format":"standard","meta":{"ngg_post_thumbnail":0,"footnotes":""},"categories":[5991,213,25490,307390,1696,526],"tags":[],"aioseo_notices":[],"_links":{"self":[{"href":"https:\/\/blogsaverroes.juntadeandalucia.es\/cprjosegarcialainez\/wp-json\/wp\/v2\/posts\/6398"}],"collection":[{"href":"https:\/\/blogsaverroes.juntadeandalucia.es\/cprjosegarcialainez\/wp-json\/wp\/v2\/posts"}],"about":[{"href":"https:\/\/blogsaverroes.juntadeandalucia.es\/cprjosegarcialainez\/wp-json\/wp\/v2\/types\/post"}],"author":[{"embeddable":true,"href":"https:\/\/blogsaverroes.juntadeandalucia.es\/cprjosegarcialainez\/wp-json\/wp\/v2\/users\/6061"}],"replies":[{"embeddable":true,"href":"https:\/\/blogsaverroes.juntadeandalucia.es\/cprjosegarcialainez\/wp-json\/wp\/v2\/comments?post=6398"}],"version-history":[{"count":1,"href":"https:\/\/blogsaverroes.juntadeandalucia.es\/cprjosegarcialainez\/wp-json\/wp\/v2\/posts\/6398\/revisions"}],"predecessor-version":[{"id":6419,"href":"https:\/\/blogsaverroes.juntadeandalucia.es\/cprjosegarcialainez\/wp-json\/wp\/v2\/posts\/6398\/revisions\/6419"}],"wp:featuredmedia":[{"embeddable":true,"href":"https:\/\/blogsaverroes.juntadeandalucia.es\/cprjosegarcialainez\/wp-json\/wp\/v2\/media\/6399"}],"wp:attachment":[{"href":"https:\/\/blogsaverroes.juntadeandalucia.es\/cprjosegarcialainez\/wp-json\/wp\/v2\/media?parent=6398"}],"wp:term":[{"taxonomy":"category","embeddable":true,"href":"https:\/\/blogsaverroes.juntadeandalucia.es\/cprjosegarcialainez\/wp-json\/wp\/v2\/categories?post=6398"},{"taxonomy":"post_tag","embeddable":true,"href":"https:\/\/blogsaverroes.juntadeandalucia.es\/cprjosegarcialainez\/wp-json\/wp\/v2\/tags?post=6398"}],"curies":[{"name":"wp","href":"https:\/\/api.w.org\/{rel}","templated":true}]}}