{"id":1022,"date":"2020-04-21T15:26:00","date_gmt":"2020-04-21T14:26:00","guid":{"rendered":"https:\/\/blogsaverroes.juntadeandalucia.es\/cprlasramblas\/habitos-saludables\/"},"modified":"2020-04-21T15:26:00","modified_gmt":"2020-04-21T14:26:00","slug":"habitos-saludables","status":"publish","type":"post","link":"https:\/\/blogsaverroes.juntadeandalucia.es\/cprlasramblas\/habitos-saludables\/","title":{"rendered":"H\u00c1BITOS SALUDABLES"},"content":{"rendered":"<p><!--[if gte mso 9]&gt;    &lt;![endif]--><!--[if gte mso 9]&gt;   Normal  0      21      false  false  false    ES  X-NONE  X-NONE                                                                    &lt;![endif]--><!--[if gte mso 9]&gt;                                                                                                                                                                                                                                                                                    &lt;![endif]--><!--[if gte mso 10]&gt;&lt;![endif]--> <\/p>\n<div style=\"line-height: normal\"><span style=\"color: black;font-size: 12.0pt\">Chicos\/as como sab\u00e9is en esta situaci\u00f3n especial tenemos que cuidar nuestra alimentaci\u00f3n y realizar algo de ejercicio.<\/span><\/div>\n<div style=\"line-height: normal\"><\/div>\n<div style=\"line-height: normal\"><span style=\"color: black;font-size: 12.0pt\">Desde el programa creciendo en salud, quer\u00eda informaros que:<\/span><\/div>\n<div style=\"line-height: normal\"><\/div>\n<div style=\"line-height: normal\"><span style=\"color: black;font-size: 12.0pt\">Se pone en marcha el Programa de TV :<\/span><\/div>\n<div style=\"line-height: normal\"><\/div>\n<div style=\"line-height: normal\"><span style=\"color: black;font-size: 12.0pt\">\u201c<b>El cole en casa con la Banda\u201d<\/b> del lunes a viernes <u>en TV Andaluc\u00eda en horario de 17:00h a 19:00h<\/u><\/span><\/div>\n<div style=\"line-height: normal\"><\/div>\n<div style=\"line-height: normal\"><span style=\"color: black;font-size: 12.0pt\">En el que se incluye una secci\u00f3n de Educaci\u00f3n Emocional:<\/span><\/div>\n<div align=\"center\" style=\"line-height: normal;text-align: center\"><\/div>\n<div align=\"center\" style=\"line-height: normal;text-align: center\"><b><u><span style=\"color: black;font-size: 12.0pt\">\u201c Creciendo en Emociones con Tobi\u201d<\/span><\/u><\/b><\/div>\n<div><\/div>\n<div><span style=\"color: black;font-size: 12.0pt;line-height: 115%\">Os invito a que lo ve\u00e1is. Entre otras cosas pod\u00e9is aprender cosas muy divertidas. <\/span><\/div>\n<div><\/div>\n<div><\/div>\n<div><span style=\"color: black;font-size: 12.0pt;line-height: 115%\">Un besito grande.<\/span><\/div>\n","protected":false},"excerpt":{"rendered":"<p>Chicos\/as como sab\u00e9is en esta situaci\u00f3n especial tenemos que cuidar nuestra alimentaci\u00f3n y realizar algo de ejercicio. Desde el programa creciendo en salud, quer\u00eda informaros que: Se pone en marcha el Programa de TV : \u201cEl cole en casa con la Banda\u201d del lunes a viernes en TV Andaluc\u00eda en horario de 17:00h a 19:00h [&hellip;]<\/p>\n","protected":false},"author":4497,"featured_media":0,"comment_status":"closed","ping_status":"open","sticky":false,"template":"","format":"standard","meta":{"_et_pb_use_builder":"","_et_pb_old_content":"","_et_gb_content_width":"","ngg_post_thumbnail":0,"footnotes":""},"categories":[20],"tags":[],"aioseo_notices":[],"_links":{"self":[{"href":"https:\/\/blogsaverroes.juntadeandalucia.es\/cprlasramblas\/wp-json\/wp\/v2\/posts\/1022"}],"collection":[{"href":"https:\/\/blogsaverroes.juntadeandalucia.es\/cprlasramblas\/wp-json\/wp\/v2\/posts"}],"about":[{"href":"https:\/\/blogsaverroes.juntadeandalucia.es\/cprlasramblas\/wp-json\/wp\/v2\/types\/post"}],"author":[{"embeddable":true,"href":"https:\/\/blogsaverroes.juntadeandalucia.es\/cprlasramblas\/wp-json\/wp\/v2\/users\/4497"}],"replies":[{"embeddable":true,"href":"https:\/\/blogsaverroes.juntadeandalucia.es\/cprlasramblas\/wp-json\/wp\/v2\/comments?post=1022"}],"version-history":[{"count":0,"href":"https:\/\/blogsaverroes.juntadeandalucia.es\/cprlasramblas\/wp-json\/wp\/v2\/posts\/1022\/revisions"}],"wp:attachment":[{"href":"https:\/\/blogsaverroes.juntadeandalucia.es\/cprlasramblas\/wp-json\/wp\/v2\/media?parent=1022"}],"wp:term":[{"taxonomy":"category","embeddable":true,"href":"https:\/\/blogsaverroes.juntadeandalucia.es\/cprlasramblas\/wp-json\/wp\/v2\/categories?post=1022"},{"taxonomy":"post_tag","embeddable":true,"href":"https:\/\/blogsaverroes.juntadeandalucia.es\/cprlasramblas\/wp-json\/wp\/v2\/tags?post=1022"}],"curies":[{"name":"wp","href":"https:\/\/api.w.org\/{rel}","templated":true}]}}