{"id":1374,"date":"2022-12-26T10:15:05","date_gmt":"2022-12-26T09:15:05","guid":{"rendered":"https:\/\/blogsaverroes.juntadeandalucia.es\/cprlasramblas\/?p=1374"},"modified":"2023-04-14T18:27:43","modified_gmt":"2023-04-14T17:27:43","slug":"dia-de-reposteria","status":"publish","type":"post","link":"https:\/\/blogsaverroes.juntadeandalucia.es\/cprlasramblas\/dia-de-reposteria\/","title":{"rendered":"D\u00cdA DE REPOSTER\u00cdA"},"content":{"rendered":"<p>El jueves 22 de diciembre el alumnado de Infantil se remang\u00f3 las mangas, se puso el delantal y prepararon unas riqu\u00edsimas galletas. Aqu\u00ed os dejamos un v\u00eddeo para que pod\u00e1is ver lo bien que se lo pasaron.&nbsp;<\/p>\n<p>Para poder ver el v\u00eddeo pulsad en la galleta de jengibre.<\/p>\n<p><a href=\"https:\/\/drive.google.com\/file\/d\/1yeLQuZuU9tPLtrtk7Q35dGn6slNxaIyh\/view?usp=share_link\"><img loading=\"lazy\" decoding=\"async\" class=\"aligncenter size-medium wp-image-1376\" src=\"https:\/\/blogsaverroes.juntadeandalucia.es\/cprlasramblas\/files\/2022\/12\/gingerbread-g3d76e6baf_1920-224x300.png\" alt=\"\" width=\"224\" height=\"300\"><\/a><\/p>\n","protected":false},"excerpt":{"rendered":"<p>El jueves 22 de diciembre el alumnado de Infantil se remang\u00f3 las mangas, se puso el delantal y prepararon unas riqu\u00edsimas galletas. Aqu\u00ed os dejamos un v\u00eddeo para que pod\u00e1is ver lo bien que se lo pasaron.&nbsp; Para poder ver el v\u00eddeo pulsad en la galleta de jengibre.<\/p>\n","protected":false},"author":12865,"featured_media":1376,"comment_status":"open","ping_status":"open","sticky":false,"template":"","format":"standard","meta":{"_et_pb_use_builder":"","_et_pb_old_content":"","_et_gb_content_width":"","ngg_post_thumbnail":0,"footnotes":""},"categories":[20],"tags":[],"aioseo_notices":[],"_links":{"self":[{"href":"https:\/\/blogsaverroes.juntadeandalucia.es\/cprlasramblas\/wp-json\/wp\/v2\/posts\/1374"}],"collection":[{"href":"https:\/\/blogsaverroes.juntadeandalucia.es\/cprlasramblas\/wp-json\/wp\/v2\/posts"}],"about":[{"href":"https:\/\/blogsaverroes.juntadeandalucia.es\/cprlasramblas\/wp-json\/wp\/v2\/types\/post"}],"author":[{"embeddable":true,"href":"https:\/\/blogsaverroes.juntadeandalucia.es\/cprlasramblas\/wp-json\/wp\/v2\/users\/12865"}],"replies":[{"embeddable":true,"href":"https:\/\/blogsaverroes.juntadeandalucia.es\/cprlasramblas\/wp-json\/wp\/v2\/comments?post=1374"}],"version-history":[{"count":1,"href":"https:\/\/blogsaverroes.juntadeandalucia.es\/cprlasramblas\/wp-json\/wp\/v2\/posts\/1374\/revisions"}],"predecessor-version":[{"id":1377,"href":"https:\/\/blogsaverroes.juntadeandalucia.es\/cprlasramblas\/wp-json\/wp\/v2\/posts\/1374\/revisions\/1377"}],"wp:featuredmedia":[{"embeddable":true,"href":"https:\/\/blogsaverroes.juntadeandalucia.es\/cprlasramblas\/wp-json\/wp\/v2\/media\/1376"}],"wp:attachment":[{"href":"https:\/\/blogsaverroes.juntadeandalucia.es\/cprlasramblas\/wp-json\/wp\/v2\/media?parent=1374"}],"wp:term":[{"taxonomy":"category","embeddable":true,"href":"https:\/\/blogsaverroes.juntadeandalucia.es\/cprlasramblas\/wp-json\/wp\/v2\/categories?post=1374"},{"taxonomy":"post_tag","embeddable":true,"href":"https:\/\/blogsaverroes.juntadeandalucia.es\/cprlasramblas\/wp-json\/wp\/v2\/tags?post=1374"}],"curies":[{"name":"wp","href":"https:\/\/api.w.org\/{rel}","templated":true}]}}