{"id":1671,"date":"2023-04-25T10:09:42","date_gmt":"2023-04-25T09:09:42","guid":{"rendered":"https:\/\/blogsaverroes.juntadeandalucia.es\/cprlasramblas\/?p=1671"},"modified":"2023-04-25T12:45:14","modified_gmt":"2023-04-25T11:45:14","slug":"celebramos-el-dia-del-libro","status":"publish","type":"post","link":"https:\/\/blogsaverroes.juntadeandalucia.es\/cprlasramblas\/celebramos-el-dia-del-libro\/","title":{"rendered":"Celebramos el d\u00eda del libro"},"content":{"rendered":"<p>El 23 de abril se celebra el d\u00eda del libro. Desde el cole trabajamos la lectura todos los d\u00edas, pero esta celebraci\u00f3n nos da una excusa para celebrar todo lo que nos aporta la lectura.<\/p>\n<p>El lema de este a\u00f1o en nuestro cole ha sido:&nbsp; <img loading=\"lazy\" decoding=\"async\" class=\"size-medium wp-image-1672 aligncenter\" src=\"https:\/\/blogsaverroes.juntadeandalucia.es\/cprlasramblas\/files\/2023\/04\/WhatsApp-Image-2023-04-24-at-11.41.15-267x300.jpeg\" alt=\"\" width=\"267\" height=\"300\">Es una forma de conocer lugares lejanos, otras costumbres, pa\u00edses&#8230; desde nuestro cole, nuestra casa o nuestro rinc\u00f3n favorito.<\/p>\n<div style=\"width: 1080px;\" class=\"wp-video\"><!--[if lt IE 9]><script>document.createElement('video');<\/script><![endif]-->\n<video class=\"wp-video-shortcode\" id=\"video-1671-1\" width=\"1080\" height=\"608\" preload=\"metadata\" controls=\"controls\"><source type=\"video\/mp4\" src=\"https:\/\/blogsaverroes.juntadeandalucia.es\/cprlasramblas\/files\/2023\/04\/DIA-DEL-LIBRO.mp4?_=1\" \/><a href=\"https:\/\/blogsaverroes.juntadeandalucia.es\/cprlasramblas\/files\/2023\/04\/DIA-DEL-LIBRO.mp4\">https:\/\/blogsaverroes.juntadeandalucia.es\/cprlasramblas\/files\/2023\/04\/DIA-DEL-LIBRO.mp4<\/a><\/video><\/div>\n<p style=\"text-align: center\"><em><span style=\"color: #99cc00;font-family: comic sans ms, sans-serif;font-size: 36pt\"><strong>\u00a1Feliz d\u00eda del libro!<\/strong><\/span><\/em><\/p>\n<p><img decoding=\"async\" class=\"r48jcc pT0Scc iPVvYb\" src=\"https:\/\/www.candelaria.es\/wp-content\/uploads\/2020\/04\/WhatsApp-Image-2020-04-23-at-08.24.51.jpeg\" alt=\"Feliz D\u00eda del Libro! \u2013 Candelaria\" aria-hidden=\"false\"><\/p>\n","protected":false},"excerpt":{"rendered":"<p>El 23 de abril se celebra el d\u00eda del libro. Desde el cole trabajamos la lectura todos los d\u00edas, pero esta celebraci\u00f3n nos da una excusa para celebrar todo lo que nos aporta la lectura. El lema de este a\u00f1o en nuestro cole ha sido:&nbsp; Es una forma de conocer lugares lejanos, otras costumbres, pa\u00edses&#8230; [&hellip;]<\/p>\n","protected":false},"author":16071,"featured_media":1677,"comment_status":"open","ping_status":"open","sticky":false,"template":"","format":"standard","meta":{"_et_pb_use_builder":"","_et_pb_old_content":"","_et_gb_content_width":"","ngg_post_thumbnail":0,"footnotes":""},"categories":[20,21,16,31],"tags":[128,122,34,127],"aioseo_notices":[],"_links":{"self":[{"href":"https:\/\/blogsaverroes.juntadeandalucia.es\/cprlasramblas\/wp-json\/wp\/v2\/posts\/1671"}],"collection":[{"href":"https:\/\/blogsaverroes.juntadeandalucia.es\/cprlasramblas\/wp-json\/wp\/v2\/posts"}],"about":[{"href":"https:\/\/blogsaverroes.juntadeandalucia.es\/cprlasramblas\/wp-json\/wp\/v2\/types\/post"}],"author":[{"embeddable":true,"href":"https:\/\/blogsaverroes.juntadeandalucia.es\/cprlasramblas\/wp-json\/wp\/v2\/users\/16071"}],"replies":[{"embeddable":true,"href":"https:\/\/blogsaverroes.juntadeandalucia.es\/cprlasramblas\/wp-json\/wp\/v2\/comments?post=1671"}],"version-history":[{"count":3,"href":"https:\/\/blogsaverroes.juntadeandalucia.es\/cprlasramblas\/wp-json\/wp\/v2\/posts\/1671\/revisions"}],"predecessor-version":[{"id":1678,"href":"https:\/\/blogsaverroes.juntadeandalucia.es\/cprlasramblas\/wp-json\/wp\/v2\/posts\/1671\/revisions\/1678"}],"wp:featuredmedia":[{"embeddable":true,"href":"https:\/\/blogsaverroes.juntadeandalucia.es\/cprlasramblas\/wp-json\/wp\/v2\/media\/1677"}],"wp:attachment":[{"href":"https:\/\/blogsaverroes.juntadeandalucia.es\/cprlasramblas\/wp-json\/wp\/v2\/media?parent=1671"}],"wp:term":[{"taxonomy":"category","embeddable":true,"href":"https:\/\/blogsaverroes.juntadeandalucia.es\/cprlasramblas\/wp-json\/wp\/v2\/categories?post=1671"},{"taxonomy":"post_tag","embeddable":true,"href":"https:\/\/blogsaverroes.juntadeandalucia.es\/cprlasramblas\/wp-json\/wp\/v2\/tags?post=1671"}],"curies":[{"name":"wp","href":"https:\/\/api.w.org\/{rel}","templated":true}]}}