{"id":1697,"date":"2023-05-05T09:43:41","date_gmt":"2023-05-05T08:43:41","guid":{"rendered":"https:\/\/blogsaverroes.juntadeandalucia.es\/cprlasramblas\/?p=1697"},"modified":"2023-05-05T09:43:41","modified_gmt":"2023-05-05T08:43:41","slug":"vamos-pa-la-playa","status":"publish","type":"post","link":"https:\/\/blogsaverroes.juntadeandalucia.es\/cprlasramblas\/vamos-pa-la-playa\/","title":{"rendered":"&#8220;Vamos pa la playa&#8221;"},"content":{"rendered":"<p>Para finalizar el segundo trimestre, nos hemos ido los ni\u00f1os y ni\u00f1as de infantil a dar un paseo por el entorno.<\/p>\n<p>Ya que tenemos la playa tan cerquita, hemos podido merendar en el parque y despu\u00e9s disfrutar de una ma\u00f1ana de playa haciendo monta\u00f1as, castillos y llenando nuestros zapatos de arena.<\/p>\n<p><img loading=\"lazy\" decoding=\"async\" class=\"alignnone size-medium wp-image-1699\" src=\"https:\/\/blogsaverroes.juntadeandalucia.es\/cprlasramblas\/files\/2023\/05\/WhatsApp-Image-2023-05-05-at-10.26.28-300x300.jpeg\" alt=\"\" width=\"300\" height=\"300\"> <img loading=\"lazy\" decoding=\"async\" class=\"alignnone size-medium wp-image-1700\" src=\"https:\/\/blogsaverroes.juntadeandalucia.es\/cprlasramblas\/files\/2023\/05\/WhatsApp-Image-2023-05-05-at-10.26.272-300x300.jpeg\" alt=\"\" width=\"300\" height=\"300\"> <img loading=\"lazy\" decoding=\"async\" class=\"alignnone size-medium wp-image-1701\" src=\"https:\/\/blogsaverroes.juntadeandalucia.es\/cprlasramblas\/files\/2023\/05\/WhatsApp-Image-2023-05-05-at-10.26.271-300x300.jpeg\" alt=\"\" width=\"300\" height=\"300\"> <img loading=\"lazy\" decoding=\"async\" class=\"alignnone size-medium wp-image-1702\" src=\"https:\/\/blogsaverroes.juntadeandalucia.es\/cprlasramblas\/files\/2023\/05\/WhatsApp-Image-2023-05-05-at-10.26.27-300x300.jpeg\" alt=\"\" width=\"300\" height=\"300\"> <img loading=\"lazy\" decoding=\"async\" class=\"alignnone size-medium wp-image-1703\" src=\"https:\/\/blogsaverroes.juntadeandalucia.es\/cprlasramblas\/files\/2023\/05\/WhatsApp-Image-2023-05-05-at-10.26.261-300x300.jpeg\" alt=\"\" width=\"300\" height=\"300\"> <img loading=\"lazy\" decoding=\"async\" class=\"alignnone size-medium wp-image-1704\" src=\"https:\/\/blogsaverroes.juntadeandalucia.es\/cprlasramblas\/files\/2023\/05\/WhatsApp-Image-2023-05-05-at-10.26.26-300x300.jpeg\" alt=\"\" width=\"300\" height=\"300\"><\/p>\n<p style=\"text-align: center\">\u00a1Ha sido un d\u00eda estupendo!<\/p>\n","protected":false},"excerpt":{"rendered":"<p>Para finalizar el segundo trimestre, nos hemos ido los ni\u00f1os y ni\u00f1as de infantil a dar un paseo por el entorno. Ya que tenemos la playa tan cerquita, hemos podido merendar en el parque y despu\u00e9s disfrutar de una ma\u00f1ana de playa haciendo monta\u00f1as, castillos y llenando nuestros zapatos de arena. \u00a1Ha sido un d\u00eda [&hellip;]<\/p>\n","protected":false},"author":16071,"featured_media":1698,"comment_status":"open","ping_status":"open","sticky":false,"template":"","format":"standard","meta":{"_et_pb_use_builder":"","_et_pb_old_content":"","_et_gb_content_width":"","ngg_post_thumbnail":0,"footnotes":""},"categories":[20],"tags":[114,25,131,132],"aioseo_notices":[],"_links":{"self":[{"href":"https:\/\/blogsaverroes.juntadeandalucia.es\/cprlasramblas\/wp-json\/wp\/v2\/posts\/1697"}],"collection":[{"href":"https:\/\/blogsaverroes.juntadeandalucia.es\/cprlasramblas\/wp-json\/wp\/v2\/posts"}],"about":[{"href":"https:\/\/blogsaverroes.juntadeandalucia.es\/cprlasramblas\/wp-json\/wp\/v2\/types\/post"}],"author":[{"embeddable":true,"href":"https:\/\/blogsaverroes.juntadeandalucia.es\/cprlasramblas\/wp-json\/wp\/v2\/users\/16071"}],"replies":[{"embeddable":true,"href":"https:\/\/blogsaverroes.juntadeandalucia.es\/cprlasramblas\/wp-json\/wp\/v2\/comments?post=1697"}],"version-history":[{"count":1,"href":"https:\/\/blogsaverroes.juntadeandalucia.es\/cprlasramblas\/wp-json\/wp\/v2\/posts\/1697\/revisions"}],"predecessor-version":[{"id":1705,"href":"https:\/\/blogsaverroes.juntadeandalucia.es\/cprlasramblas\/wp-json\/wp\/v2\/posts\/1697\/revisions\/1705"}],"wp:featuredmedia":[{"embeddable":true,"href":"https:\/\/blogsaverroes.juntadeandalucia.es\/cprlasramblas\/wp-json\/wp\/v2\/media\/1698"}],"wp:attachment":[{"href":"https:\/\/blogsaverroes.juntadeandalucia.es\/cprlasramblas\/wp-json\/wp\/v2\/media?parent=1697"}],"wp:term":[{"taxonomy":"category","embeddable":true,"href":"https:\/\/blogsaverroes.juntadeandalucia.es\/cprlasramblas\/wp-json\/wp\/v2\/categories?post=1697"},{"taxonomy":"post_tag","embeddable":true,"href":"https:\/\/blogsaverroes.juntadeandalucia.es\/cprlasramblas\/wp-json\/wp\/v2\/tags?post=1697"}],"curies":[{"name":"wp","href":"https:\/\/api.w.org\/{rel}","templated":true}]}}